{"id":11450,"date":"2021-05-24T06:00:17","date_gmt":"2021-05-24T06:00:17","guid":{"rendered":"http:\/\/ktbb.org\/v1\/?p=11450"},"modified":"2021-05-24T06:00:17","modified_gmt":"2021-05-24T06:00:17","slug":"arter-maras-mga-tesisindeki-pcr-merkezini-ziyaret-etti","status":"publish","type":"post","link":"https:\/\/ktbb.org\/v1\/arter-maras-mga-tesisindeki-pcr-merkezini-ziyaret-etti\/","title":{"rendered":"Arter, Mara\u015f MGA Tesisindeki PCR merkezini ziyaret etti"},"content":{"rendered":"<p>Gazima\u011fusa Belediye Ba\u015fkan\u0131 \u0130smail Arter, Belediyenin Mara\u015f Ma\u011fusa Geli\u015fim Akademisi\u2019ndeki PCR merkezini ziyaret ederek hem \u00e7al\u0131\u015fmalar\u0131 yerinde g\u00f6rd\u00fc hem de test yapt\u0131rd\u0131. Gazima\u011fusa\u2019da Mara\u015f MGA tesisinde Sa\u011fl\u0131k Bakanl\u0131\u011f\u0131 ile i\u015fbirli\u011finde Belediyeden g\u00f6revli 15 ki\u015filik ekiple devam eden \u00fccretsiz testlerde herg\u00fcn 800 ile 1000 aras\u0131nda de\u011fi\u015fen say\u0131da test yap\u0131l\u0131yor.<\/p>\n<p>Belediye Ba\u015fkan\u0131 \u0130smail Arter ziyarette yapt\u0131\u011f\u0131 konu\u015fmada, Mart 2020\u2019den beri T\u00fcrkiye ve KKTC\u2019nin ba\u015f\u0131na dert olan koronavir\u00fcs ile ilgili \u00e7al\u0131\u015fmalar\u0131n devam etti\u011fini, zaman zaman rahatlama olsa da tehlikenin devam etti\u011fine dikkat \u00e7ekti. Mara\u015f\u2019taki MGA tesisinde daha \u00f6nce spor ve k\u00fclt\u00fcr sanat etkinlikleri yap\u0131l\u0131rken, bir y\u0131ldan beridir pandemi ile ilgili m\u00fccadeleye tahsis edildi\u011fini, tesiste sa\u011fl\u0131k bakanl\u0131\u011f\u0131 ile koordinasyon ile Belediyeden g\u00f6revli 15 ki\u015filik ekiple herg\u00fcn \u00fccretsiz olarak \u00a0800-1000 aras\u0131 pcr testi yap\u0131ld\u0131\u011f\u0131n\u0131 belirtti. Edindikleri tecr\u00fcbelere g\u00f6re a\u015f\u0131 takvimi ne kadar ilerler ve a\u015f\u0131lama olursa bu i\u015fin zorlu\u011funun ortadan kalkaca\u011f\u0131n\u0131, ba\u015flang\u0131\u00e7ta olan a\u015f\u0131lama h\u0131z\u0131nda d\u00fc\u015f\u00fc\u015f oldu\u011funu, tedbirleri s\u0131k\u0131 bir \u015fekilde uygulamak gerekti\u011fini ifade eden Ba\u015fkan \u0130smail Arter \u201cbu g\u00f6rev sa\u011fl\u0131k bakanl\u0131\u011f\u0131n\u0131nd\u0131r, bu g\u00f6rev ba\u015fka bakanl\u0131klar\u0131nd\u0131r\u201d diyerek Belediyeyi bu m\u00fccadeleden ay\u0131rmad\u0131klar\u0131n\u0131 kaydetti. \u201c\u00dclke i\u00e7in b\u00f6lge i\u00e7in ne gerekiyorsa Gazima\u011fusa Belediyesi olarak yap\u0131yoruz\u201d diyen Ba\u015fkan Arter, bu i\u015fin siyasi ve reklam taraf\u0131n\u0131n da olmad\u0131\u011f\u0131n\u0131, hem denetleme hem test yapt\u0131rmak i\u00e7in tesise geldi\u011fini s\u00f6yledi. Bu s\u00fcrecin ekonomiyi de rahatlatacak \u015fekilde a\u00e7\u0131l\u0131ma d\u00f6n\u00fc\u015fmesini beklediklerini, insanlar\u0131n da kurallara uymas\u0131 gerekti\u011fini, zaman zaman istemedikleri halde hem para cezas\u0131 hem kapatma cezas\u0131 uyguland\u0131\u011f\u0131n\u0131 s\u00f6yledi. Ba\u015fkan \u0130smail Arter, yaz\u0131lan cezalardan dolay\u0131 Belediyenin ele\u015ftirildi\u011fini ancak Belediyenin g\u00f6revinin Bula\u015f\u0131c\u0131 Hastal\u0131klar \u00dcst Kurulu\u2019nun karar\u0131yla yasa g\u00fcc\u00fcnde kararname ile belediyeye g\u00f6nderilen tedbirleri uygulamak oldu\u011funu vurgulayarak, yanl\u0131\u015f bir uygulama varsa bunun d\u00fczeltilece\u011fi yerin Belediye, Polis M\u00fcd\u00fcrl\u00fc\u011f\u00fc ve Kaymakaml\u0131k olmad\u0131\u011f\u0131n\u0131, cezalar hafifletilirse ona g\u00f6re ceza yazacaklar\u0131n\u0131 kaydetti.<\/p>\n<p>&nbsp;<\/p>\n<p>&nbsp;<\/p>\n<p>&nbsp;<\/p>\n","protected":false},"excerpt":{"rendered":"<p>Gazima\u011fusa Belediye Ba\u015fkan\u0131 \u0130smail Arter, Belediyenin Mara\u015f Ma\u011fusa Geli\u015fim Akademisi\u2019ndeki [&hellip;]<\/p>\n","protected":false},"author":10,"featured_media":11451,"comment_status":"open","ping_status":"closed","sticky":false,"template":"","format":"standard","meta":{"footnotes":""},"categories":[9],"tags":[],"class_list":["post-11450","post","type-post","status-publish","format-standard","has-post-thumbnail","hentry","category-uyelerimizin-haberleri"],"_links":{"self":[{"href":"https:\/\/ktbb.org\/v1\/wp-json\/wp\/v2\/posts\/11450","targetHints":{"allow":["GET"]}}],"collection":[{"href":"https:\/\/ktbb.org\/v1\/wp-json\/wp\/v2\/posts"}],"about":[{"href":"https:\/\/ktbb.org\/v1\/wp-json\/wp\/v2\/types\/post"}],"author":[{"embeddable":true,"href":"https:\/\/ktbb.org\/v1\/wp-json\/wp\/v2\/users\/10"}],"replies":[{"embeddable":true,"href":"https:\/\/ktbb.org\/v1\/wp-json\/wp\/v2\/comments?post=11450"}],"version-history":[{"count":1,"href":"https:\/\/ktbb.org\/v1\/wp-json\/wp\/v2\/posts\/11450\/revisions"}],"predecessor-version":[{"id":11452,"href":"https:\/\/ktbb.org\/v1\/wp-json\/wp\/v2\/posts\/11450\/revisions\/11452"}],"wp:featuredmedia":[{"embeddable":true,"href":"https:\/\/ktbb.org\/v1\/wp-json\/wp\/v2\/media\/11451"}],"wp:attachment":[{"href":"https:\/\/ktbb.org\/v1\/wp-json\/wp\/v2\/media?parent=11450"}],"wp:term":[{"taxonomy":"category","embeddable":true,"href":"https:\/\/ktbb.org\/v1\/wp-json\/wp\/v2\/categories?post=11450"},{"taxonomy":"post_tag","embeddable":true,"href":"https:\/\/ktbb.org\/v1\/wp-json\/wp\/v2\/tags?post=11450"}],"curies":[{"name":"wp","href":"https:\/\/api.w.org\/{rel}","templated":true}]}}