{"id":11465,"date":"2021-05-25T07:50:06","date_gmt":"2021-05-25T07:50:06","guid":{"rendered":"http:\/\/ktbb.org\/v1\/?p=11465"},"modified":"2021-05-25T07:50:06","modified_gmt":"2021-05-25T07:50:06","slug":"girne-belediyesi-oyku-yarismasina-oyku-kabulu-devam-ediyor","status":"publish","type":"post","link":"https:\/\/ktbb.org\/v1\/girne-belediyesi-oyku-yarismasina-oyku-kabulu-devam-ediyor\/","title":{"rendered":"Girne Belediyesi \u00d6yk\u00fc Yar\u0131\u015fmas\u0131\u2019na \u00f6yk\u00fc kabul\u00fc devam ediyor"},"content":{"rendered":"<p>\u201cHayat\u0131n i\u00e7inde, hayat\u0131n d\u0131\u015f\u0131nda\u201d engelli bireylerin ya\u015fam\u0131 temas\u0131yla d\u00fczenlenen Girne Belediyesi 4\u2019\u00fcnc\u00fc \u00d6yk\u00fc Yar\u0131\u015fmas\u0131\u2019na \u00f6yk\u00fc kabul\u00fc devam ediyor. <\/p>\n<p>Girne Belediyesi\u2019nden yap\u0131lan a\u00e7\u0131klamada, 9-10-11 ya\u015f grubu, 12-13-14 ya\u015f grubu ve 15-16-17 ya\u015f grubu olarak \u00fc\u00e7 kategoride yap\u0131lacak \u00f6yk\u00fc yar\u0131\u015fmas\u0131na kat\u0131lmak isteyenlerin en ge\u00e7 1 Haziran 2021 Sal\u0131 g\u00fcn\u00fcne kadar \u00f6yk\u00fclerini Girne Belediyesi Sosyal \u0130\u015fler \u015eubesi\u2019ne veya sosyalisler@girnebelediyesi.com adresine g\u00f6ndermeleri gerekti\u011fi ifade edildi. <\/p>\n<p>Haziran ay\u0131 i\u00e7erisinde ger\u00e7ekle\u015ftirilecek de\u011ferlendirmelerin sonucunda birincilere 1000 TL, ikincilere 500 TL, \u00fc\u00e7\u00fcnc\u00fclere 300 TL \u00f6d\u00fcl verilecek. De\u011ferlendirme Kurulunda, Ceyhan \u00d6zy\u0131ld\u0131z (Yazar, Foto\u011fraf\u00e7\u0131), Y\u0131ltan Ta\u015f\u00e7\u0131 (Edebiyat\u00e7\u0131, Foto\u011fraf\u00e7\u0131), \u015eenay Sa\u00e7b\u00fcker (Oyuncu, \u00d6\u011fretim G\u00f6revlisi, \u00c7ocuk Kitab\u0131 Yazar\u0131), Ahmet Bilgili (K\u00f6\u015fe Yazar\u0131) ve Misli Kad\u0131o\u011flu (Girne Belediyesi Sosyal \u0130\u015fler Amiri) yer al\u0131yor. <\/p>\n<p>KATILIM \u015eARTLARI <\/p>\n<p>\u00d6yk\u00fc yar\u0131\u015fmas\u0131n\u0131n kat\u0131l\u0131m \u015fartlar\u0131 \u015f\u00f6yle; \u201cYar\u0131\u015fmaya kat\u0131lacak eserlerde a\u015fa\u011f\u0131daki \u015fartlar aran\u0131r.<br \/>\nYar\u0131\u015fmaya g\u00f6nderilecek \u00f6yk\u00fcler A4 \u00e7izgisiz dosya ka\u011f\u0131d\u0131na bilgisayarla ya da elle yaz\u0131lacakt\u0131r. \u00d6yk\u00fclerin daha \u00f6nce herhangi bir yar\u0131\u015fmaya kat\u0131lmam\u0131\u015f, herhangi bir yar\u0131\u015fmada \u00f6d\u00fcl almam\u0131\u015f ve herhangi bir yay\u0131n organ\u0131nda yay\u0131mlanmam\u0131\u015f olmas\u0131 gerekir. Orijinal olmayan (fotokopi olarak g\u00f6nderilen) \u00f6yk\u00fcler de\u011ferlendirmeye al\u0131nmaz. \u00d6yk\u00fcn\u00fcn herhangi bir yerinde, bir yerden al\u0131nm\u0131\u015f ve esere yap\u0131\u015ft\u0131r\u0131lm\u0131\u015f veya \u00e7izilmi\u015f resimler yer alamaz. Yar\u0131\u015fmaya g\u00f6nderilecek \u00f6yk\u00fcler 5 (be\u015f) sayfay\u0131 ge\u00e7emez. Yar\u0131\u015fmaya g\u00f6nderilecek \u00f6yk\u00fclerde s\u00f6zc\u00fck say\u0131s\u0131 400\u2019den (d\u00f6rt y\u00fcz) az, 1200\u2019den (bin iki y\u00fcz) \u00e7ok olamaz. Yar\u0131\u015fmaya g\u00f6nderilecek \u00f6yk\u00fclerin \u00f6n y\u00fcz\u00fcne \u00f6\u011frenci veya okuluyla ilgili ki\u015fisel bilgiler yaz\u0131lmaz. Ayr\u0131ca \u00f6yk\u00fclerin arka sayfas\u0131, kullan\u0131lamaz. \u00d6yk\u00fcn\u00fcn son sayfas\u0131nda \u00f6\u011frencinin ad\u0131-soyad\u0131, adresi, okulu, telefon numaras\u0131, foto\u011fraf\u0131 ve k\u0131sa \u00f6zge\u00e7mi\u015fi eklenmelidir. Yar\u0131\u015fman\u0131n \u00f6d\u00fcl t\u00f6reni Haziran ay\u0131 i\u00e7erisinde j\u00fcri \u00fcyelerinin de kat\u0131ld\u0131\u011f\u0131 bir t\u00f6ren ile yap\u0131lacakt\u0131r. Birinci f\u0131krada belirtilen \u015fartlar\u0131 ta\u015f\u0131mayan eserler de\u011ferlendirmeye al\u0131nmaz. \u00d6yk\u00fcler, 1 Haziran 2021 Sal\u0131 g\u00fcn\u00fc mesai bitimine kadar Girne Belediyesi\u2019ne kapal\u0131 zarf i\u00e7erisinde veya sosyalisler@girnebelediyesi.com adresine mail yoluyla ula\u015ft\u0131r\u0131lacakt\u0131r.<\/p>\n","protected":false},"excerpt":{"rendered":"<p>\u201cHayat\u0131n i\u00e7inde, hayat\u0131n d\u0131\u015f\u0131nda\u201d engelli bireylerin ya\u015fam\u0131 temas\u0131yla d\u00fczenlenen Girne [&hellip;]<\/p>\n","protected":false},"author":10,"featured_media":11466,"comment_status":"open","ping_status":"closed","sticky":false,"template":"","format":"standard","meta":{"footnotes":""},"categories":[9],"tags":[],"class_list":["post-11465","post","type-post","status-publish","format-standard","has-post-thumbnail","hentry","category-uyelerimizin-haberleri"],"_links":{"self":[{"href":"https:\/\/ktbb.org\/v1\/wp-json\/wp\/v2\/posts\/11465","targetHints":{"allow":["GET"]}}],"collection":[{"href":"https:\/\/ktbb.org\/v1\/wp-json\/wp\/v2\/posts"}],"about":[{"href":"https:\/\/ktbb.org\/v1\/wp-json\/wp\/v2\/types\/post"}],"author":[{"embeddable":true,"href":"https:\/\/ktbb.org\/v1\/wp-json\/wp\/v2\/users\/10"}],"replies":[{"embeddable":true,"href":"https:\/\/ktbb.org\/v1\/wp-json\/wp\/v2\/comments?post=11465"}],"version-history":[{"count":1,"href":"https:\/\/ktbb.org\/v1\/wp-json\/wp\/v2\/posts\/11465\/revisions"}],"predecessor-version":[{"id":11467,"href":"https:\/\/ktbb.org\/v1\/wp-json\/wp\/v2\/posts\/11465\/revisions\/11467"}],"wp:featuredmedia":[{"embeddable":true,"href":"https:\/\/ktbb.org\/v1\/wp-json\/wp\/v2\/media\/11466"}],"wp:attachment":[{"href":"https:\/\/ktbb.org\/v1\/wp-json\/wp\/v2\/media?parent=11465"}],"wp:term":[{"taxonomy":"category","embeddable":true,"href":"https:\/\/ktbb.org\/v1\/wp-json\/wp\/v2\/categories?post=11465"},{"taxonomy":"post_tag","embeddable":true,"href":"https:\/\/ktbb.org\/v1\/wp-json\/wp\/v2\/tags?post=11465"}],"curies":[{"name":"wp","href":"https:\/\/api.w.org\/{rel}","templated":true}]}}