{"id":11471,"date":"2021-05-25T12:35:47","date_gmt":"2021-05-25T12:35:47","guid":{"rendered":"http:\/\/ktbb.org\/v1\/?p=11471"},"modified":"2021-05-25T12:35:47","modified_gmt":"2021-05-25T12:35:47","slug":"belediyeler-birliginden-eylem-karari","status":"publish","type":"post","link":"https:\/\/ktbb.org\/v1\/belediyeler-birliginden-eylem-karari\/","title":{"rendered":"Belediyeler Birli\u011fi&#8217;nden eylem karar\u0131"},"content":{"rendered":"<p>K. T. Belediyeler Birli\u011fi Y\u00fcr\u00fctme Kurulu, bu sabah \u0130skele Belediyesi K\u00fclt\u00fcr Evi&#8217;nde topland\u0131.<\/p>\n<p>Farkl\u0131 bir g\u00fcndemle toplamaya haz\u0131rlanan Y\u00fcr\u00fctme Kurulu, toplant\u0131da, Maliye Bakanl\u0131\u011f\u0131 M\u00fcste\u015far\u0131 taraf\u0131ndan belediyelere g\u00f6nderilen karar ele al\u0131nd\u0131.<\/p>\n<p>S\u00f6z konusu karar 75 emekli belediye ba\u015fkan\u0131n\u0131n kamudan de\u011fil belediyelerden \u00f6denmesini \u00f6n g\u00f6r\u00fcyor.<\/p>\n<p>K. T. Belediyeler Birli\u011fi Y\u00fcr\u00fctme Kurulu buna ba\u011fl\u0131 olarak, yar\u0131n Ba\u015fbakanl\u0131k \u00f6n\u00fcnde eylem d\u00fczenleme karar\u0131 ald\u0131. Belediye ba\u015fkanlar\u0131 Ba\u015fbakanl\u0131k binas\u0131 \u00f6n\u00fcne y\u00fcr\u00fcyerek, 51-95 say\u0131l\u0131 Belediyeler Yasas\u0131&#8217;n\u0131n ge\u00e7mesini, emekli belediye ba\u015fkanlar\u0131n\u0131 ilgilendiren maa\u015f sorununun giderilmesini ve belediyelere Covid 19 deste\u011finin verilmesini talep edecekler.<\/p>\n<p>Sorunun \u00e7\u00f6z\u00fclmemesi durumunda ise daha geni\u015f kapsaml\u0131 bir \u015fekilde Cuma g\u00fcn\u00fc Ba\u015fbakanl\u0131k \u00f6n\u00fcnde eyleme gidilecek.<\/p>\n<p>Konuyla ilgili a\u00e7\u0131klama yapan, K. T. Belediyeler Birli\u011fi ve G\u00fczelyurt Belediye Ba\u015fkan\u0131 Mahmut \u00d6z\u00e7\u0131nar, bu tutumun kendilerini \u00fcz\u00fcp s\u0131k\u0131nt\u0131ya soktu\u011funu s\u00f6yleyerek, hali haz\u0131rda salg\u0131n nedeniyle belediyelerin gelirlerinde ciddi bir d\u00fc\u015f\u00fc\u015f ya\u015fand\u0131\u011f\u0131n\u0131 belirtti. Emekli belediye ba\u015fkanlar\u0131n\u0131n ayba\u015f\u0131 maa\u015flar\u0131n\u0131 almakta s\u0131k\u0131nt\u0131 ya\u015fayacaklar\u0131n\u0131 aktaran \u00d6z\u00e7\u0131nar, bu durumun kabul edilemez oldu\u011funu kaydetti. Ba\u015fkan \u00d6z\u00e7\u0131nar, ilk olarak \u00c7ar\u015famba g\u00fcn\u00fc belediye Ba\u015fkanlar\u0131yla birlikte Ba\u015fbakanl\u0131k Binas\u0131 \u00f6n\u00fcne y\u00fcr\u00fcyeceklerini ve s\u00f6z konusu sorunun \u00e7\u00f6z\u00fclmesini talep edeceklerini a\u00e7\u0131klayarak sorunun \u00e7\u00f6z\u00fclmemesi halinde Cuma g\u00fcn\u00fc, sendika, belediye i\u015f\u00e7i ve ara\u00e7 gere\u00e7leriyle birlikte daha geni\u015f kapsaml\u0131 bir eylem yapacaklar\u0131n\u0131 duyurdu.<\/p>\n<p>Girne Belediye Ba\u015fkan\u0131 Nidai G\u00fcng\u00f6rd\u00fc de \u201cg\u00fcndemimizde belli maddeler vard\u0131 ancak Lefko\u015fa\u2019dan \u0130skele\u2019ye do\u011fru hareket etti\u011fimizde farkl\u0131 bir g\u00fcndemle kar\u015f\u0131la\u015ft\u0131k\u201d diyerek, kovid 19 salg\u0131n\u0131 s\u00fcresince merkezi h\u00fck\u00fcmetlerin giremedi\u011fi evlere girdiklerini yard\u0131m g\u00f6t\u00fcrd\u00fcklerini anlatt\u0131. Merkezi h\u00fck\u00fcmetin belediyeleri g\u00fc\u00e7lendirmek yerine zay\u0131flatmak i\u00e7in \u00e7e\u015fitli form\u00fcller arad\u0131\u011f\u0131n\u0131 s\u00f6yleyen G\u00fcng\u00f6rd\u00fc, 51- 95 say\u0131l\u0131 belediyeler yasas\u0131nda gereken d\u00fczenlemelerin yap\u0131l\u0131p bir an \u00f6nce y\u00fcr\u00fcrl\u00fc\u011fe girmesi gerekti\u011fini vurgulad\u0131. G\u00fcng\u00f6rd\u00fc, belediyeleri mali ve idari olarak desteklenmesi gerekti\u011fine i\u015faret ederek, belediyelere Covid 19 deste\u011finin verilmesi ve belediyelerin hak ettikleri duruma getirilmesi gerekti\u011fini s\u00f6zlerine ekledi.<\/p>\n<p>&nbsp;<\/p>\n","protected":false},"excerpt":{"rendered":"<p>K. T. Belediyeler Birli\u011fi Y\u00fcr\u00fctme Kurulu, bu sabah \u0130skele Belediyesi [&hellip;]<\/p>\n","protected":false},"author":10,"featured_media":10418,"comment_status":"open","ping_status":"closed","sticky":false,"template":"","format":"standard","meta":{"footnotes":""},"categories":[1],"tags":[],"class_list":["post-11471","post","type-post","status-publish","format-standard","has-post-thumbnail","hentry","category-birlikten-haberler"],"_links":{"self":[{"href":"https:\/\/ktbb.org\/v1\/wp-json\/wp\/v2\/posts\/11471","targetHints":{"allow":["GET"]}}],"collection":[{"href":"https:\/\/ktbb.org\/v1\/wp-json\/wp\/v2\/posts"}],"about":[{"href":"https:\/\/ktbb.org\/v1\/wp-json\/wp\/v2\/types\/post"}],"author":[{"embeddable":true,"href":"https:\/\/ktbb.org\/v1\/wp-json\/wp\/v2\/users\/10"}],"replies":[{"embeddable":true,"href":"https:\/\/ktbb.org\/v1\/wp-json\/wp\/v2\/comments?post=11471"}],"version-history":[{"count":1,"href":"https:\/\/ktbb.org\/v1\/wp-json\/wp\/v2\/posts\/11471\/revisions"}],"predecessor-version":[{"id":11472,"href":"https:\/\/ktbb.org\/v1\/wp-json\/wp\/v2\/posts\/11471\/revisions\/11472"}],"wp:featuredmedia":[{"embeddable":true,"href":"https:\/\/ktbb.org\/v1\/wp-json\/wp\/v2\/media\/10418"}],"wp:attachment":[{"href":"https:\/\/ktbb.org\/v1\/wp-json\/wp\/v2\/media?parent=11471"}],"wp:term":[{"taxonomy":"category","embeddable":true,"href":"https:\/\/ktbb.org\/v1\/wp-json\/wp\/v2\/categories?post=11471"},{"taxonomy":"post_tag","embeddable":true,"href":"https:\/\/ktbb.org\/v1\/wp-json\/wp\/v2\/tags?post=11471"}],"curies":[{"name":"wp","href":"https:\/\/api.w.org\/{rel}","templated":true}]}}