{"id":11473,"date":"2021-05-26T06:38:30","date_gmt":"2021-05-26T06:38:30","guid":{"rendered":"http:\/\/ktbb.org\/v1\/?p=11473"},"modified":"2021-05-26T06:38:30","modified_gmt":"2021-05-26T06:38:30","slug":"iskele-ve-guzelyurt-arasinda-vitaminli-isbirligi","status":"publish","type":"post","link":"https:\/\/ktbb.org\/v1\/iskele-ve-guzelyurt-arasinda-vitaminli-isbirligi\/","title":{"rendered":"\u0130skele ve G\u00fczelyurt aras\u0131nda vitaminli i\u015fbirli\u011fi"},"content":{"rendered":"<p>Son iki y\u0131ld\u0131r koronavir\u00fcs nedeni ile ada \u00e7ap\u0131nda nam salan festivallerini ger\u00e7ekle\u015ftiremeyen \u0130skele Belediyesi ile G\u00fczelyurt Belediyesi, vitaminli bir i\u015fbirli\u011fine imza att\u0131. G\u00fczelyurt Belediye Ba\u015fkan\u0131 Mahmut \u00d6z\u00e7\u0131nar, her y\u0131l G\u00fczelyurt Portakal Festivali kapsam\u0131nda \u00fccretsiz olarak da\u011f\u0131t\u0131lan portakal ve portakal suyunu, ada genelinde ilk kez \u0130skele\u2019de, \u0130skele Belediyesi K\u00fclt\u00fcr Evi\u2019nde vatanda\u015flara \u00fccretsiz da\u011f\u0131t\u0131lmas\u0131 talebini \u0130skele Belediye Ba\u015fkan\u0131 Hasan Sad\u0131ko\u011flu\u2019na iletti.  S\u00f6z konusu talebi memnuniyetle kar\u015f\u0131layan \u0130skele Belediye Ba\u015fkan\u0131 Hasan Sad\u0131ko\u011flu, G\u00fczelyurt Belediye Ba\u015fkan\u0131 Mahmut \u00d6z\u00e7\u0131nar\u2019a, vitaminli i\u015fbirli\u011finden dolay\u0131 \u015fahs\u0131 ve \u0130skele halk\u0131 ad\u0131na te\u015fekk\u00fcr etti. S\u00f6z konusu etkinlik ise d\u00fcn (25 May\u0131s) \u0130skele Belediyesi K\u00fclt\u00fcr Evi \u00f6n\u00fcnde ger\u00e7ekle\u015fti. <\/p>\n<p>G\u00dcZELYURT BELED\u0130YES\u0130, \u0130SKELE BELED\u0130YES\u0130 K\u00dcLT\u00dcR EV\u0130\u2019NDE PORTAKAL VE PORTAKAL SUYU DA\u011eITTI<br \/>\nG\u00fczelyurt Belediyesi, festivallerin pandemi dolay\u0131s\u0131yla yap\u0131lamamas\u0131ndan dolay\u0131, festivaline de ad\u0131n\u0131 verdi\u011fi portakallar\u0131, \u00fclke genelinde da\u011f\u0131tma karar\u0131 ald\u0131. Etkinli\u011fin ilki ise \u0130skele\u2019de ger\u00e7ekle\u015fti.<br \/>\n\u0130skele Belediyesi K\u00fclt\u00fcr Evi \u00f6n\u00fcnde ger\u00e7ekle\u015fen, \u0130skele Belediye Ba\u015fkan\u0131 Hasan Sad\u0131ko\u011flu ile G\u00fczelyurt Belediye Ba\u015fkan\u0131 Mahmut \u00d6z\u00e7\u0131nar\u2019\u0131n da kat\u0131ld\u0131\u011f\u0131, portakal ve portakal suyunun \u00fccretsiz da\u011f\u0131t\u0131ld\u0131\u011f\u0131 etkinli\u011fe vatanda\u015flar\u0131n ilgili yo\u011fun oldu. Pandemi kurallar\u0131 \u00e7er\u00e7evesinde d\u00fczenlenen etkinlikte vatanda\u015flar da maske kullan\u0131m\u0131na \u00f6zen g\u00f6sterdi.  <\/p>\n<p>SADIKO\u011eLU: \u201c\u0130SKELE VE G\u00dcZELYURT ADA\u2019NIN EN K\u00d6KL\u00dc 2 FEST\u0130VAL\u0130NE SAH\u0130P\u201d<br \/>\nEtkinli\u011fin ilkinin \u0130skele\u2019de ger\u00e7ekle\u015ftiriliyor olmas\u0131ndan duydu\u011fu memnuniyeti dile getiren \u0130skele Belediye Ba\u015fkan\u0131 Hasan Sad\u0131ko\u011flu, yar\u0131m as\u0131r\u0131 deviren \u0130skele Festivali gibi G\u00fczelyurt Portakal Festivali\u2019nin de \u00fclkenin en k\u00f6kl\u00fc festivallerinden biri oldu\u011funu s\u00f6yledi. Koronavir\u00fcs salg\u0131n\u0131 nedeni ile festivaller gibi bir\u00e7ok etkinliklerin ve sosyal faaliyetlerin iptal oldu\u011funu da hat\u0131rlatan Ba\u015fkan Sad\u0131ko\u011flu, bu durumu olumluya \u00e7evirerek, G\u00fczelyurt\u2019un simgesi olan portakal\u0131n ve portakal suyunun, G\u00fczelyurt Belediyesi taraf\u0131ndan \u0130skele\u2019de \u00fccretsiz olarak vatanda\u015flara da\u011f\u0131t\u0131lmas\u0131n\u0131n memnuniyet verici oldu\u011funu ifade etti. Ba\u015fkan Sad\u0131ko\u011flu, etkinli\u011fin d\u00fczenlenmesinde katk\u0131s\u0131 olan ba\u015fta G\u00fczelyurt Belediye Ba\u015fkan\u0131 Mahmut \u00d6z\u00e7\u0131nar olmak \u00fczere, meclis \u00fcyelerini ve eme\u011fi ge\u00e7en herkesi de tebrik etti. <\/p>\n<p>\u00d6Z\u00c7INAR: \u201c\u00dcLKE GENEL\u0130NDE 50 TON PORTAKAL DA\u011eITMAYI HEDEFL\u0130YORUZ\u201d<br \/>\nG\u00fczelyurt Belediye Ba\u015fkan\u0131 Mahmut \u00d6z\u00e7\u0131nar da etkinlikle ilgili yapt\u0131\u011f\u0131 a\u00e7\u0131klamada G\u00fczelyurt Portakal Festivali\u2019nin pandemi nedeni ile son iki y\u0131ld\u0131r yap\u0131lamad\u0131\u011f\u0131na dikkat \u00e7ekti.  Vatanda\u015flara ikram edilecek portakal ve portakal suyunun da\u011f\u0131t\u0131m\u0131na ilk olarak \u0130skele\u2019den ba\u015flad\u0131klar\u0131n\u0131 da ifade eden \u00d6z\u00e7\u0131nar, \u00fclke genelinde 50 ton portakal da\u011f\u0131tmay\u0131 hedeflediklerini vurgulad\u0131. Belediyelerin festivallere b\u00fcy\u00fck \u00f6nem verdi\u011finin de alt\u0131n\u0131 \u00e7izen G\u00fczelyurt Belediye Ba\u015fkan\u0131, pandemi nedeniyle s\u00f6z konusu festivalleri d\u00fczenleyemediklerinden duydu\u011fu \u00fcz\u00fcnt\u00fcy\u00fc de dile getirdi. Etkinli\u011fi ilk olarak ger\u00e7ekle\u015ftirdikleri \u0130skele\u2019de, kendilerine ev sahipli\u011fi yapan \u0130skele Belediye Ba\u015fkan\u0131 Hasan Sad\u0131ko\u011flu\u2019na da te\u015fekk\u00fcr eden \u00d6z\u00e7\u0131nar, portakal ve portakal suyundan alan vatanda\u015flara da afiyet olsun dileklerini iletti. <\/p>\n","protected":false},"excerpt":{"rendered":"<p>Son iki y\u0131ld\u0131r koronavir\u00fcs nedeni ile ada \u00e7ap\u0131nda nam salan [&hellip;]<\/p>\n","protected":false},"author":10,"featured_media":11474,"comment_status":"open","ping_status":"closed","sticky":false,"template":"","format":"standard","meta":{"footnotes":""},"categories":[9],"tags":[],"class_list":["post-11473","post","type-post","status-publish","format-standard","has-post-thumbnail","hentry","category-uyelerimizin-haberleri"],"_links":{"self":[{"href":"https:\/\/ktbb.org\/v1\/wp-json\/wp\/v2\/posts\/11473","targetHints":{"allow":["GET"]}}],"collection":[{"href":"https:\/\/ktbb.org\/v1\/wp-json\/wp\/v2\/posts"}],"about":[{"href":"https:\/\/ktbb.org\/v1\/wp-json\/wp\/v2\/types\/post"}],"author":[{"embeddable":true,"href":"https:\/\/ktbb.org\/v1\/wp-json\/wp\/v2\/users\/10"}],"replies":[{"embeddable":true,"href":"https:\/\/ktbb.org\/v1\/wp-json\/wp\/v2\/comments?post=11473"}],"version-history":[{"count":1,"href":"https:\/\/ktbb.org\/v1\/wp-json\/wp\/v2\/posts\/11473\/revisions"}],"predecessor-version":[{"id":11475,"href":"https:\/\/ktbb.org\/v1\/wp-json\/wp\/v2\/posts\/11473\/revisions\/11475"}],"wp:featuredmedia":[{"embeddable":true,"href":"https:\/\/ktbb.org\/v1\/wp-json\/wp\/v2\/media\/11474"}],"wp:attachment":[{"href":"https:\/\/ktbb.org\/v1\/wp-json\/wp\/v2\/media?parent=11473"}],"wp:term":[{"taxonomy":"category","embeddable":true,"href":"https:\/\/ktbb.org\/v1\/wp-json\/wp\/v2\/categories?post=11473"},{"taxonomy":"post_tag","embeddable":true,"href":"https:\/\/ktbb.org\/v1\/wp-json\/wp\/v2\/tags?post=11473"}],"curies":[{"name":"wp","href":"https:\/\/api.w.org\/{rel}","templated":true}]}}