{"id":11481,"date":"2021-05-26T11:27:03","date_gmt":"2021-05-26T11:27:03","guid":{"rendered":"http:\/\/ktbb.org\/v1\/?p=11481"},"modified":"2021-05-26T11:27:03","modified_gmt":"2021-05-26T11:27:03","slug":"belediye-baskanlari-taleplerini-basbakan-sanere-iletti","status":"publish","type":"post","link":"https:\/\/ktbb.org\/v1\/belediye-baskanlari-taleplerini-basbakan-sanere-iletti\/","title":{"rendered":"Belediye Ba\u015fkanlar\u0131 taleplerini, Ba\u015fbakan Saner&#8217;e iletti"},"content":{"rendered":"<p>K. T. Belediyeler Birlig\u0306i Yu\u0308ru\u0308tme Kurulu ve belediye bas\u0327kanlar\u0131 bugu\u0308n Bas\u0327bakanl\u0131g\u0306a y\u00fcr\u00fcd\u00fc.<\/p>\n<p>K. T. Belediyeler Birli\u011fi ve G\u00fczelyurt Belediye Ba\u015fkan\u0131 Mahmut \u00d6z\u00e7\u0131nar, Ba\u015fbakanl\u0131k \u00f6n\u00fcnde yapt\u0131\u011f\u0131 k\u0131sa a\u00e7\u0131klamada Bas\u0327bakan Ersan Saner taraf\u0131ndan kabul edileceklerini ve taleplerini kendisine ileteceklerini s\u00f6yledi.<\/p>\n<p><img decoding=\"async\" class=\"alignnone size-medium wp-image-11482\" src=\"http:\/\/ktbb.org\/v1\/wp-content\/uploads\/2021\/05\/5963dada-8616-4f86-a0d7-457f3b73c9c4-300x225.jpg\" alt=\"\" width=\"300\" height=\"225\" srcset=\"https:\/\/ktbb.org\/v1\/wp-content\/uploads\/2021\/05\/5963dada-8616-4f86-a0d7-457f3b73c9c4-200x150.jpg 200w, https:\/\/ktbb.org\/v1\/wp-content\/uploads\/2021\/05\/5963dada-8616-4f86-a0d7-457f3b73c9c4-300x225.jpg 300w, https:\/\/ktbb.org\/v1\/wp-content\/uploads\/2021\/05\/5963dada-8616-4f86-a0d7-457f3b73c9c4-400x300.jpg 400w, https:\/\/ktbb.org\/v1\/wp-content\/uploads\/2021\/05\/5963dada-8616-4f86-a0d7-457f3b73c9c4-600x450.jpg 600w, https:\/\/ktbb.org\/v1\/wp-content\/uploads\/2021\/05\/5963dada-8616-4f86-a0d7-457f3b73c9c4-768x576.jpg 768w, https:\/\/ktbb.org\/v1\/wp-content\/uploads\/2021\/05\/5963dada-8616-4f86-a0d7-457f3b73c9c4-800x600.jpg 800w, https:\/\/ktbb.org\/v1\/wp-content\/uploads\/2021\/05\/5963dada-8616-4f86-a0d7-457f3b73c9c4-1024x768.jpg 1024w, https:\/\/ktbb.org\/v1\/wp-content\/uploads\/2021\/05\/5963dada-8616-4f86-a0d7-457f3b73c9c4-1200x900.jpg 1200w, https:\/\/ktbb.org\/v1\/wp-content\/uploads\/2021\/05\/5963dada-8616-4f86-a0d7-457f3b73c9c4-1536x1152.jpg 1536w, https:\/\/ktbb.org\/v1\/wp-content\/uploads\/2021\/05\/5963dada-8616-4f86-a0d7-457f3b73c9c4.jpg 1600w\" sizes=\"(max-width: 300px) 100vw, 300px\" \/><\/p>\n<p>Belediye Ba\u015fkanlar\u0131, saat 12.30\u2019da biraraya geldikleri Ba\u015fbakan Ersan Saner\u2019e 51-95 say\u0131l\u0131 Belediyeler Yasas\u0131\u2019n\u0131n ge\u00e7mesi, emekli belediye ba\u015fkanlar\u0131n\u0131 ilgilendiren maa\u015f sorununun giderilmesi ve belediyelere Covid 19 deste\u011finin verilmesi y\u00f6n\u00fcndeki taleplerini iletti.<\/p>\n<p>\u00c7\u0131k\u0131\u015fta bas\u0131n mensuplar\u0131na a\u00e7\u0131klama yapan K. T. Belediyeler Birli\u011fi Y\u00fcr\u00fctme Kurulu \u00fcyesi, Girne Belediye Ba\u015fkan\u0131 Nidai G\u00fcng\u00f6rd\u00fc g\u00f6r\u00fc\u015fmenin iyi ge\u00e7ti\u011fini belirtti.<\/p>\n<p><img decoding=\"async\" class=\"alignnone size-medium wp-image-11484\" src=\"http:\/\/ktbb.org\/v1\/wp-content\/uploads\/2021\/05\/c3a9c1f1-45fc-4716-9a94-e30d763bd5a0-300x225.jpg\" alt=\"\" width=\"300\" height=\"225\" srcset=\"https:\/\/ktbb.org\/v1\/wp-content\/uploads\/2021\/05\/c3a9c1f1-45fc-4716-9a94-e30d763bd5a0-200x150.jpg 200w, https:\/\/ktbb.org\/v1\/wp-content\/uploads\/2021\/05\/c3a9c1f1-45fc-4716-9a94-e30d763bd5a0-300x225.jpg 300w, https:\/\/ktbb.org\/v1\/wp-content\/uploads\/2021\/05\/c3a9c1f1-45fc-4716-9a94-e30d763bd5a0-400x300.jpg 400w, https:\/\/ktbb.org\/v1\/wp-content\/uploads\/2021\/05\/c3a9c1f1-45fc-4716-9a94-e30d763bd5a0-600x450.jpg 600w, https:\/\/ktbb.org\/v1\/wp-content\/uploads\/2021\/05\/c3a9c1f1-45fc-4716-9a94-e30d763bd5a0-768x576.jpg 768w, https:\/\/ktbb.org\/v1\/wp-content\/uploads\/2021\/05\/c3a9c1f1-45fc-4716-9a94-e30d763bd5a0-800x600.jpg 800w, https:\/\/ktbb.org\/v1\/wp-content\/uploads\/2021\/05\/c3a9c1f1-45fc-4716-9a94-e30d763bd5a0-1024x768.jpg 1024w, https:\/\/ktbb.org\/v1\/wp-content\/uploads\/2021\/05\/c3a9c1f1-45fc-4716-9a94-e30d763bd5a0-1200x900.jpg 1200w, https:\/\/ktbb.org\/v1\/wp-content\/uploads\/2021\/05\/c3a9c1f1-45fc-4716-9a94-e30d763bd5a0-1536x1152.jpg 1536w, https:\/\/ktbb.org\/v1\/wp-content\/uploads\/2021\/05\/c3a9c1f1-45fc-4716-9a94-e30d763bd5a0.jpg 1600w\" sizes=\"(max-width: 300px) 100vw, 300px\" \/><\/p>\n<p>G\u00fcng\u00f6rd\u00fc emekli belediye ba\u015fkanlar\u0131n\u0131n maa\u015flar\u0131n\u0131n Maliye Bakanl\u0131\u011f\u0131 taraf\u0131ndan \u00f6denmeye devam edece\u011fini belirtti. G\u00fcng\u00f6rd\u00fc, 51-95 say\u0131l\u0131 Belediyeler Yasas\u0131 i\u00e7in de ivedilik verildi\u011fini ve Cuma g\u00fcn\u00fc g\u00f6r\u00fc\u015f\u00fclmeye ba\u015flanaca\u011f\u0131n\u0131 s\u00f6yledi. Bu konuda b\u00fct\u00fcn siyasi partilerden destek beklediklerini beklediklerini vurgulad\u0131.<\/p>\n<p>Belediyelere Covid 19 deste\u011finin verilmesi konusunda da \u0131srarl\u0131 olduklar\u0131n\u0131 ifade ettiklerini anlatan G\u00fcng\u00f6rd\u00fc, Ba\u015fbakan&#8217;\u0131n konunun yeniden g\u00f6r\u00fc\u015f\u00fclece\u011fini belirtti\u011fini, 15 Haziran&#8217;da yeniden biraraya geleceklerini s\u00f6yledi. G\u00fcng\u00f6rd\u00fc, e\u011fer bu konuda olumlu bir ad\u0131m at\u0131lmazsa belediyeler olarak eylem yapacaklar\u0131n\u0131 kaydetti.<\/p>\n","protected":false},"excerpt":{"rendered":"<p>K. T. Belediyeler Birlig\u0306i Yu\u0308ru\u0308tme Kurulu ve belediye bas\u0327kanlar\u0131 bugu\u0308n [&hellip;]<\/p>\n","protected":false},"author":10,"featured_media":11483,"comment_status":"open","ping_status":"closed","sticky":false,"template":"","format":"standard","meta":{"footnotes":""},"categories":[1],"tags":[],"class_list":["post-11481","post","type-post","status-publish","format-standard","has-post-thumbnail","hentry","category-birlikten-haberler"],"_links":{"self":[{"href":"https:\/\/ktbb.org\/v1\/wp-json\/wp\/v2\/posts\/11481","targetHints":{"allow":["GET"]}}],"collection":[{"href":"https:\/\/ktbb.org\/v1\/wp-json\/wp\/v2\/posts"}],"about":[{"href":"https:\/\/ktbb.org\/v1\/wp-json\/wp\/v2\/types\/post"}],"author":[{"embeddable":true,"href":"https:\/\/ktbb.org\/v1\/wp-json\/wp\/v2\/users\/10"}],"replies":[{"embeddable":true,"href":"https:\/\/ktbb.org\/v1\/wp-json\/wp\/v2\/comments?post=11481"}],"version-history":[{"count":1,"href":"https:\/\/ktbb.org\/v1\/wp-json\/wp\/v2\/posts\/11481\/revisions"}],"predecessor-version":[{"id":11485,"href":"https:\/\/ktbb.org\/v1\/wp-json\/wp\/v2\/posts\/11481\/revisions\/11485"}],"wp:featuredmedia":[{"embeddable":true,"href":"https:\/\/ktbb.org\/v1\/wp-json\/wp\/v2\/media\/11483"}],"wp:attachment":[{"href":"https:\/\/ktbb.org\/v1\/wp-json\/wp\/v2\/media?parent=11481"}],"wp:term":[{"taxonomy":"category","embeddable":true,"href":"https:\/\/ktbb.org\/v1\/wp-json\/wp\/v2\/categories?post=11481"},{"taxonomy":"post_tag","embeddable":true,"href":"https:\/\/ktbb.org\/v1\/wp-json\/wp\/v2\/tags?post=11481"}],"curies":[{"name":"wp","href":"https:\/\/api.w.org\/{rel}","templated":true}]}}