{"id":11489,"date":"2021-05-27T07:02:09","date_gmt":"2021-05-27T07:02:09","guid":{"rendered":"http:\/\/ktbb.org\/v1\/?p=11489"},"modified":"2021-05-27T07:02:09","modified_gmt":"2021-05-27T07:02:09","slug":"girne-belediye-baskani-nidai-gungordu-brt-yayincilik-tarihi-muzesini-ziyaret-etti","status":"publish","type":"post","link":"https:\/\/ktbb.org\/v1\/girne-belediye-baskani-nidai-gungordu-brt-yayincilik-tarihi-muzesini-ziyaret-etti\/","title":{"rendered":"Girne Belediye Ba\u015fkan\u0131 Nidai G\u00fcng\u00f6rd\u00fc BRT Yay\u0131nc\u0131l\u0131k Tarihi M\u00fczesi&#8217;ni Ziyaret Etti"},"content":{"rendered":"<p>Girne Belediye Ba\u015fkan\u0131 Nidai G\u00fcng\u00f6rd\u00fc ve beraberindeki heyet BRT Yay\u0131nc\u0131l\u0131k Tarihi M\u00fczesi&#8217;ni ziyaret ederek BRT M\u00fcd\u00fcr\u00fc Meryem \u00d6zkurt\u2019tan bilgi ald\u0131.<\/p>\n<p>Girne Belediyesi\u2019nden verilen bilgiye g\u00f6re, BRT M\u00fcd\u00fcr\u00fc Meryem \u00d6zkurt ve m\u00fczenin k\u00fcrat\u00f6r\u00fc Ayhatun Ate\u015fin\u2019den m\u00fcze ile ilgili bilgi alan G\u00fcng\u00f6rd\u00fc ziyareti esnas\u0131nda yapt\u0131\u011f\u0131 a\u00e7\u0131klamada; BRT m\u00fczesinin yay\u0131nc\u0131l\u0131k a\u00e7\u0131s\u0131ndan \u00f6nemli bir bellek olu\u015fturdu\u011funu, K\u0131br\u0131s T\u00fcrk toplumunun ya\u015fant\u0131s\u0131nda BRT\u2019nin \u00e7ok ayr\u0131 bir \u00f6nemi oldu\u011funa i\u015faret etti.<\/p>\n<p>G\u00fcng\u00f6rd\u00fc, m\u00fccadele y\u0131llar\u0131nda gerek ileti\u015fimin sa\u011flanmas\u0131 gerekse b\u00f6lgeler aras\u0131nda haberlerin bir noktadan ba\u015fka bir noktaya ula\u015ft\u0131r\u0131lmas\u0131nda BRT\u2019nin \u00e7ok \u00f6nemli g\u00f6revler \u00fcstlendi\u011fini s\u00f6yledi.<\/p>\n<p>BRT m\u00fczesinin yay\u0131nc\u0131l\u0131k a\u00e7\u0131s\u0131ndan \u00f6nemli bir bellek olu\u015fturdu\u011funu g\u00f6rmenin kendisini mutlu etti\u011fini kaydeden G\u00fcng\u00f6rd\u00fc, sergilenen cihazlar\u0131n yay\u0131nc\u0131l\u0131\u011f\u0131n teknik olarak hangi noktadan hangi noktaya geldi\u011fini g\u00f6stermesi a\u00e7\u0131s\u0131ndan \u00f6nemine i\u015faret etti. Konu\u015fmas\u0131nda m\u00fcze d\u00fc\u015f\u00fcncesini ortaya koyanlara ve m\u00fczenin olu\u015fmas\u0131na katk\u0131da bulunan Dr. \u0130smet Birg\u00fcl Han\u0131m\u2019a da te\u015fekk\u00fcr eden Girne Belediye Ba\u015fkan\u0131 G\u00fcng\u00f6rd\u00fc, demokrasilerde bas\u0131n yay\u0131n organlar\u0131n\u0131n g\u00f6revinin b\u00fcy\u00fck oldu\u011funu belirterek, eme\u011fi ge\u00e7en herkese te\u015fekk\u00fcr etti.<\/p>\n","protected":false},"excerpt":{"rendered":"<p>Girne Belediye Ba\u015fkan\u0131 Nidai G\u00fcng\u00f6rd\u00fc ve beraberindeki heyet BRT Yay\u0131nc\u0131l\u0131k [&hellip;]<\/p>\n","protected":false},"author":10,"featured_media":11492,"comment_status":"open","ping_status":"closed","sticky":false,"template":"","format":"standard","meta":{"footnotes":""},"categories":[9],"tags":[],"class_list":["post-11489","post","type-post","status-publish","format-standard","has-post-thumbnail","hentry","category-uyelerimizin-haberleri"],"_links":{"self":[{"href":"https:\/\/ktbb.org\/v1\/wp-json\/wp\/v2\/posts\/11489","targetHints":{"allow":["GET"]}}],"collection":[{"href":"https:\/\/ktbb.org\/v1\/wp-json\/wp\/v2\/posts"}],"about":[{"href":"https:\/\/ktbb.org\/v1\/wp-json\/wp\/v2\/types\/post"}],"author":[{"embeddable":true,"href":"https:\/\/ktbb.org\/v1\/wp-json\/wp\/v2\/users\/10"}],"replies":[{"embeddable":true,"href":"https:\/\/ktbb.org\/v1\/wp-json\/wp\/v2\/comments?post=11489"}],"version-history":[{"count":1,"href":"https:\/\/ktbb.org\/v1\/wp-json\/wp\/v2\/posts\/11489\/revisions"}],"predecessor-version":[{"id":11494,"href":"https:\/\/ktbb.org\/v1\/wp-json\/wp\/v2\/posts\/11489\/revisions\/11494"}],"wp:featuredmedia":[{"embeddable":true,"href":"https:\/\/ktbb.org\/v1\/wp-json\/wp\/v2\/media\/11492"}],"wp:attachment":[{"href":"https:\/\/ktbb.org\/v1\/wp-json\/wp\/v2\/media?parent=11489"}],"wp:term":[{"taxonomy":"category","embeddable":true,"href":"https:\/\/ktbb.org\/v1\/wp-json\/wp\/v2\/categories?post=11489"},{"taxonomy":"post_tag","embeddable":true,"href":"https:\/\/ktbb.org\/v1\/wp-json\/wp\/v2\/tags?post=11489"}],"curies":[{"name":"wp","href":"https:\/\/api.w.org\/{rel}","templated":true}]}}