{"id":11498,"date":"2021-05-27T11:52:07","date_gmt":"2021-05-27T11:52:07","guid":{"rendered":"http:\/\/ktbb.org\/v1\/?p=11498"},"modified":"2021-05-27T11:52:07","modified_gmt":"2021-05-27T11:52:07","slug":"zeytin-karikaturleri-yarismasi-web-sayfasi-guncellendi","status":"publish","type":"post","link":"https:\/\/ktbb.org\/v1\/zeytin-karikaturleri-yarismasi-web-sayfasi-guncellendi\/","title":{"rendered":"Zeytin Karikat\u00fcrleri Yar\u0131\u015fmas\u0131 Web Sayfas\u0131 G\u00fcncellendi"},"content":{"rendered":"<p>Girne Belediyesi \u2018 Zeytin Karikat\u00fcrleri\u2019 web sayfas\u0131n\u0131 takip\u00e7ilerinin eri\u015fimine yeniden a\u00e7t\u0131. <\/p>\n<p>Girne Belediyesi\u2019nin, K\u0131br\u0131s T\u00fcrk Karikat\u00fcrc\u00fcler Derne\u011fi i\u015fbirli\u011finde her y\u0131l Zeytin Festivali kapsam\u0131nda d\u00fczenledi\u011fi \u2018Zeytin Karikat\u00fcrleri\u2019 yar\u0131\u015fmas\u0131, uluslararas\u0131 d\u00fczeyde b\u00fcy\u00fck ilgi g\u00f6rmeye devam ediyor.  Bu \u00e7er\u00e7evede Girne Belediyesi, K\u0131br\u0131s T\u00fcrk Karikat\u00fcrc\u00fcler Derne\u011fi ile birlikte yar\u0131\u015fman\u0131n web sayfas\u0131n\u0131 g\u00fcncelleyerek karikat\u00fcr severlerin izlenimine sundu. <\/p>\n<p>Yeni veriler ile g\u00fcncellenen web sayfas\u0131nda yar\u0131\u015fmaya kat\u0131l\u0131m \u015fartlar\u0131, yar\u0131\u015fman\u0131n tarih\u00e7esi, ba\u015flang\u0131\u00e7tan bug\u00fcne \u00f6d\u00fcl kazanan karikat\u00fcrler, yar\u0131\u015fmada j\u00fcri \u00fcyeli\u011fi yapm\u0131\u015f t\u00fcm sanat\u00e7\u0131lar\u0131n deme\u00e7 ve r\u00f6portajlar\u0131 yer almaktad\u0131r. <\/p>\n<p>Girne Belediye Ba\u015fkan\u0131 Nidai G\u00fcng\u00f6rd\u00fc konu ile ilgili yapt\u0131\u011f\u0131 a\u00e7\u0131klamada; \u201cHer ge\u00e7en y\u0131l b\u00fcy\u00fck bir ivme kazanan yar\u0131\u015fma, uluslararas\u0131 arenada kendinden s\u00f6z ettirmektedir. \u0130nan\u0131yoruz ki, Uluslararas\u0131 Zeytin Karikat\u00fcrleri yar\u0131\u015fmas\u0131, d\u00fcnyada \u00f6nemli bir ses getirmeye ba\u015flam\u0131\u015ft\u0131r. Uluslararas\u0131 Zeytin Karikat\u00fcrleri Yar\u0131\u015fmas\u0131n\u0131n 2021 Y\u0131l\u0131 Kat\u0131l\u0131m \u015eartnamesi yar\u0131\u015fmaya eser g\u00f6nderme ile ilgili ko\u015fullar\u0131 bildiren duyurumuz web sayfam\u0131z \u00fczerinden payla\u015f\u0131lm\u0131\u015ft\u0131r. \u015eimdiden t\u00fcm kat\u0131l\u0131mc\u0131lara ba\u015far\u0131lar dilerim.<br \/>\nKarikat\u00fcr sanat\u0131n\u0131n d\u00fcnya bar\u0131\u015f\u0131na, sevgiye ho\u015fg\u00f6r\u00fcye hizmet edece\u011fine,Girne\u2019den yay\u0131lan k\u00fclt\u00fcr ve sanat \u0131\u015f\u0131\u011f\u0131 ile D\u00fcnya\u2019ya \u00e7ok \u00f6nemli mesajlar verdi\u011fimize inan\u0131yorum. Sanat\u0131n bizlere kataca\u011f\u0131 ho\u015fg\u00f6r\u00fc ile y\u00fcr\u00fcyece\u011fimiz, insanl\u0131\u011f\u0131 ve bizleri bar\u0131\u015fa g\u00f6t\u00fcrecek bu yolda SANATA EVET diyor, sayg\u0131lar sunuyorum\u201d dedi.<\/p>\n<p>Bu y\u0131l 10.su d\u00fczenlenecek yar\u0131\u015fmaya, 30 Haziran 2021 tarihinde kadar eser g\u00f6ndermek m\u00fcmk\u00fcn. Yar\u0131\u015fma \u015fartlar\u0131na, https:\/\/zeytinkarikaturleri.com  sayfas\u0131ndaki duyurular b\u00f6l\u00fcm\u00fcnden ula\u015f\u0131labilir.<\/p>\n<p>Bilindi\u011fi gibi ge\u00e7ti\u011fimiz y\u0131l d\u00fczenlenen Zeytin ve Serbest konulu karikat\u00fcr yar\u0131\u015fmas\u0131na Covid- 19 salg\u0131n\u0131n\u0131n t\u00fcm olumsuzluklar\u0131na ra\u011fmen, 62 \u00fclkeden 289 sanat\u00e7\u0131 887 eserle kat\u0131l\u0131m g\u00f6stermi\u015fti.<\/p>\n<p>Ayr\u0131ca, yar\u0131\u015fmada ilk kez, \u00fclkemizin \u00f6nemli karikat\u00fcr sanat\u00e7\u0131s\u0131 Mustafa Tozak\u0131 serbest konulu b\u00f6l\u00fcmde, 1.\u2019lik \u00f6d\u00fcl\u00fc kazanm\u0131\u015ft\u0131. <\/p>\n<p>Di\u011fer \u00f6d\u00fclleri kazananlar ise, B\u00fcy\u00fck \u00d6d\u00fcl (Serbest Konulu B\u00f6l\u00fcm): Ali Rastroo (\u0130ran) 1.500 Euro + Alt\u0131n Zeytin Heykeli Zeytin Konulu B\u00f6l\u00fcm \u2013 Birincilik \u00d6d\u00fcl\u00fc: Ayhan Alkan (Birle\u015fik Krall\u0131k) 750 Euro + Alt\u0131n Zeytin Heykeli + Girne Belediyesi \u00d6d\u00fcl\u00fc; \u0130kincilik \u00d6d\u00fcl\u00fc: Elahe Khoraman (\u0130ran) G\u00fcm\u00fc\u015f Zeytin Heykeli + K\u0131br\u0131s T\u00fcrk Karikat\u00fcrc\u00fcler Derne\u011fi \u00d6d\u00fcl\u00fc; \u00dc\u00e7\u00fcnc\u00fcl\u00fck \u00d6d\u00fcl\u00fc: Zhaleh Yoosefinezhad (\u0130ran) Bronz Zeytin Heykeli + Zeytin Festivali \u00d6d\u00fcl\u00fc.<br \/>\nSerbest Konulu B\u00f6l\u00fcm \u2013 Birincilik \u00d6d\u00fcl\u00fc: Mustafa Tozak\u0131 (K\u0131br\u0131s) 750 Euro + Alt\u0131n Zeytin Heykeli + Girne Belediye Ba\u015fkan\u0131 \u00d6zel \u00d6d\u00fcl\u00fc; \u0130kincilik \u00d6d\u00fcl\u00fc: Damir Novak (H\u0131rvatistan) G\u00fcm\u00fc\u015f Zeytin Heykeli + Zeytin Mizah \u015eenli\u011fi \u00d6d\u00fcl\u00fc; \u00dc\u00e7\u00fcnc\u00fcl\u00fck \u00d6d\u00fcl\u00fc: Grigoris Georgiou (Yunanistan) Bronz Zeytin Heykeli + Ramiz G\u00f6k\u00e7e \u00d6zel \u00d6d\u00fcl\u00fc<\/p>\n","protected":false},"excerpt":{"rendered":"<p>Girne Belediyesi \u2018 Zeytin Karikat\u00fcrleri\u2019 web sayfas\u0131n\u0131 takip\u00e7ilerinin eri\u015fimine yeniden [&hellip;]<\/p>\n","protected":false},"author":10,"featured_media":11499,"comment_status":"open","ping_status":"closed","sticky":false,"template":"","format":"standard","meta":{"footnotes":""},"categories":[9],"tags":[],"class_list":["post-11498","post","type-post","status-publish","format-standard","has-post-thumbnail","hentry","category-uyelerimizin-haberleri"],"_links":{"self":[{"href":"https:\/\/ktbb.org\/v1\/wp-json\/wp\/v2\/posts\/11498","targetHints":{"allow":["GET"]}}],"collection":[{"href":"https:\/\/ktbb.org\/v1\/wp-json\/wp\/v2\/posts"}],"about":[{"href":"https:\/\/ktbb.org\/v1\/wp-json\/wp\/v2\/types\/post"}],"author":[{"embeddable":true,"href":"https:\/\/ktbb.org\/v1\/wp-json\/wp\/v2\/users\/10"}],"replies":[{"embeddable":true,"href":"https:\/\/ktbb.org\/v1\/wp-json\/wp\/v2\/comments?post=11498"}],"version-history":[{"count":1,"href":"https:\/\/ktbb.org\/v1\/wp-json\/wp\/v2\/posts\/11498\/revisions"}],"predecessor-version":[{"id":11500,"href":"https:\/\/ktbb.org\/v1\/wp-json\/wp\/v2\/posts\/11498\/revisions\/11500"}],"wp:featuredmedia":[{"embeddable":true,"href":"https:\/\/ktbb.org\/v1\/wp-json\/wp\/v2\/media\/11499"}],"wp:attachment":[{"href":"https:\/\/ktbb.org\/v1\/wp-json\/wp\/v2\/media?parent=11498"}],"wp:term":[{"taxonomy":"category","embeddable":true,"href":"https:\/\/ktbb.org\/v1\/wp-json\/wp\/v2\/categories?post=11498"},{"taxonomy":"post_tag","embeddable":true,"href":"https:\/\/ktbb.org\/v1\/wp-json\/wp\/v2\/tags?post=11498"}],"curies":[{"name":"wp","href":"https:\/\/api.w.org\/{rel}","templated":true}]}}