{"id":11501,"date":"2021-05-28T06:11:50","date_gmt":"2021-05-28T06:11:50","guid":{"rendered":"http:\/\/ktbb.org\/v1\/?p=11501"},"modified":"2021-05-28T06:11:50","modified_gmt":"2021-05-28T06:11:50","slug":"isitme-taramasi-icin-ltb-ile-isadtan-ornek-isbirligi","status":"publish","type":"post","link":"https:\/\/ktbb.org\/v1\/isitme-taramasi-icin-ltb-ile-isadtan-ornek-isbirligi\/","title":{"rendered":"\u0130\u015fitme Taramas\u0131 i\u00e7in LTB ile \u0130\u015eAD\u2019tan \u00f6rnek i\u015fbirli\u011fi"},"content":{"rendered":"<p>Lefko\u015fa T\u00fcrk Belediyesi (LTB) ile K\u0131br\u0131s T\u00fcrk \u0130\u015f \u0130nsanlar\u0131 Derne\u011fi (\u0130\u015eAD)  \u015fehirdeki ya\u015fl\u0131lar\u0131n, \u00f6zel gereksinimli  ve ihtiya\u00e7l\u0131 bireylerin i\u015fitme taramalar\u0131n\u0131n yap\u0131lmas\u0131 i\u00e7in i\u015f birli\u011fi protokol\u00fc imzaland\u0131. Protokole LTB Ba\u015fkan\u0131 Mehmet Harmanc\u0131  ve K\u0131br\u0131s T\u00fcrk \u0130\u015f \u0130nsanlar\u0131 Derne\u011fi  Ba\u015fkan\u0131 Enver Mam\u00fclc\u00fc imza koydu.<\/p>\n<p>LTB Engellemeyen Lefko\u015fa Birimi\u2019nin ula\u015f\u0131m, dola\u015f\u0131m, eri\u015filebilirlik ve sosyal ya\u015fama kat\u0131l\u0131m konular\u0131nda \u00f6zel gereksinimli bireylerimizin ihtiya\u00e7lar\u0131 do\u011frultusunda hizmet sundu\u011funu hat\u0131rlatan Ba\u015fkan Harmanc\u0131, bunun yan\u0131 s\u0131ra LTB Ya\u015fl\u0131lar Birimi\u2019nin ise her daim \u015fehirdeki b\u00fcy\u00fcklerimizin sa\u011fl\u0131k ve huzurunu sa\u011flama i\u00e7in sorumlulukla \u00e7al\u0131\u015ft\u0131\u011f\u0131n\u0131 s\u00f6yledi. <\/p>\n<p>K\u0131br\u0131s T\u00fcrk \u0130\u015f \u0130nsanlar\u0131 Derne\u011fi  Ba\u015fkan\u0131 Enver Mam\u00fclc\u00fc ise konu\u015fmas\u0131nda, LTB ile i\u015f birli\u011fi yapmaktan mutluluk duyduklar\u0131n\u0131 belirtti. Mam\u00fclc\u00fc, protokol kapsam\u0131nda \u015fehirdeki ya\u015fl\u0131lar\u0131n, \u00f6zel gereksinimli ve ihtiya\u00e7l\u0131 ki\u015filer, belediye personeli ile birlikte evde i\u015fitme taramalar\u0131n\u0131n yap\u0131lmas\u0131 ve kulak probleminin ya\u015fanmas\u0131 halinde Devlet Hastanesine sevkine yard\u0131mc\u0131 olunaca\u011f\u0131n\u0131 belirterek,  bireylerin KBB muayenesini yapmalar\u0131n\u0131n sa\u011flanaca\u011f\u0131n\u0131 da s\u00f6yledi. <\/p>\n","protected":false},"excerpt":{"rendered":"<p>Lefko\u015fa T\u00fcrk Belediyesi (LTB) ile K\u0131br\u0131s T\u00fcrk \u0130\u015f \u0130nsanlar\u0131 Derne\u011fi [&hellip;]<\/p>\n","protected":false},"author":10,"featured_media":11502,"comment_status":"open","ping_status":"closed","sticky":false,"template":"","format":"standard","meta":{"footnotes":""},"categories":[9],"tags":[],"class_list":["post-11501","post","type-post","status-publish","format-standard","has-post-thumbnail","hentry","category-uyelerimizin-haberleri"],"_links":{"self":[{"href":"https:\/\/ktbb.org\/v1\/wp-json\/wp\/v2\/posts\/11501","targetHints":{"allow":["GET"]}}],"collection":[{"href":"https:\/\/ktbb.org\/v1\/wp-json\/wp\/v2\/posts"}],"about":[{"href":"https:\/\/ktbb.org\/v1\/wp-json\/wp\/v2\/types\/post"}],"author":[{"embeddable":true,"href":"https:\/\/ktbb.org\/v1\/wp-json\/wp\/v2\/users\/10"}],"replies":[{"embeddable":true,"href":"https:\/\/ktbb.org\/v1\/wp-json\/wp\/v2\/comments?post=11501"}],"version-history":[{"count":1,"href":"https:\/\/ktbb.org\/v1\/wp-json\/wp\/v2\/posts\/11501\/revisions"}],"predecessor-version":[{"id":11503,"href":"https:\/\/ktbb.org\/v1\/wp-json\/wp\/v2\/posts\/11501\/revisions\/11503"}],"wp:featuredmedia":[{"embeddable":true,"href":"https:\/\/ktbb.org\/v1\/wp-json\/wp\/v2\/media\/11502"}],"wp:attachment":[{"href":"https:\/\/ktbb.org\/v1\/wp-json\/wp\/v2\/media?parent=11501"}],"wp:term":[{"taxonomy":"category","embeddable":true,"href":"https:\/\/ktbb.org\/v1\/wp-json\/wp\/v2\/categories?post=11501"},{"taxonomy":"post_tag","embeddable":true,"href":"https:\/\/ktbb.org\/v1\/wp-json\/wp\/v2\/tags?post=11501"}],"curies":[{"name":"wp","href":"https:\/\/api.w.org\/{rel}","templated":true}]}}