{"id":11504,"date":"2021-05-31T06:22:21","date_gmt":"2021-05-31T06:22:21","guid":{"rendered":"http:\/\/ktbb.org\/v1\/?p=11504"},"modified":"2021-05-31T06:22:21","modified_gmt":"2021-05-31T06:22:21","slug":"go%cc%88nyeli-belediyesi-1-haziranda-c%cc%a7ocuklari-yine-unutmadi-uc%cc%a7urtmalariniz-sizi-bekliyor","status":"publish","type":"post","link":"https:\/\/ktbb.org\/v1\/go%cc%88nyeli-belediyesi-1-haziranda-c%cc%a7ocuklari-yine-unutmadi-uc%cc%a7urtmalariniz-sizi-bekliyor\/","title":{"rendered":"Go\u0308nyeli Belediyesi 1 Haziran\u2019da c\u0327ocuklar\u0131 yine unutmad\u0131: Uc\u0327urtmalar\u0131n\u0131z sizi bekliyor!"},"content":{"rendered":"<p>Go\u0308nyeli Belediyesi her y\u0131l 1 Haziran Du\u0308nya C\u0327ocuk Gu\u0308nu\u0308 nedeniyle du\u0308zenledig\u0306i s\u0327o\u0308leni salg\u0131n nedeniyle bu y\u0131l yapmad\u0131, ancak c\u0327ocuklar\u0131 unutmad\u0131. <\/p>\n<p>Go\u0308nyeli Belediyesi\u2019nden yap\u0131lan ac\u0327\u0131klamada, 1 Haziran\u2019da Go\u0308nyeli\u2019deki c\u0327ocuklara uc\u0327urtmalar\u0131n\u0131n dag\u0306\u0131t\u0131lacag\u0306\u0131 duyuruldu. <\/p>\n<p>1 Haziran Du\u0308nya C\u0327ocuk Gu\u0308nu\u0308\u2019nde Go\u0308nyeli Belediyesi Hizmet Binas\u0131\u2019nda 18:00 &#8211; 20:00 saatleri aras\u0131nda c\u0327ocuklara uc\u0327urtmalar\u0131 dag\u0306\u0131t\u0131lacak. <\/p>\n<p>Pandemi tedbirleri c\u0327erc\u0327evesinde maske ve sosyal mesafe o\u0308nlemleri ic\u0327erisinde yap\u0131lacak dag\u0306\u0131t\u0131mda, c\u0327ocuklar yine uc\u0327urtmalar\u0131na kavus\u0327acak. <\/p>\n<p>Ayr\u0131ca Go\u0308nyeli\u2019deki kre\u015f, okul o\u0308ncesi eg\u0306itim, ilkokul ve kul\u00fcpler arac\u0131l\u0131g\u0306\u0131 ile de c\u0327ocuklara uc\u0327urtma dag\u0306\u0131t\u0131m\u0131 yap\u0131lacag\u0306\u0131 ac\u0327\u0131kland\u0131. <\/p>\n<p>Go\u0308nyeli Belediye Bas\u0327kan\u0131 Ahmet Yalc\u0327\u0131n Benli, c\u0327ocuklar\u0131m\u0131z\u0131n geleceg\u0306i ic\u0327in su\u0308rekli c\u0327al\u0131s\u0327t\u0131klar\u0131n\u0131, yu\u0308ksek hizmet kalitesi ve yas\u0327am standard\u0131n\u0131 o\u0308nemsediklerini belirterek, \u201cTu\u0308m c\u0327abalar\u0131m\u0131z\u0131n odag\u0306\u0131nda elbette insan vard\u0131r\u201d diye konus\u0327tu. <\/p>\n<p>Benli, salg\u0131n\u0131n en k\u0131sa zamanda geride kalmas\u0131n\u0131 dileyerek, \u201cC\u0327ocuklar\u0131m\u0131zla birlikte sokaklarda, parklarda kos\u0327may\u0131 c\u0327ok o\u0308zledik\u201d dedi. <\/p>\n<p>Go\u0308nyeli Belediye Bas\u0327kan\u0131 Ahmet Yalc\u0327\u0131n Benli, \u201cGo\u0308nyeli yu\u0308ru\u0308yu\u0308s\u0327 ve bisiklet parkurlar\u0131, temiz caddeleri ve gu\u0308venli parklar\u0131yla keyifle yas\u0327anan bir kenttir. Bu gu\u0308zel kentte, bu u\u0308lkenin gu\u0308zel c\u0327ocuklar\u0131na hizmet etmek onurdur\u201d diye so\u0308zlerini tamamlad\u0131. <\/p>\n","protected":false},"excerpt":{"rendered":"<p>Go\u0308nyeli Belediyesi her y\u0131l 1 Haziran Du\u0308nya C\u0327ocuk Gu\u0308nu\u0308 nedeniyle [&hellip;]<\/p>\n","protected":false},"author":10,"featured_media":11507,"comment_status":"open","ping_status":"closed","sticky":false,"template":"","format":"standard","meta":{"footnotes":""},"categories":[9],"tags":[],"class_list":["post-11504","post","type-post","status-publish","format-standard","has-post-thumbnail","hentry","category-uyelerimizin-haberleri"],"_links":{"self":[{"href":"https:\/\/ktbb.org\/v1\/wp-json\/wp\/v2\/posts\/11504","targetHints":{"allow":["GET"]}}],"collection":[{"href":"https:\/\/ktbb.org\/v1\/wp-json\/wp\/v2\/posts"}],"about":[{"href":"https:\/\/ktbb.org\/v1\/wp-json\/wp\/v2\/types\/post"}],"author":[{"embeddable":true,"href":"https:\/\/ktbb.org\/v1\/wp-json\/wp\/v2\/users\/10"}],"replies":[{"embeddable":true,"href":"https:\/\/ktbb.org\/v1\/wp-json\/wp\/v2\/comments?post=11504"}],"version-history":[{"count":1,"href":"https:\/\/ktbb.org\/v1\/wp-json\/wp\/v2\/posts\/11504\/revisions"}],"predecessor-version":[{"id":11509,"href":"https:\/\/ktbb.org\/v1\/wp-json\/wp\/v2\/posts\/11504\/revisions\/11509"}],"wp:featuredmedia":[{"embeddable":true,"href":"https:\/\/ktbb.org\/v1\/wp-json\/wp\/v2\/media\/11507"}],"wp:attachment":[{"href":"https:\/\/ktbb.org\/v1\/wp-json\/wp\/v2\/media?parent=11504"}],"wp:term":[{"taxonomy":"category","embeddable":true,"href":"https:\/\/ktbb.org\/v1\/wp-json\/wp\/v2\/categories?post=11504"},{"taxonomy":"post_tag","embeddable":true,"href":"https:\/\/ktbb.org\/v1\/wp-json\/wp\/v2\/tags?post=11504"}],"curies":[{"name":"wp","href":"https:\/\/api.w.org\/{rel}","templated":true}]}}