{"id":11505,"date":"2021-05-31T06:21:44","date_gmt":"2021-05-31T06:21:44","guid":{"rendered":"http:\/\/ktbb.org\/v1\/?p=11505"},"modified":"2021-05-31T06:21:44","modified_gmt":"2021-05-31T06:21:44","slug":"genclik-platformu-paydaslari-biraraya-geldi","status":"publish","type":"post","link":"https:\/\/ktbb.org\/v1\/genclik-platformu-paydaslari-biraraya-geldi\/","title":{"rendered":"Gen\u00e7lik platformu payda\u015flar\u0131 biraraya geldi"},"content":{"rendered":"<p>Girne Belediyesi&#8217;nin, \u201cGen\u00e7 d\u00fc\u015f\u00fcn, ya\u015fama ivme kat\u201d slogan\u0131yla 15-21 ya\u015f grubu gen\u00e7lerle birlikte olu\u015fturaca\u011f\u0131 Girne Belediyesi Gen\u00e7lik Platformu i\u00e7in projenin payda\u015flar\u0131yla toplant\u0131 ger\u00e7ekle\u015ftirildi.<\/p>\n<p>Girne Belediyesi\u2019nden verilen bilgide, 2000-2006 do\u011fumlu kent ve \u00fclke genelinde gen\u00e7lerin kat\u0131l\u0131m\u0131yla ger\u00e7ekle\u015ftirilecek proje i\u00e7in Girne Belediye Ba\u015fkan\u0131 Nidai G\u00fcng\u00f6rd\u00fc, KKTC Ba\u015fbakanl\u0131k Gen\u00e7lik Dairesi, KKTC Ba\u015fbakanl\u0131k Uyu\u015fturucuyla M\u00fccadele Komisyonu, Girne Gen\u00e7lik Geli\u015fim Merkezi (G\u0130GEM), Gen\u00e7 Bili\u015fimciler ve \u0130navasyon Derne\u011fi, Zirve \u0130zcilik Derne\u011fi, Gen\u00e7lik Merkezi Birli\u011fi, Ya\u015fama Sporla Ba\u011flan Derne\u011fi, Zirve \u0130zcilik Derne\u011fi, K\u0131br\u0131s T\u00fcrk Gen\u00e7lik Kongresi ba\u015fkan ve temsilcileri tan\u0131\u015fma ve yol haritas\u0131 i\u00e7in bir araya geldi.<\/p>\n<p>Geni\u015f bir kat\u0131l\u0131mla ger\u00e7ekle\u015ftirilen toplant\u0131n\u0131n devam\u0131nda, 3 Haziran 2021 Per\u015fembe g\u00fcn\u00fc, belediye meclis odas\u0131nda payda\u015flarla fikir toplant\u0131s\u0131 d\u00fczenlenerek program olu\u015fturulmas\u0131na kararla\u015ft\u0131r\u0131ld\u0131.<\/p>\n<p>G\u00dcNG\u00d6RD\u00dc: DEMOKRAS\u0130 VE KATILIMCILIK \u00d6NEML\u0130<\/p>\n<p>Toplant\u0131n\u0131n a\u00e7\u0131l\u0131\u015f konu\u015fmas\u0131n\u0131 yapan Girne Belediye Ba\u015fkan\u0131 Nidai G\u00fcng\u00f6rd\u00fc, Avrupa Yerel Y\u00f6netimler \u00d6zerklik \u015eart\u0131\u2019nda demokrasi ve kat\u0131l\u0131mc\u0131l\u0131\u011f\u0131n \u00f6nemine i\u015faret ederek, demokrasi k\u00fclt\u00fcr\u00fcn\u00fcn geli\u015fmesi i\u00e7in belediye ve kurumlar\u0131n katk\u0131 koymas\u0131yla Girne Belediyesi Gen\u00e7lik Platformu projesinin \u00f6nemine i\u015faret etti.<\/p>\n<p>G\u00fcng\u00f6rd\u00fc, gen\u00e7leri, \u00f6\u011frencileri bir d\u00f6nem sonra kent ve \u00fclke y\u00f6netimini devralmaya haz\u0131rlamada katk\u0131 sa\u011flanaca\u011f\u0131na da de\u011finerek, gen\u00e7lerin bu noktada, aktif kat\u0131l\u0131m sa\u011flamas\u0131n\u0131n \u00f6nemine de\u011findi.<\/p>\n<p>G\u00fcng\u00f6rd\u00fc, Girne Belediyesi&#8217;nin kent kurultaylar\u0131na \u00f6nem verdi\u011fini, bu platformun kent kurultay\u0131na da haz\u0131rl\u0131k niteli\u011finde oldu\u011funu ifade ederek, yap\u0131lan organizasyonlar ve faaliyetlerle gen\u00e7lerin aidiyet duygusunun geli\u015fece\u011fine de inanc\u0131n\u0131 belirtti. G\u00fcng\u00f6rd\u00fc, &#8221; Gen\u00e7leri ve payda\u015flar\u0131m\u0131zla beraber y\u00fcr\u00fct\u00fclecek bu platformu \u00f6nemsiyorum. &#8221; dedi.<\/p>\n<p>KAYITLAR S\u00dcR\u00dcYOR<\/p>\n<p>Kurum, kurulu\u015f ve derneklerin, gen\u00e7ler i\u00e7in haz\u0131rlanacak projelere katk\u0131 koyaca\u011f\u0131; k\u0131sa, orta ve uzun vadede olu\u015fturulacak programla; gen\u00e7lerin \u00e7e\u015fitli e\u011fitim, etkinlik, at\u00f6lye \u00e7al\u0131\u015fmalar\u0131 d\u00fczenleyerek, kat\u0131l\u0131m sa\u011flanmas\u0131n\u0131n planland\u0131\u011f\u0131 Girne Belediyesi Gen\u00e7lik Platformu\u2019na kay\u0131tlar\u0131n devam etti\u011fi belirtildi. Kay\u0131t i\u00e7in, http:\/\/www.girnebelediyesi.com\/genclik-platformu-kayit\/  adresinden ba\u015fvuru yap\u0131labilece\u011fi yap\u0131lmas\u0131 gerekiyor. Bilgi ve ileti\u015fim i\u00e7in, 0548 890 55 00 numaral\u0131 telefon aranabilecek.<\/p>\n","protected":false},"excerpt":{"rendered":"<p>Girne Belediyesi&#8217;nin, \u201cGen\u00e7 d\u00fc\u015f\u00fcn, ya\u015fama ivme kat\u201d slogan\u0131yla 15-21 ya\u015f [&hellip;]<\/p>\n","protected":false},"author":10,"featured_media":11506,"comment_status":"open","ping_status":"closed","sticky":false,"template":"","format":"standard","meta":{"footnotes":""},"categories":[9],"tags":[],"class_list":["post-11505","post","type-post","status-publish","format-standard","has-post-thumbnail","hentry","category-uyelerimizin-haberleri"],"_links":{"self":[{"href":"https:\/\/ktbb.org\/v1\/wp-json\/wp\/v2\/posts\/11505","targetHints":{"allow":["GET"]}}],"collection":[{"href":"https:\/\/ktbb.org\/v1\/wp-json\/wp\/v2\/posts"}],"about":[{"href":"https:\/\/ktbb.org\/v1\/wp-json\/wp\/v2\/types\/post"}],"author":[{"embeddable":true,"href":"https:\/\/ktbb.org\/v1\/wp-json\/wp\/v2\/users\/10"}],"replies":[{"embeddable":true,"href":"https:\/\/ktbb.org\/v1\/wp-json\/wp\/v2\/comments?post=11505"}],"version-history":[{"count":1,"href":"https:\/\/ktbb.org\/v1\/wp-json\/wp\/v2\/posts\/11505\/revisions"}],"predecessor-version":[{"id":11508,"href":"https:\/\/ktbb.org\/v1\/wp-json\/wp\/v2\/posts\/11505\/revisions\/11508"}],"wp:featuredmedia":[{"embeddable":true,"href":"https:\/\/ktbb.org\/v1\/wp-json\/wp\/v2\/media\/11506"}],"wp:attachment":[{"href":"https:\/\/ktbb.org\/v1\/wp-json\/wp\/v2\/media?parent=11505"}],"wp:term":[{"taxonomy":"category","embeddable":true,"href":"https:\/\/ktbb.org\/v1\/wp-json\/wp\/v2\/categories?post=11505"},{"taxonomy":"post_tag","embeddable":true,"href":"https:\/\/ktbb.org\/v1\/wp-json\/wp\/v2\/tags?post=11505"}],"curies":[{"name":"wp","href":"https:\/\/api.w.org\/{rel}","templated":true}]}}