{"id":11510,"date":"2021-05-31T06:25:35","date_gmt":"2021-05-31T06:25:35","guid":{"rendered":"http:\/\/ktbb.org\/v1\/?p=11510"},"modified":"2021-05-31T06:25:35","modified_gmt":"2021-05-31T06:25:35","slug":"dunya-cocuk-gununde-girnede-cocuklara-ucretsiz-dondurma-ve-balon","status":"publish","type":"post","link":"https:\/\/ktbb.org\/v1\/dunya-cocuk-gununde-girnede-cocuklara-ucretsiz-dondurma-ve-balon\/","title":{"rendered":"D\u00fcnya \u00c7ocuk G\u00fcn\u00fc&#8217;nde Girne&#8217;de \u00e7ocuklara \u00fccretsiz dondurma ve balon"},"content":{"rendered":"<p>Girne Belediyesi, 1 Haziran D\u00fcnya \u00c7ocuk G\u00fcn\u00fc nedeniyle Sevim Ebeo\u011fu Bar\u0131\u015f Park\u0131&#8217;nda, Zeytinlik \u00c7ocuk Park\u0131nda ve Kar\u015f\u0131yaka \u00c7ocuk Park\u0131nda 10.00 -12 00 saatleri aras\u0131nda \u0130leli Market ve Atakom Ltd. sponsorlu\u011funda \u00e7ocuklara \u00fccretsiz dondurma ve balon da\u011f\u0131t\u0131yor.<\/p>\n<p>Girne Belediyesi\u2019nden yap\u0131lan a\u00e7\u0131klamada, ayr\u0131ca Sevim Ebeo\u011flu Bar\u0131\u015f Park\u0131nda, ayn\u0131 saatler i\u00e7erisinde \u00e7ocuklara y\u00f6nelik m\u00fczikli oyunlar ve \u00e7e\u015fitli at\u00f6lyeler  d\u00fczenlenece\u011fi belirtildi. <\/p>\n<p>Girne Belediye Ba\u015fkan\u0131 Nidai G\u00fcng\u00f6rd\u00fc, pandemi nedeniyle gerek e\u011ftim gerek sosyal ya\u015famdaki s\u0131k\u0131nt\u0131lar\u0131n s\u00fcrd\u00fc\u011f\u00fcn\u00fc hat\u0131rlatarak, sa\u011fl\u0131kl\u0131 bir ya\u015fam i\u00e7in maske, mesafe ve hijyen kurallar\u0131na uyman\u0131n \u00f6nemini hat\u0131rlatt\u0131. Bu \u00e7er\u00e7evede, 1 Haziran D\u00fcnya \u00c7ocuk G\u00fcn\u00fc i\u00e7in kentte \u00e7ocuklara a\u00e7\u0131k hava aktivitesi d\u00fczenlenece\u011fini belirten G\u00fcng\u00f6rd\u00fc, \u00e7ocuklara \u00fc\u00e7 parkta \u00fccretsiz dondurma da\u011f\u0131t\u0131laca\u011f\u0131n\u0131 s\u00f6yledi. \u0130leli Market ve Atakom Y\u00f6neticilerine \u00e7ocuklar\u0131 sevindirecek sponsorluklar\u0131 i\u00e7in de te\u015fekk\u00fcrlerini ileten G\u00fcng\u00f6rd\u00fc, t\u00fcm \u00e7ocuklar\u0131n e\u015fit, \u00f6zg\u00fcr ve bar\u0131\u015f i\u00e7inde ya\u015fad\u0131\u011f\u0131 bir gelecek dile\u011finde bulundu.<\/p>\n","protected":false},"excerpt":{"rendered":"<p>Girne Belediyesi, 1 Haziran D\u00fcnya \u00c7ocuk G\u00fcn\u00fc nedeniyle Sevim Ebeo\u011fu [&hellip;]<\/p>\n","protected":false},"author":10,"featured_media":11511,"comment_status":"open","ping_status":"closed","sticky":false,"template":"","format":"standard","meta":{"footnotes":""},"categories":[9],"tags":[],"class_list":["post-11510","post","type-post","status-publish","format-standard","has-post-thumbnail","hentry","category-uyelerimizin-haberleri"],"_links":{"self":[{"href":"https:\/\/ktbb.org\/v1\/wp-json\/wp\/v2\/posts\/11510","targetHints":{"allow":["GET"]}}],"collection":[{"href":"https:\/\/ktbb.org\/v1\/wp-json\/wp\/v2\/posts"}],"about":[{"href":"https:\/\/ktbb.org\/v1\/wp-json\/wp\/v2\/types\/post"}],"author":[{"embeddable":true,"href":"https:\/\/ktbb.org\/v1\/wp-json\/wp\/v2\/users\/10"}],"replies":[{"embeddable":true,"href":"https:\/\/ktbb.org\/v1\/wp-json\/wp\/v2\/comments?post=11510"}],"version-history":[{"count":1,"href":"https:\/\/ktbb.org\/v1\/wp-json\/wp\/v2\/posts\/11510\/revisions"}],"predecessor-version":[{"id":11512,"href":"https:\/\/ktbb.org\/v1\/wp-json\/wp\/v2\/posts\/11510\/revisions\/11512"}],"wp:featuredmedia":[{"embeddable":true,"href":"https:\/\/ktbb.org\/v1\/wp-json\/wp\/v2\/media\/11511"}],"wp:attachment":[{"href":"https:\/\/ktbb.org\/v1\/wp-json\/wp\/v2\/media?parent=11510"}],"wp:term":[{"taxonomy":"category","embeddable":true,"href":"https:\/\/ktbb.org\/v1\/wp-json\/wp\/v2\/categories?post=11510"},{"taxonomy":"post_tag","embeddable":true,"href":"https:\/\/ktbb.org\/v1\/wp-json\/wp\/v2\/tags?post=11510"}],"curies":[{"name":"wp","href":"https:\/\/api.w.org\/{rel}","templated":true}]}}