{"id":11522,"date":"2021-06-01T06:49:40","date_gmt":"2021-06-01T06:49:40","guid":{"rendered":"http:\/\/ktbb.org\/v1\/?p=11522"},"modified":"2021-06-01T06:49:40","modified_gmt":"2021-06-01T06:49:40","slug":"turk-tarih-kurumu-baskani-prof-dr-birol-cetin-gungorduye-kitap-seti-gonderdi","status":"publish","type":"post","link":"https:\/\/ktbb.org\/v1\/turk-tarih-kurumu-baskani-prof-dr-birol-cetin-gungorduye-kitap-seti-gonderdi\/","title":{"rendered":"T\u00fcrk Tarih Kurumu Ba\u015fkan\u0131 Prof. Dr. Birol \u00c7etin, G\u00fcng\u00f6rd\u00fc\u2019ye kitap seti g\u00f6nderdi"},"content":{"rendered":"<p>Rauf Denkta\u015f \u00dcniversitesi K\u0131br\u0131s Ara\u015ft\u0131rmalar\u0131 Merkezi M\u00fcd\u00fcr\u00fc Yrd. Do\u00e7. Dr. Mehmet Balyemez, y\u00fcr\u00fct\u00fcc\u00fcs\u00fc oldu\u011fu \u201cK\u0131br\u0131s T\u00fcrk Tarih Kurumunun Yeniden Kurulmas\u0131\u201d projesi kapsam\u0131nda Girne Belediye Ba\u015fkan\u0131 Nidai G\u00fcng\u00f6rd\u00fc\u2019y\u00fc ziyaret etti. <\/p>\n<p>Kurucu Cumhurba\u015fkan\u0131 Rauf. R. Denkta\u015f\u2019\u0131n giri\u015fimi sonucunda 2 Temmuz 1961 tarihinde kurulan, ancak 1963 y\u0131l\u0131nda ba\u015flayan toplumlararas\u0131 \u00e7at\u0131\u015fmalardan dolay\u0131 kurulu\u015f amac\u0131n\u0131 ger\u00e7ekle\u015ftiremeden kapanan K\u0131br\u0131s T\u00fcrk Tarih Kurumu\u2019nun Yeniden Kurulmas\u0131 projesi hakk\u0131nda bilgiler veren Balyemez, g\u00f6r\u00fc\u015fme sonunda T\u00fcrk Tarih Kurumu Ba\u015fkan\u0131 Prof. Dr. Birol \u00c7etin\u2019in g\u00f6nderdi\u011fi kitap setini Girne Belediye Ba\u015fkan\u0131 Nidai G\u00fcng\u00f6rd\u00fc\u2019ye takdim etti. T\u00fcrk Tarih Kurumu Ba\u015fkan\u0131 taraf\u0131ndan g\u00f6nderilen kitap setinde; T\u00fcrk Tarih Kurumu taraf\u0131ndan bas\u0131lan  \u201cSultan II Mahmud D\u00f6neminde K\u0131br\u0131s (1808-1839)\u201d, \u201cMeml\u00fck K\u0131br\u0131s \u0130li\u015fkileri, K\u0131br\u0131s\u2019ta \u0130lk T\u00fcrk Hakimiyeti\u201d kitaplar\u0131 ile Gazi Mustafa Kemal Atat\u00fcrk\u2019\u00fcn Milli M\u00fccadeleyi anlatt\u0131\u011f\u0131 NUTUK (IV Cilt) yer alm\u0131\u015ft\u0131r.<\/p>\n<p>Girne Belediye Ba\u015fkan\u0131 Nidai G\u00fcng\u00f6rd\u00fc, T\u00fcrkiye Cumhuriyeti\u2019nin t\u00fcm tarihi birikimlerinin olu\u015fturan ve \u00f6nemli bir belle\u011fe sahip olan T\u00fcrk Tarih Kurumu b\u00fcy\u00fck bir \u00f6neme sahip oldu\u011funu ifade etti. G\u00fcng\u00f6rd\u00fc, Rauf Denkta\u015f \u00dcniversitesi K\u0131br\u0131s Ara\u015ft\u0131rmalar\u0131 Merkezi M\u00fcd\u00fcr\u00fc Yrd. Do\u00e7. Dr. Mehmet Balyemez\u2019in ziyaretinden memnuniyet duydu\u011funu dile getirerek, T\u00fcrk Tarih Kurumu Ba\u015fkan\u0131 Prof. Dr. Birol \u00c7etin\u2019e te\u015fekk\u00fcrlerini iletti. <\/p>\n","protected":false},"excerpt":{"rendered":"<p>Rauf Denkta\u015f \u00dcniversitesi K\u0131br\u0131s Ara\u015ft\u0131rmalar\u0131 Merkezi M\u00fcd\u00fcr\u00fc Yrd. Do\u00e7. Dr. [&hellip;]<\/p>\n","protected":false},"author":10,"featured_media":11523,"comment_status":"open","ping_status":"closed","sticky":false,"template":"","format":"standard","meta":{"footnotes":""},"categories":[9],"tags":[],"class_list":["post-11522","post","type-post","status-publish","format-standard","has-post-thumbnail","hentry","category-uyelerimizin-haberleri"],"_links":{"self":[{"href":"https:\/\/ktbb.org\/v1\/wp-json\/wp\/v2\/posts\/11522","targetHints":{"allow":["GET"]}}],"collection":[{"href":"https:\/\/ktbb.org\/v1\/wp-json\/wp\/v2\/posts"}],"about":[{"href":"https:\/\/ktbb.org\/v1\/wp-json\/wp\/v2\/types\/post"}],"author":[{"embeddable":true,"href":"https:\/\/ktbb.org\/v1\/wp-json\/wp\/v2\/users\/10"}],"replies":[{"embeddable":true,"href":"https:\/\/ktbb.org\/v1\/wp-json\/wp\/v2\/comments?post=11522"}],"version-history":[{"count":1,"href":"https:\/\/ktbb.org\/v1\/wp-json\/wp\/v2\/posts\/11522\/revisions"}],"predecessor-version":[{"id":11524,"href":"https:\/\/ktbb.org\/v1\/wp-json\/wp\/v2\/posts\/11522\/revisions\/11524"}],"wp:featuredmedia":[{"embeddable":true,"href":"https:\/\/ktbb.org\/v1\/wp-json\/wp\/v2\/media\/11523"}],"wp:attachment":[{"href":"https:\/\/ktbb.org\/v1\/wp-json\/wp\/v2\/media?parent=11522"}],"wp:term":[{"taxonomy":"category","embeddable":true,"href":"https:\/\/ktbb.org\/v1\/wp-json\/wp\/v2\/categories?post=11522"},{"taxonomy":"post_tag","embeddable":true,"href":"https:\/\/ktbb.org\/v1\/wp-json\/wp\/v2\/tags?post=11522"}],"curies":[{"name":"wp","href":"https:\/\/api.w.org\/{rel}","templated":true}]}}