{"id":11528,"date":"2021-06-02T06:08:02","date_gmt":"2021-06-02T06:08:02","guid":{"rendered":"http:\/\/ktbb.org\/v1\/?p=11528"},"modified":"2021-06-02T06:08:02","modified_gmt":"2021-06-02T06:08:02","slug":"girne-belediyesi-dunya-cocuk-gunu-etkinlikleri-duzenledi","status":"publish","type":"post","link":"https:\/\/ktbb.org\/v1\/girne-belediyesi-dunya-cocuk-gunu-etkinlikleri-duzenledi\/","title":{"rendered":"Girne Belediyesi, D\u00fcnya \u00c7ocuk G\u00fcn\u00fc etkinlikleri d\u00fczenledi"},"content":{"rendered":"<p>Girne Belediyesi, 1 Haziran D\u00fcnya \u00c7ocuk G\u00fcn\u00fc nedeniyle bir dizi etkinlik d\u00fczenledi.<\/p>\n<p>1 Haziran D\u00fcnya \u00c7ocuk G\u00fcn\u00fc etkinlikleri kapsam\u0131nda, Sevim Ebeo\u011flu Bar\u0131\u015f Park\u0131, Zeytinlik \u00c7ocuk Park\u0131nda ve Kar\u015f\u0131yaka \u00c7ocuk Park\u0131nda 10.00 -12 00 saatleri aras\u0131nda \u0130leli Market ve Atakom Ltd. sponsorlu\u011funda \u00e7ocuklara \u00fccretsiz dondurma ve balon da\u011f\u0131t\u0131ld\u0131. D\u00fcnya \u00e7ocuk G\u00fcn\u00fc nedeniyle ayr\u0131ca, Sevim Ebeo\u011flu Bar\u0131\u015f Park\u0131nda, ayn\u0131 saatler i\u00e7erisinde \u00e7ocuklara y\u00f6nelik e\u011flenceli aktiviteler, \u00e7e\u015fitli at\u00f6lye \u00e7al\u0131\u015fmalar\u0131 yar\u0131\u015fma ve m\u00fczikli oyunlar\u0131n yer ald\u0131\u011f\u0131 bir etkinlik d\u00fczenlendi. <\/p>\n<p>Girne Belediyesi\u2019nden verilen bilgide; 1 Haziran D\u00fcnya \u00c7ocuk G\u00fcn\u00fc etkinlikleri kapsam\u0131nda, Sevim Ebeo\u011flu Bar\u0131\u015f Park\u0131, Zeytinlik \u00c7ocuk Park\u0131nda ve Kar\u015f\u0131yaka \u00c7ocuk Park\u0131nda 10.00 -12 00 saatleri aras\u0131nda \u0130leli Market ve Atakom Ltd. sponsorlu\u011funda \u00e7ocuklara \u00fccretsiz dondurma ve balon da\u011f\u0131t\u0131ld\u0131. D\u00fcnya \u00e7ocuk G\u00fcn\u00fc nedeniyle ayr\u0131ca, Sevim Ebeo\u011flu Bar\u0131\u015f Park\u0131nda, ayn\u0131 saatler i\u00e7erisinde \u00e7ocuklara y\u00f6nelik e\u011flenceli aktiviteler, \u00e7e\u015fitli at\u00f6lye \u00e7al\u0131\u015fmalar\u0131 yar\u0131\u015fma ve m\u00fczikli oyunlar\u0131n yer ald\u0131\u011f\u0131 bir etkinlik d\u00fczenlendi.<\/p>\n<p>Etkinli\u011fe kat\u0131lan \u00e7ocuklar ve aileleri etkinlikle ilgili d\u00fc\u015f\u00fcncelerini payla\u015ft\u0131. Girne Belediye Ba\u015fkan\u0131 Nidai G\u00fcng\u00f6rd\u00fc, \u00e7ocuklar\u0131n gelece\u011fin gen\u00e7leri ve yar\u0131nlar\u0131n y\u00f6neticileri olaca\u011f\u0131n\u0131 belirterek, \u00fclke ve d\u00fcnya \u00e7ocuklar\u0131n\u0131n t\u00fcm d\u00fcnya 1 Haziran D\u00fcnya \u00e7ocuk g\u00fcn\u00fcn\u00fc kutlad\u0131. \u00c7ocuklar\u0131n, pandemi nedeniyle e\u011fitimlerinden, okullar\u0131ndan arkada\u015flar\u0131ndan ve sosyal ya\u015famdan uzak kald\u0131\u011f\u0131n\u0131 dile getiren G\u00fcng\u00f6rd\u00fc, belediye olarak b\u00f6ylesi bir g\u00fcnde, \u00e7ocuklar\u0131 arkada\u015flar\u0131yla bir araya getirmek, onlara \u00e7e\u015fitli hediyeler da\u011f\u0131tmak, pandemi ko\u015fullar\u0131n\u0131 dikkate alarak, \u00e7e\u015fitli aktivitelerle e\u011flendirmek istediklerini ifade etti. <\/p>\n<p>1 Haziran D\u00fcnya \u00c7ocuk G\u00fcn\u00fc etkinli\u011fine kakt\u0131 sa\u011flayan herkese te\u015fekk\u00fcr eden G\u00fcng\u00f6rd\u00fc, \u00e7ocuklar\u0131n gelecekte \u00fclkelerin d\u00fcnyan\u0131n y\u00f6neticileri olaca\u011f\u0131n\u0131 an\u0131msatarak, \u00e7ocuklar\u0131n \u00fclke, vatan, \u00e7evre, hayvan sevgisiyle ve b\u00fcy\u00fcklerine sayg\u0131l\u0131 bireyler olarak yeti\u015ftirilmesi gerekti\u011fini ifade etti. Ho\u015fg\u00f6r\u00fc, sevgi ve bar\u0131\u015f i\u00e7erisinde b\u00fcy\u00fct\u00fclen \u00e7ocuklar taraf\u0131ndan y\u00f6netilecek \u00fclke ve d\u00fcnyan\u0131n \u00e7ok daha g\u00fczel yerler olaca\u011f\u0131na inan\u00e7 belirten G\u00fcng\u00f6rd\u00fc, t\u00fcm \u00e7ocuklar\u0131n e\u015fit \u015fartlarda, \u00f6zg\u00fcrl\u00fck ve bar\u0131\u015f i\u00e7inde ya\u015fad\u0131\u011f\u0131, ho\u015fg\u00f6r\u00fc ve bar\u0131\u015fla b\u00fcy\u00fcd\u00fc\u011f\u00fc bir gelecek dile\u011finde bulundu. Salg\u0131n\u0131n devam etti\u011fi g\u00fcnlerde baz\u0131 \u00fclkelerde ko\u015fullar\u0131n \u00e7ok daha a\u011f\u0131r oldu\u011funu Kuzey K\u0131br\u0131s\u2019\u0131n di\u011fer \u00fclkelere g\u00f6re \u015fansl\u0131 bir konumda oldu\u011funu belirten G\u00fcng\u00f6rd\u00fc, bu zor g\u00fcnlerin en k\u0131sa s\u00fcrede atlat\u0131laca\u011f\u0131na inan\u00e7 belirtti.<\/p>\n","protected":false},"excerpt":{"rendered":"<p>Girne Belediyesi, 1 Haziran D\u00fcnya \u00c7ocuk G\u00fcn\u00fc nedeniyle bir dizi [&hellip;]<\/p>\n","protected":false},"author":10,"featured_media":11529,"comment_status":"open","ping_status":"closed","sticky":false,"template":"","format":"standard","meta":{"footnotes":""},"categories":[9],"tags":[],"class_list":["post-11528","post","type-post","status-publish","format-standard","has-post-thumbnail","hentry","category-uyelerimizin-haberleri"],"_links":{"self":[{"href":"https:\/\/ktbb.org\/v1\/wp-json\/wp\/v2\/posts\/11528","targetHints":{"allow":["GET"]}}],"collection":[{"href":"https:\/\/ktbb.org\/v1\/wp-json\/wp\/v2\/posts"}],"about":[{"href":"https:\/\/ktbb.org\/v1\/wp-json\/wp\/v2\/types\/post"}],"author":[{"embeddable":true,"href":"https:\/\/ktbb.org\/v1\/wp-json\/wp\/v2\/users\/10"}],"replies":[{"embeddable":true,"href":"https:\/\/ktbb.org\/v1\/wp-json\/wp\/v2\/comments?post=11528"}],"version-history":[{"count":1,"href":"https:\/\/ktbb.org\/v1\/wp-json\/wp\/v2\/posts\/11528\/revisions"}],"predecessor-version":[{"id":11530,"href":"https:\/\/ktbb.org\/v1\/wp-json\/wp\/v2\/posts\/11528\/revisions\/11530"}],"wp:featuredmedia":[{"embeddable":true,"href":"https:\/\/ktbb.org\/v1\/wp-json\/wp\/v2\/media\/11529"}],"wp:attachment":[{"href":"https:\/\/ktbb.org\/v1\/wp-json\/wp\/v2\/media?parent=11528"}],"wp:term":[{"taxonomy":"category","embeddable":true,"href":"https:\/\/ktbb.org\/v1\/wp-json\/wp\/v2\/categories?post=11528"},{"taxonomy":"post_tag","embeddable":true,"href":"https:\/\/ktbb.org\/v1\/wp-json\/wp\/v2\/tags?post=11528"}],"curies":[{"name":"wp","href":"https:\/\/api.w.org\/{rel}","templated":true}]}}