{"id":11538,"date":"2021-06-03T05:58:43","date_gmt":"2021-06-03T05:58:43","guid":{"rendered":"http:\/\/ktbb.org\/v1\/?p=11538"},"modified":"2021-06-03T05:58:43","modified_gmt":"2021-06-03T05:58:43","slug":"girne-belediyesi-toplu-is-sozlesmesi-imzaladi-2","status":"publish","type":"post","link":"https:\/\/ktbb.org\/v1\/girne-belediyesi-toplu-is-sozlesmesi-imzaladi-2\/","title":{"rendered":"Girne Belediyesi, Toplu \u0130\u015f S\u00f6zle\u015fmesi \u0130mzalad\u0131"},"content":{"rendered":"<p>Girne Belediyesi, Devrimci \u0130\u015f\u00e7i Sendikalar\u0131 Federasyonu\u2019na (Dev-\u0130\u015f) Ba\u011fl\u0131 Devrimci Genel \u0130\u015f Sendikas\u0131 \u0130le Toplu \u0130\u015f S\u00f6zle\u015fmesi \u0130mzalad\u0131.<\/p>\n<p>Girne Belediyesi ile Devrimci Genel-\u0130\u015f Sendikas\u0131 aras\u0131nda 1 OCAK 2021-31 ARALIK 2022 d\u00f6nemini kapsayacak toplu i\u015f s\u00f6zle\u015fmesi imzaland\u0131. \u0130mza t\u00f6renine, Girne Belediye Ba\u015fkan\u0131 Nidai G\u00fcng\u00f6rd\u00fc, Girne Belediyesi \u0130nsan Kaynaklar\u0131 \u015eube Amiri Remziye Ka\u015fif, Devrimci \u0130\u015f\u00e7i Sendikalar\u0131 Federasyonu (Dev-\u0130\u015f) Ba\u015fkan\u0131 Koral A\u015fam, Devrimci Genel-\u0130\u015f Sendikas\u0131 Ba\u015fkan\u0131 \u00d6mer Na\u015fit ve sendika i\u015fyeri temsilcileri kat\u0131ld\u0131.<\/p>\n<p>G\u00fcng\u00f6rd\u00fc: Sendika ile her zaman uyum i\u00e7erisindeyiz<\/p>\n<p>Girne Belediye Ba\u015fkan\u0131 Nidai G\u00fcng\u00f6rd\u00fc: \u201cCovid-19 Salg\u0131n\u0131ndan dolay\u0131 gecikme ya\u015fad\u0131\u011f\u0131m\u0131z toplu i\u015f s\u00f6zle\u015fmesini imzalad\u0131k. G\u00f6r\u00fc\u015fmelerimiz ba\u015flad\u0131\u011f\u0131 g\u00fcnden itibaren bug\u00fcne kadar sendika ile uyumlu ve i\u015f\u00e7i taraf\u0131ndan gelen \u00f6neriler do\u011frultusunda belediye idaresi olarak de\u011ferlendirdikten sonra da bug\u00fcn toplu i\u015f s\u00f6zle\u015fmesine imza att\u0131k. Bu s\u00f6zle\u015fmeyi imzalayarak Girne Belediyesi\u2019ne ba\u011fl\u0131 t\u00fcm i\u015fyerlerindeki i\u015f\u00e7i ve i\u015fveren aras\u0131nda var olan i\u015f uyumu konular\u0131nda Sendika ile ortak hareket etmenin farkl\u0131 yollar\u0131 da a\u00e7\u0131lm\u0131\u015f oldu. \u00d6zellikle belediyemizin insan kaynaklar\u0131 b\u00f6l\u00fcm\u00fc ile birlikte geli\u015ftirmeye \u00e7al\u0131\u015ft\u0131\u011f\u0131m\u0131z belediyemize ba\u011fl\u0131 b\u00fct\u00fcn i\u015f kollar\u0131ndaki i\u015f\u00e7ilerimize ve \u00e7al\u0131\u015fanlar\u0131m\u0131za y\u00f6nelik i\u015f g\u00fcvenli\u011fi konusunda da var olan tedbirlerimiz daha bilimsel y\u00f6nde ve programl\u0131 olacakt\u0131r. Toplu i\u015f s\u00f6zle\u015fmesi g\u00f6r\u00fc\u015fmeleri s\u00fcresi boyunca sendikam\u0131zla i\u00e7inde bulundu\u011fumuz ko\u015fullar\u0131 dikkate alarak pek \u00e7ok konuda ayn\u0131 g\u00f6r\u00fc\u015fe sahip olduk. \u00d6ncelikli olarak \u00e7al\u0131\u015fanlar\u0131n i\u015flerini g\u00fcvence alt\u0131na almak ve i\u015f g\u00fcvenli\u011fi konular\u0131nda uyarmak, onlara gerekli teknik deste\u011fi ve e\u011fitimi sa\u011flamak sendikadan ayr\u0131 d\u00fc\u015f\u00fcn\u00fclemezdi. Yap\u0131lan i\u015fbirli\u011fi nedeniyle Devrimci Genel-\u0130\u015f Sendikas\u0131na te\u015fekk\u00fcr eder, yeni d\u00f6nem toplu i\u015f s\u00f6zle\u015fmesinin de hay\u0131rl\u0131 olmas\u0131n\u0131 diliyorum. T\u00fcm \u00e7al\u0131\u015fanlar\u0131m\u0131zla sevgi, huzur ve bar\u0131\u015f i\u00e7erisinde olaca\u011f\u0131m\u0131z\u0131 belirtmek isterim\u201d dedi.<\/p>\n<p>Devrimci \u0130\u015f\u00e7i Sendikalar\u0131 Federasyonu (Dev-\u0130\u015f) Ba\u015fkan\u0131 Koral A\u015fam: \u201c\u00d6ncelikle Pandemi ko\u015fullar\u0131n\u0131n zor \u015fartlar\u0131nda hizmet veren Girne personeline ve y\u00f6netimine bu toplu s\u00f6zle\u015fmenin hay\u0131rl\u0131 olmas\u0131n\u0131 dilerim. \u00c7ok zor g\u00fcnlerden ge\u00e7erek bug\u00fcnlere kadar geldik ve halen zor g\u00fcnler a\u015f\u0131lm\u0131\u015f de\u011fildir. Ya\u015fananlar herkesin g\u00f6z\u00fc \u00f6n\u00fcnde ger\u00e7ekle\u015fmektedir. Belediyelerin gerek n\u00fcfustan kaynakl\u0131 katk\u0131 paylar\u0131n\u0131 gerekse hayat pahal\u0131\u011f\u0131 y\u00f6n\u00fcndeki katk\u0131 paylar\u0131n\u0131 h\u00fck\u00fcmetin artt\u0131rmamas\u0131na ra\u011fmen belediye ile uyum i\u00e7erisinde i\u015f\u00e7ilerin haklar\u0131n\u0131 geriye g\u00f6t\u00fcrmemek \u015fart\u0131yla ve g\u00fcn\u00fcn ko\u015fullar\u0131na yakla\u015ft\u0131rmak, ula\u015ft\u0131rmak konusunda bir i\u015fbirli\u011fi i\u00e7inde olduk. Biraz gecikmeli de olsa toplu s\u00f6zle\u015fmemizi bug\u00fcn itibariyle imzalad\u0131k. Bu anlamda Ba\u015fkan G\u00fcng\u00f6rd\u00fc\u2019ye ve y\u00f6netime anlay\u0131\u015flar\u0131ndan dolay\u0131 te\u015fekk\u00fcr ediyor, yap\u0131lan s\u00f6zle\u015fmenin hay\u0131rl\u0131 olmas\u0131n\u0131 diliyorum\u201d dedi.  <\/p>\n","protected":false},"excerpt":{"rendered":"<p>Girne Belediyesi, Devrimci \u0130\u015f\u00e7i Sendikalar\u0131 Federasyonu\u2019na (Dev-\u0130\u015f) Ba\u011fl\u0131 Devrimci Genel [&hellip;]<\/p>\n","protected":false},"author":10,"featured_media":11540,"comment_status":"open","ping_status":"closed","sticky":false,"template":"","format":"standard","meta":{"footnotes":""},"categories":[9],"tags":[],"class_list":["post-11538","post","type-post","status-publish","format-standard","has-post-thumbnail","hentry","category-uyelerimizin-haberleri"],"_links":{"self":[{"href":"https:\/\/ktbb.org\/v1\/wp-json\/wp\/v2\/posts\/11538","targetHints":{"allow":["GET"]}}],"collection":[{"href":"https:\/\/ktbb.org\/v1\/wp-json\/wp\/v2\/posts"}],"about":[{"href":"https:\/\/ktbb.org\/v1\/wp-json\/wp\/v2\/types\/post"}],"author":[{"embeddable":true,"href":"https:\/\/ktbb.org\/v1\/wp-json\/wp\/v2\/users\/10"}],"replies":[{"embeddable":true,"href":"https:\/\/ktbb.org\/v1\/wp-json\/wp\/v2\/comments?post=11538"}],"version-history":[{"count":1,"href":"https:\/\/ktbb.org\/v1\/wp-json\/wp\/v2\/posts\/11538\/revisions"}],"predecessor-version":[{"id":11541,"href":"https:\/\/ktbb.org\/v1\/wp-json\/wp\/v2\/posts\/11538\/revisions\/11541"}],"wp:featuredmedia":[{"embeddable":true,"href":"https:\/\/ktbb.org\/v1\/wp-json\/wp\/v2\/media\/11540"}],"wp:attachment":[{"href":"https:\/\/ktbb.org\/v1\/wp-json\/wp\/v2\/media?parent=11538"}],"wp:term":[{"taxonomy":"category","embeddable":true,"href":"https:\/\/ktbb.org\/v1\/wp-json\/wp\/v2\/categories?post=11538"},{"taxonomy":"post_tag","embeddable":true,"href":"https:\/\/ktbb.org\/v1\/wp-json\/wp\/v2\/tags?post=11538"}],"curies":[{"name":"wp","href":"https:\/\/api.w.org\/{rel}","templated":true}]}}