{"id":11542,"date":"2021-06-03T06:03:10","date_gmt":"2021-06-03T06:03:10","guid":{"rendered":"http:\/\/ktbb.org\/v1\/?p=11542"},"modified":"2021-06-03T06:03:10","modified_gmt":"2021-06-03T06:03:10","slug":"toptancilar-hali-donusum-projesi-sozlesmesi-imzalandi","status":"publish","type":"post","link":"https:\/\/ktbb.org\/v1\/toptancilar-hali-donusum-projesi-sozlesmesi-imzalandi\/","title":{"rendered":"\u201cToptanc\u0131lar Hali D\u00f6n\u00fc\u015f\u00fcm Projesi\u201d S\u00f6zle\u015fmesi imzaland\u0131"},"content":{"rendered":"<p>Lefko\u015fa T\u00fcrk Belediyesi taraf\u0131ndan ihale s\u00fcreci tamamlanan \u201cEski Toptanc\u0131lar Hali Kiralama ve Yat\u0131r\u0131m \u0130halesi\u201d imza t\u00f6reni ve bu kapsamdaki \u201cUray Sokak Toptanc\u0131lar Hali D\u00f6n\u00fc\u015f\u00fcm Projesi\u2019nin lansman\u0131 ger\u00e7ekle\u015ftirildi.<\/p>\n<p>\u0130haleyi kazanan ARUCAD taraf\u0131ndan eski Toptanc\u0131lar Hali\u2019nin kiralanmas\u0131, restorasyonu, daha da donan\u0131ml\u0131 hale gelecek sahnenin Lefko\u015fa Belediye Tiyatrosu taraf\u0131ndan kullan\u0131ma devam etmesi, proje kapsam\u0131nda \u201cTiyatro ve Performans Sahnesi\u201d ile \u201cM\u00fczik ve Sahne Sanatlar\u0131 Fak\u00fcltesi\u201d yap\u0131m\u0131n\u0131n da aralar\u0131nda bulundu\u011fu s\u00f6zle\u015fme, LTB Mehmet Harmanc\u0131 ve ARUCAD M\u00fctevelli Heyeti Ba\u015fkan\u0131 Sinan Ark\u0131n taraf\u0131ndan imzaland\u0131.<br \/>\nLTB K\u00fclt\u00fcr-Sanat \u015eube Amiri K\u0131ymet Karabiber Bandabuliya Sahnesi\u2019nin kendileri i\u00e7in \u00f6nemini aktard\u0131. Karabiber, istedikleri ko\u015fullarda oyunlar\u0131n\u0131 bundan sonra daha da donan\u0131ml\u0131 bir sahnede ger\u00e7ekle\u015ftirecek olman\u0131n heyecan\u0131n\u0131 ya\u015fad\u0131klar\u0131n\u0131 s\u00f6yledi.<br \/>\nBa\u015fkan Harmanc\u0131: \u201c\u015eehrin Kalbine \u00d6nemli Bir Dokunu\u015f Yap\u0131yoruz\u201d<br \/>\nLTB Ba\u015fkan\u0131 Mehmet Harmanc\u0131, bu ihale sonucunda ile \u015fehrin kalbine \u00e7ok \u00f6nemli bir dokunu\u015fta bulunacak olman\u0131n mutlulu\u011funu ya\u015fad\u0131klar\u0131n\u0131 s\u00f6yledi. 2014 y\u0131l\u0131ndan bug\u00fcne Surlari\u00e7i ile ilgili \u00f6nemli giri\u015fimlerde bulunduklar\u0131n\u0131 belirten Ba\u015fkan Harmanc\u0131, s\u00f6z konusu y\u0131llarda b\u00f6lgede \u00e7ok fazla hareket ve devinimin olmad\u0131\u011f\u0131n\u0131 kaydetti. O y\u0131llarda b\u00f6lgenin yeniden canlanmas\u0131 ile ilgili bir s\u00fcre\u00e7 ba\u015flatt\u0131klar\u0131n\u0131 kaydeden Harmanc\u0131, bu \u00e7er\u00e7evede Bandabuliya Sahnesi ile \u015fehrin kalbinde bir sanat merkezi olu\u015fturduklar\u0131n\u0131 s\u00f6yledi.<br \/>\nBandabuliya\u2019n\u0131n tarih\u00e7esi ile ilgili olarak da bilgiler veren Ba\u015fkan Harmanc\u0131, 2004 y\u0131l\u0131nda \u00f6zellikle Bandabuliya\u2019n\u0131n, Toptanc\u0131 Hali k\u0131sm\u0131n\u0131n bir e\u011flence merkezi haline getirildi\u011fini ve 10 y\u0131l kadar bu fonksiyon ile faaliyetlerini s\u00fcrd\u00fcrd\u00fc\u011f\u00fcn\u00fc belirtti.<br \/>\nBa\u015fkan Harmanc\u0131 s\u00f6zlerine \u015f\u00f6yle devam etti: \u201cDaha sonra hem belediyenin i\u00e7inden ge\u00e7ti\u011fi s\u00fcre\u00e7ler, hem de yanl\u0131\u015f baz\u0131 kiralamalar sonucu bu durum i\u00e7inden \u00e7\u0131k\u0131lmaz bir hale geldi\u011fi ama Belediyenin \u00e7abalar\u0131 ile g\u00fcn\u00fcn sonunda Bandabuliya\u2019n\u0131n yan taraf\u0131 ile Toptanc\u0131 Hali ile ilgili sorunu \u00e7\u00f6zd\u00fck. Asmaalt\u0131 Yayala\u015ft\u0131rma Projesi kapsam\u0131nda 2013\u2019te yayala\u015ft\u0131rma yap\u0131lm\u0131\u015f, bizler de 2 Milyon TL\u2019lik yat\u0131r\u0131m ile t\u00fcm altyap\u0131s\u0131 ve di\u011fer eksiklerini tamamlam\u0131\u015ft\u0131k. B\u00f6ylece keyifle gezilebilecek bir hale d\u00f6n\u00fc\u015fen b\u00f6lge devinim kazand\u0131rd\u0131. Bandabuliya, 3 y\u0131l kadar \u00f6nce AB ile s\u00f6z kesilen bir yerdi. AB ile Toptanc\u0131lar Hali ile ilgili bir prensip anla\u015fmam\u0131z vard\u0131. 3 y\u0131l kadar bunun ger\u00e7ekle\u015fmesini bekledik. Ancak daha sonra AB kendine ait farkl\u0131 sebeplerden dolay\u0131 bu projenin ger\u00e7ekle\u015femeyece\u011fi bilgisini 2021 y\u0131l\u0131n\u0131n ba\u015f\u0131nda bize iletti. Ve bunun \u00fczerine ge\u00e7ti\u011fimiz aylarda a\u00e7\u0131k bir ihale ger\u00e7ekle\u015ftirdik. \u0130hale s\u00fcreci sonunda bizleri en \u00e7ok heyecanland\u0131ran, mali y\u00f6nden en avantajl\u0131 ve en ba\u015far\u0131l\u0131 projeyi sunan ARUCAD idi. Ve \u015fimdi b\u00f6lgeye prestijli bir sanat \u00fcniversitesi geliyor. Ekonomik, sosyal ve k\u00fclt\u00fcrel hayat\u0131n bir kamu kurumu taraf\u0131ndan nas\u0131l olumlu y\u00f6nde d\u00f6n\u00fc\u015ft\u00fcr\u00fclebilece\u011finin bir \u00f6rne\u011fini sunaca\u011f\u0131m\u0131za inan\u0131yorum\u201d.<br \/>\nHarmanc\u0131, Bandabuliya Sahnesi\u2019nin LTB taraf\u0131ndan kullan\u0131lmaya ve alan\u0131n kamuya a\u00e7\u0131k olmaya devam edece\u011fini, yan taraftaki geni\u015f alan\u0131n ise c\u0131v\u0131l c\u0131v\u0131l gen\u00e7lere a\u00e7\u0131laca\u011f\u0131n\u0131 s\u00f6yledi.<\/p>\n<p>Ba\u015fkan Harmanc\u0131 konu\u015fmas\u0131n\u0131 \u015fu \u015fekilde sonland\u0131rd\u0131:<br \/>\n\u201cBa\u011f\u0131ms\u0131z sanat aktivitelerinin kurumsal aktivitelerle b\u00fct\u00fcnle\u015febilece\u011fi ekonomik anlamda bu b\u00f6lgeye yat\u0131r\u0131m yapan Z ku\u015fa\u011f\u0131n\u0131n g\u00fcnd\u00fcz ve gece olarak art\u0131k bu devinimi s\u00fcrekli olarak hissedebilecekleri ve sadece Uray Soka\u011f\u0131\u2019n\u0131n de\u011fil K\u00fct\u00fcphane Sokak\u2019tan ba\u015flayarak Uray Sokak ve Kuyumcular Soka\u011f\u0131\u2019n\u0131n da devinim kazanacakt\u0131r.  Bu bas\u0131n toplant\u0131s\u0131 sonras\u0131 umar\u0131m Vak\u0131flar \u0130daresi de bu olay\u0131n bir par\u00e7as\u0131 haline gelir ve b\u00f6lgede ya\u015fanan bu de\u011fi\u015fimin onlar da kat\u0131l\u0131rlar.  Bu proje Surlari\u00e7i geli\u015fim stratejisinin de bir par\u00e7as\u0131d\u0131r. Bu projede belediye, tiyatro sahnesini kullanmaya devam edecek ve eminim ki Lefko\u015fa Belediye Tiyatrosu daha da donan\u0131ml\u0131 bir sahne ile \u00e7ok daha g\u00fczel oyunlar ile seyircisi ile bulu\u015fmaya devam edecektir. Bu bir \u015fehir-e\u011fitim i\u015f birli\u011fi ile sosyal, ekonomik ve k\u00fclt\u00fcrel fayda projesidir. Biz, bizden sonra gelecek olanlar\u0131nda ekonomik anlamda \u00e7ok faydalanabilece\u011fi bir ihaleye imza att\u0131k. 15 y\u0131l s\u00fcreli bu ihale, LTB\u2019nin gelir anlam\u0131nda bug\u00fcne kadar yapm\u0131\u015f oldu\u011fu en y\u00fcksek gelirli ihaledir. LTB bu ihale ile ayl\u0131k yakla\u015f\u0131k ortalama 30 Bin TL \u00fczerinde gelir sahibi olacakt\u0131r.\u201d<\/p>\n<p>S\u0130NAN ARKIN<\/p>\n<p>ARUCAD M\u00fctevelli Heyeti Ba\u015fkan\u0131 Sinan Ark\u0131n da konu\u015fmas\u0131nda, \u00fcniversiteyi kurarken ekonomi ve k\u00fclt\u00fcr de dahil olmak \u00fczere her alanda toplumun ayr\u0131lmaz bir par\u00e7as\u0131 olmay\u0131 ve  ARUCAD\u2019\u0131n i\u00e7inde faaliyet g\u00f6sterdi\u011fi \u015fehirlerin tarihi-k\u00fclt\u00fcrel dokusuna sahip \u00e7\u0131kmak ve geli\u015ftirmeyi ama\u00e7lad\u0131klar\u0131n\u0131 s\u00f6yledi.<\/p>\n<p>Girne\u2019de belediye ile yapt\u0131klar\u0131 i\u015fbirli\u011fi sayesinde bu amaca ula\u015ft\u0131klar\u0131n\u0131 dile getiren Ark\u0131n bu f\u0131rsat\u0131n Lefko\u015fa\u2019da da kar\u015f\u0131lar\u0131na \u00e7\u0131kmas\u0131n\u0131n heyecan verici oldu\u011funu kaydetti.<\/p>\n<p>Ark\u0131n, Surlari\u00e7i\u2019nin sahip \u00e7\u0131kmalar\u0131 gereken bir de\u011fer oldu\u011funu, LTB\u2019nin Surlari\u00e7i\u2019nde olu\u015fturdu\u011fu strateji ile b\u00f6lgeye katk\u0131 verebilmenin onur verici oldu\u011funu belirtti.<\/p>\n<p>Ark\u0131n, LTB Oda Tiyatrosuyla yapacaklar\u0131 i\u015fbirli\u011finin de kendileri i\u00e7in \u00e7ok \u00f6nemli oldu\u011funu ifade etti.<\/p>\n<p>ERB\u0130L ARKIN<\/p>\n<p>ARUCAD Kurucusu Erbil Ark\u0131n ise konu\u015fmas\u0131nda, Lefko\u015fa\u2019ya ayak basmalar\u0131na, LTB ile bu protokol\u00fc imzalamalar\u0131na  vesile olan s\u00fcre\u00e7le ilgili bilgiler verdi ve bug\u00fcn\u00fcn kendileri i\u00e7in \u00e7ok gurur verici oldu\u011funu s\u00f6yledi.<\/p>\n<p>ARUCAD olarak b\u00f6lgede yapabilecekleriyle ilgili b\u00fcy\u00fck hayaller kurduklar\u0131n\u0131 kaydeden Ark\u0131n,  800-900 senelik bu b\u00f6lgenin nas\u0131l aya\u011fa kald\u0131r\u0131l\u0131p, ailelerin tekrar ikamet etmek isteyece\u011fi, sanatla dolu c\u0131v\u0131l c\u0131v\u0131l bir yer hale gelmesine katk\u0131 sa\u011flayabileceklerini d\u00fc\u015f\u00fcnd\u00fcklerini ifade etti ve \u201c\u0130n\u015fallah o tohum ARUCAD olur\u201d diye konu\u015ftu.<\/p>\n<p>VEHB\u0130<\/p>\n<p>ARUCAD Rekt\u00f6r\u00fc As\u0131m Vehbi ise, Lefko\u015fa\u2019ya kendilerine heyecan veren yeni bir fak\u00fclte projesiyle ad\u0131m att\u0131klar\u0131n\u0131 belirtti ve ARUCAD\u2019la ilgili bilgiler verdi.<\/p>\n<p>Vehbi, ARUCAD\u2019\u0131n kar amac\u0131 g\u00fctmeyen bir vak\u0131f kurulu\u015fu oldu\u011funu, \u00fclkenin ve bulunduklar\u0131  b\u00f6lgenin k\u00fclt\u00fcrel, entelekt\u00fcel standartlar\u0131 y\u00fckseltmek hedefinde olduklar\u0131n\u0131 vurgulad\u0131.<\/p>\n<p>Vehbi, imzalad\u0131klar\u0131 s\u00f6zle\u015fme  kapsam\u0131nda  b\u00f6lgede sadece e\u011fitime de\u011fil sosyal hayat, k\u00fclt\u00fcrel miras, ekonomik kalk\u0131nma,  sanatsal etkinliklere ve bunlar \u00e7er\u00e7evesinde turizme katk\u0131lar yapacaklar\u0131n\u0131  belirtti.<\/p>\n<p>Proje kapsam\u0131nda Tiyatro ve Performans Sahnesi\u2019nin geli\u015ftirilerek iyile\u015ftirilmesi, Dans ve Performans St\u00fcdyolar\u0131 yap\u0131lmas\u0131n\u0131 da hedeflediklerini kaydeden Vehbi, projenin detaylar\u0131n\u0131 da aktard\u0131.<\/p>\n<p>Konu\u015fmalar\u0131n ard\u0131ndan projenin mimari g\u00f6sterimi yap\u0131ld\u0131 ve s\u00f6zle\u015fme imzaland\u0131.<\/p>\n","protected":false},"excerpt":{"rendered":"<p>Lefko\u015fa T\u00fcrk Belediyesi taraf\u0131ndan ihale s\u00fcreci tamamlanan \u201cEski Toptanc\u0131lar Hali [&hellip;]<\/p>\n","protected":false},"author":10,"featured_media":11543,"comment_status":"open","ping_status":"closed","sticky":false,"template":"","format":"standard","meta":{"footnotes":""},"categories":[9],"tags":[],"class_list":["post-11542","post","type-post","status-publish","format-standard","has-post-thumbnail","hentry","category-uyelerimizin-haberleri"],"_links":{"self":[{"href":"https:\/\/ktbb.org\/v1\/wp-json\/wp\/v2\/posts\/11542","targetHints":{"allow":["GET"]}}],"collection":[{"href":"https:\/\/ktbb.org\/v1\/wp-json\/wp\/v2\/posts"}],"about":[{"href":"https:\/\/ktbb.org\/v1\/wp-json\/wp\/v2\/types\/post"}],"author":[{"embeddable":true,"href":"https:\/\/ktbb.org\/v1\/wp-json\/wp\/v2\/users\/10"}],"replies":[{"embeddable":true,"href":"https:\/\/ktbb.org\/v1\/wp-json\/wp\/v2\/comments?post=11542"}],"version-history":[{"count":1,"href":"https:\/\/ktbb.org\/v1\/wp-json\/wp\/v2\/posts\/11542\/revisions"}],"predecessor-version":[{"id":11544,"href":"https:\/\/ktbb.org\/v1\/wp-json\/wp\/v2\/posts\/11542\/revisions\/11544"}],"wp:featuredmedia":[{"embeddable":true,"href":"https:\/\/ktbb.org\/v1\/wp-json\/wp\/v2\/media\/11543"}],"wp:attachment":[{"href":"https:\/\/ktbb.org\/v1\/wp-json\/wp\/v2\/media?parent=11542"}],"wp:term":[{"taxonomy":"category","embeddable":true,"href":"https:\/\/ktbb.org\/v1\/wp-json\/wp\/v2\/categories?post=11542"},{"taxonomy":"post_tag","embeddable":true,"href":"https:\/\/ktbb.org\/v1\/wp-json\/wp\/v2\/tags?post=11542"}],"curies":[{"name":"wp","href":"https:\/\/api.w.org\/{rel}","templated":true}]}}