{"id":11548,"date":"2021-06-03T09:22:57","date_gmt":"2021-06-03T09:22:57","guid":{"rendered":"http:\/\/ktbb.org\/v1\/?p=11548"},"modified":"2021-06-03T09:22:57","modified_gmt":"2021-06-03T09:22:57","slug":"canaltay-gungorduyu-makaminda-ziyaret-etti","status":"publish","type":"post","link":"https:\/\/ktbb.org\/v1\/canaltay-gungorduyu-makaminda-ziyaret-etti\/","title":{"rendered":"Canaltay, G\u00fcng\u00f6rd\u00fc&#8217;y\u00fc makam\u0131nda ziyaret etti"},"content":{"rendered":"<p>Ziyarette Bakana \u00d6zel Kalem M\u00fcd\u00fcr\u00fc Saffet Nadiri, Bakanl\u0131k M\u00fcd\u00fcr\u00fc Salih Canse\u00e7, Trafik Dairesi M\u00fcd\u00fcr\u00fc Ahmet Ayd\u0131n,  Telekom\u00fcnikasyon Dairesi M\u00fcd\u00fcr\u00fc Enis Alag\u00f6z, Karayollar\u0131 Dairesi M\u00fcd\u00fcr Vekili Ark\u0131n \u015eansal, Posta Dairesi M\u00fcd\u00fcr\u00fc Hasan \u015eent\u00fcrk e\u015flik ederken, Belediye Meclis \u00fcyeleri de ziyaret s\u0131ras\u0131nda haz\u0131r bulundular.<\/p>\n<p>Girne Belediye Ba\u015fkan\u0131 Nidai G\u00fcng\u00f6rd\u00fc kabulde yapt\u0131\u011f\u0131 a\u00e7\u0131klamada, Resmiye Canaltay\u2019\u0131n il\u00e7eleri ziyaret ederek sorunlar\u0131 yerinde incelemesinden duydu\u011fu memnuniyeti ifade etti.<br \/>\nG\u00fcng\u00f6rd\u00fc, Ula\u015ft\u0131rma Bakanl\u0131\u011f\u0131n\u0131n \u00fclkemizde belediyeler ile i\u015fbirli\u011fi i\u00e7erisinde olan en yak\u0131n bakanl\u0131klardan biri oldu\u011funu, devletin kurumlar\u0131n\u0131n ve belediyelerin pandemi s\u00fcresince birtak\u0131m yat\u0131r\u0131mlar\u0131 yapmakta sorunlar ya\u015fad\u0131\u011f\u0131n\u0131, yeni a\u00e7\u0131l\u0131mlarla birlikte ekonominin de g\u00fc\u00e7lenmesiyle bu kurumlar\u0131n kesintiye u\u011frayan hizmetlerinin tekrardan canlanaca\u011f\u0131na inanc\u0131n\u0131n tam oldu\u011funu kaydetti.<\/p>\n<p>Girne\u2019nin \u00f6nceli\u011fi do\u011fu \u00e7evre yolu<\/p>\n<p>Ziyaret esnas\u0131nda Girne\u2019nin temel sorunu olan trafi\u011fe de\u011finen G\u00fcng\u00f6rd\u00fc,  Bat\u0131 \u00c7evre yolu ve Do\u011fu \u00c7evre yolu hakk\u0131nda Canaltay\u2019a bilgiler vererek, Bat\u0131 \u00c7evre Yolunu, Girne hudutlar\u0131 d\u00fc\u015f\u00fcn\u00fcld\u00fc\u011f\u00fcnde kendileri ile olan k\u0131sm\u0131n\u0131 Alsancak\u2019a kadar \u00f6telediklerini, kendilerinin \u015fehir i\u00e7indeki bat\u0131 \u00e7evre yolu ile olan memnuniyetlerinin en \u00fcst d\u00fczeyde oldu\u011funu belirtti.<br \/>\nDo\u011fu \u00e7evre yolunun olmamas\u0131n\u0131n kendi hesaplar\u0131na g\u00f6re \u015fehir trafi\u011finin y\u00fczde k\u0131rk\u0131n\u0131 etkiledi\u011fini s\u00f6zlerine ekleyen G\u00fcng\u00f6rd\u00fc, son on y\u0131ldaki do\u011fuda faaliyet g\u00f6steren turistik tesislerin ve yerle\u015fim yerlerinin \u00e7o\u011falmas\u0131yla birlikte Do\u011fu \u00c7evre yolunun \u00f6nemini daha fazla ortaya \u00e7\u0131kard\u0131\u011f\u0131n\u0131 vurgulad\u0131.<\/p>\n<p>Ziyaretten duydu\u011fu memnuniyeti dile getiren G\u00fcng\u00f6rd\u00fc, Da\u011f yolu olarak bilinen yolun tamamlanaca\u011f\u0131 ve do\u011fu \u00e7evre yolunun da g\u00fcndeme gelece\u011fine inanc\u0131n\u0131n tam oldu\u011funu kaydetti. <\/p>\n<p>Daha \u00f6nceden kendilerinin 550bin TL harcayarak \u0131slah ettikleri Do\u011fank\u00f6y- Bellapais aras\u0131ndaki yolun asfaltlanmas\u0131yla ilgili ge\u00e7mi\u015f h\u00fck\u00fcmetlere bir taleplerinin oldu\u011funu kaydeden G\u00fcng\u00f6rd\u00fc, Covid pandemisi nedeniyle bu taleplerinin g\u00fcndeme gelmedi\u011fini, bu yolun g\u00fcndeme gelip asfaltlanmas\u0131 ile birlikte do\u011fu y\u00f6n\u00fcnden Lefko\u015fa\u2019ya gidecek vatanda\u015flar\u0131n trafik y\u00f6n\u00fcnden b\u00fcy\u00fck rahatlamaya kavu\u015facaklar\u0131n\u0131 ifade etti. <\/p>\n<p>Ziyarette konu\u015fan Bay\u0131nd\u0131rl\u0131k ve Ula\u015ft\u0131rma Bakan\u0131 Resmiye Canaltay, Girne\u2019nin alt yap\u0131s\u0131yla ilgili sorunlar\u0131n var oldu\u011funu ve bu sorunlar\u0131 \u00e7\u00f6zmek i\u00e7in bakanl\u0131k olarak projeler \u00fcrettiklerini, Girne\u2019nin alt yap\u0131 olarak istedikleri noktada olmad\u0131\u011f\u0131n\u0131 vurgulad\u0131.<\/p>\n<p>Girne KKTC\u2019nin y\u00fcz\u00fc<\/p>\n<p>Girne\u2019nin \u00f6nemli bir turizm merkezi olmas\u0131 yan\u0131nda KKTC\u2019nin d\u00fcnyadaki y\u00fcz\u00fc oldu\u011funu s\u00f6yleyen Canaltay, bu nedenle b\u00f6lgedeki altyap\u0131n\u0131n geli\u015ftirilmesi i\u00e7in bakanl\u0131k olarak ellerinden geleni yapacaklar\u0131n\u0131 s\u00f6yleyerek s\u00f6zlerine \u015f\u00f6yle devam etti. \u201cYurtd\u0131\u015f\u0131 tan\u0131t\u0131mlar\u0131 ve fuarlardaki y\u00fcz\u00fcm\u00fcz hep Girne olmu\u015ftur ve bug\u00fcnden sonra da hep Girne olacakt\u0131r. Ben Bakan olduktan sonra arkada\u015flar\u0131mla birlikte projelere yo\u011funla\u015farak mevcut sorunlar\u0131n \u00fcstesinden gelmeye \u00e7al\u0131\u015f\u0131yoruz \u201ddedi.<\/p>\n<p>Canaltay, Girne\u2019de \u015fu an hareket etmenin \u00e7ok zor oldu\u011fu bir d\u00f6nemde olduklar\u0131n\u0131, \u00e7ok fazla yap\u0131la\u015fma ve n\u00fcfustan dolay\u0131 art\u0131k yollar\u0131n yetmedi\u011fini vurgulayarak, Girne Belediyesi ile birlikte \u00e7al\u0131\u015farak mevcut sorunlar\u0131n ortadan kalkaca\u011f\u0131na inand\u0131klar\u0131n\u0131 kaydetti.<br \/>\nCanaltay, Girne\u2019deki Do\u011fu \u00c7evre Yolu gibi projeler ile ilgili Belediye ile birlikte, el birli\u011fi i\u00e7erisinde \u00e7al\u0131\u015f\u0131p bunlar\u0131 hayata ge\u00e7irmeyi hedeflediklerini kaydetti.<\/p>\n","protected":false},"excerpt":{"rendered":"<p>Ziyarette Bakana \u00d6zel Kalem M\u00fcd\u00fcr\u00fc Saffet Nadiri, Bakanl\u0131k M\u00fcd\u00fcr\u00fc Salih [&hellip;]<\/p>\n","protected":false},"author":10,"featured_media":11549,"comment_status":"open","ping_status":"closed","sticky":false,"template":"","format":"standard","meta":{"footnotes":""},"categories":[9],"tags":[],"class_list":["post-11548","post","type-post","status-publish","format-standard","has-post-thumbnail","hentry","category-uyelerimizin-haberleri"],"_links":{"self":[{"href":"https:\/\/ktbb.org\/v1\/wp-json\/wp\/v2\/posts\/11548","targetHints":{"allow":["GET"]}}],"collection":[{"href":"https:\/\/ktbb.org\/v1\/wp-json\/wp\/v2\/posts"}],"about":[{"href":"https:\/\/ktbb.org\/v1\/wp-json\/wp\/v2\/types\/post"}],"author":[{"embeddable":true,"href":"https:\/\/ktbb.org\/v1\/wp-json\/wp\/v2\/users\/10"}],"replies":[{"embeddable":true,"href":"https:\/\/ktbb.org\/v1\/wp-json\/wp\/v2\/comments?post=11548"}],"version-history":[{"count":1,"href":"https:\/\/ktbb.org\/v1\/wp-json\/wp\/v2\/posts\/11548\/revisions"}],"predecessor-version":[{"id":11550,"href":"https:\/\/ktbb.org\/v1\/wp-json\/wp\/v2\/posts\/11548\/revisions\/11550"}],"wp:featuredmedia":[{"embeddable":true,"href":"https:\/\/ktbb.org\/v1\/wp-json\/wp\/v2\/media\/11549"}],"wp:attachment":[{"href":"https:\/\/ktbb.org\/v1\/wp-json\/wp\/v2\/media?parent=11548"}],"wp:term":[{"taxonomy":"category","embeddable":true,"href":"https:\/\/ktbb.org\/v1\/wp-json\/wp\/v2\/categories?post=11548"},{"taxonomy":"post_tag","embeddable":true,"href":"https:\/\/ktbb.org\/v1\/wp-json\/wp\/v2\/tags?post=11548"}],"curies":[{"name":"wp","href":"https:\/\/api.w.org\/{rel}","templated":true}]}}