{"id":11554,"date":"2021-06-03T12:05:05","date_gmt":"2021-06-03T12:05:05","guid":{"rendered":"http:\/\/ktbb.org\/v1\/?p=11554"},"modified":"2021-06-03T12:05:05","modified_gmt":"2021-06-03T12:05:05","slug":"baskonsolos-cetinden-baskan-sadikogluna-nezaket-ziyareti","status":"publish","type":"post","link":"https:\/\/ktbb.org\/v1\/baskonsolos-cetinden-baskan-sadikogluna-nezaket-ziyareti\/","title":{"rendered":"Ba\u015fkonsolos \u00c7etin&#8217;den Ba\u015fkan Sad\u0131ko\u011flu&#8217;na nezaket ziyareti"},"content":{"rendered":"<p>\u0130skele-Karpaz ve Gazima\u011fusa\u2019da ya\u015fayan T\u00fcrkiye Cumhuriyeti vatanda\u015flar\u0131n\u0131n i\u015fini kolayla\u015ft\u0131racak ve vatanda\u015flar\u0131n Lefko\u015fa\u2019ya gitmesine gerek kalmadan i\u015flemlerini Gazima\u011fusa\u2019da yapmas\u0131na olanak tan\u0131yacak TC Gazima\u011fusa Ba\u015fkonsoloslu\u011fu i\u00e7in \u00e7al\u0131\u015fmalar s\u00fcr\u00fcyor. Ba\u015fkonsoloslu\u011fa yeni atanan \u0130lyas \u00c7etin de, g\u00f6reve gelir gelmez ziyaretlerine ba\u015flad\u0131. \u00c7etin bu kapsamda \u0130skele Belediye Ba\u015fkan\u0131 Hasan Sad\u0131ko\u011flu\u2019nu da ziyaret etti. \u0130lyas \u00c7etin\u2019i, TC Ekonomik Kalk\u0131nma ve \u0130\u015fbirli\u011fi Ofisi\u2019nin katk\u0131lar\u0131 ile yap\u0131lan \u0130skele Belediyesi K\u00fclt\u00fcr Evi\u2019nde a\u011f\u0131rlayan Ba\u015fkan Sad\u0131ko\u011flu, hem \u0130skele Belediyesi K\u00fclt\u00fcr Evi hakk\u0131nda bilgi verdi hem de \u0130skele Belediyesi\u2019nin s\u0131n\u0131rlar\u0131 d\u00e2hilinde bulunan \u0130skele ve k\u00f6ylerini Ba\u015fkonsolos \u00c7etin\u2019e tan\u0131tt\u0131. Sad\u0131ko\u011flu, Ba\u015fkonsoloslu\u011fun a\u00e7\u0131lacak olmas\u0131ndan duydu\u011fu memnuniyeti de dile getirdi.<\/p>\n<p>GAZ\u0130MA\u011eUSA BA\u015eKONSOLOSLU\u011eU TC LEFKO\u015eA B\u00dcY\u00dcKEL\u00c7\u0130L\u0130\u011e\u0130\u2019N\u0130N \u0130\u015e Y\u00dcK\u00dcN\u00dc HAF\u0130FLETECEK<br \/>\nLefko\u015fa\u2019da bulunan TC Lefko\u015fa B\u00fcy\u00fckel\u00e7ili\u011fi\u2019nin i\u015f y\u00fck\u00fcn\u00fc azaltmak ve B\u00fcy\u00fckel\u00e7ili\u011fe gitmekte sorun ya\u015fayan \u00f6zellikle \u0130skele-Karpaz\u2019da ya\u015fayan vatanda\u015flar\u0131n i\u015fini kolayla\u015ft\u0131rmas\u0131 i\u00e7in k\u0131sa bir zaman sonra a\u00e7\u0131lacak Gazima\u011fusa Ba\u015fkonsolosu de\u011fi\u015fti. Kas\u0131m Kaban\u2019\u0131n yerine gelen \u0130lyas \u00c7etin de vakit kaybetmeden Gazima\u011fusa Ba\u015fkonsoloslu\u011fu\u2019nun hizmet alan\u0131n\u0131 yak\u0131ndan tan\u0131mak i\u00e7in ziyaretler ba\u015flatt\u0131. \u00c7etin\u2019in \u0130skele-Karpaz g\u00fczerg\u00e2h\u0131nda ilk dura\u011f\u0131 ise \u0130skele Belediye Ba\u015fkan\u0131 Hasan Sad\u0131ko\u011flu oldu. <\/p>\n<p>BA\u015eKAN SADIKO\u011eLU, \u00c7ET\u0130N\u2019E, \u0130SKELE\u2019Y\u0130 TANITTI<br \/>\nGazima\u011fusa Ba\u015fkonsolosu \u0130lyas \u00c7etin\u2019i \u0130skele Belediyesi K\u00fclt\u00fcr Evi\u2019nde a\u011f\u0131rlayan Ba\u015fkan Sad\u0131ko\u011flu, \u00c7etin\u2019e K\u00fclt\u00fcr Evi\u2019ni de gezdirdi ve K\u00fclt\u00fcr Evi hakk\u0131nda bilgiler verdi.  \u0130skele Belediyesi\u2019nin s\u0131n\u0131rlar\u0131 d\u00e2hilinde bulunan \u0130skele ve k\u00f6ylerini de tan\u0131tan Ba\u015fkan Sad\u0131ko\u011flu, \u00e7ok say\u0131da T\u00fcrkiye Cumhuriyeti vatanda\u015f\u0131n\u0131n bulundu\u011fu \u0130skele ve k\u00f6ylerinde ya\u015fayan ki\u015filerin, Gazima\u011fusa Ba\u015fkonsoloslu\u011fu\u2019nun hizmet vermeye ba\u015flamas\u0131 ile rahat bir nefes alaca\u011f\u0131n\u0131 ifade etti. Vatanda\u015flar\u0131n ilk olarak ba\u011fl\u0131 bulunduklar\u0131 belediyeye ula\u015ft\u0131\u011f\u0131n\u0131 hat\u0131rlatan Ba\u015fkan Sad\u0131ko\u011flu, i\u015fbirli\u011fi d\u00e2hilinde, \u0130skele ve k\u00f6ylerinde ya\u015fayan vatanda\u015flar\u0131m\u0131z\u0131, gerek duyulmas\u0131 halinde, ara\u00e7lar\u0131m\u0131zla Gazima\u011fusa\u2019ya ula\u015ft\u0131rmaya da haz\u0131r olduklar\u0131n\u0131 belirtti. Ba\u015fkonsolos \u0130lyas \u00c7etin\u2019e yeni g\u00f6revinde ba\u015far\u0131 temennisinde de bulunan Ba\u015fkan Sad\u0131ko\u011flu, \u0130skele Belediyesi olarak her zaman ve her \u015fartta i\u015f birli\u011fine haz\u0131r olduklar\u0131n\u0131 da s\u00f6zlerine ekledi. \u0130skele Belediye Ba\u015fkan\u0131, \u0130lyas \u00c7etin\u2019e nazik ziyaretlerinden \u00f6t\u00fcr\u00fc de te\u015fekk\u00fcr etti.<\/p>\n<p>\u00c7ET\u0130N: \u201cYA\u015eANAN SIKINTIYI ORTADAN KALDIRMAK \u0130\u00c7\u0130N \u00c7ALI\u015eACA\u011eIZ\u201d<br \/>\nBa\u015fkonsolosluk binas\u0131yla ilgili resmi i\u015flemlerin devam etti\u011fini anlatan \u0130lyas \u00c7etin, Gazima\u011fusa Ba\u015fkonsoloslu\u011fu\u2019nun verece\u011fi hizmetlerden de bahsetti. TC Lefko\u015fa B\u00fcy\u00fckel\u00e7ili\u011fi\u2019nde verilen hizmetlerden n\u00fcfus, askerlik, ehliyet, vek\u00e2letname gibi i\u015flemlerin Gazima\u011fusa Ba\u015fkonsoloslu\u011fu\u2019nda olaca\u011f\u0131n\u0131 belirten \u00c7etin, \u0130skele-Karpaz- Gazima\u011fusa\u2019da ya\u015fayan vatanda\u015flar\u0131n bu hizmetlerden Lefko\u015fa\u2019ya gitmeden yararlanabilece\u011fini ifade etti. Bu b\u00f6lgedeki belediyelerle de s\u00fcrekli temas halinde olacaklar\u0131n\u0131 s\u00f6yleyen \u00c7etin,  fiziki mesafeye ba\u011fl\u0131 olarak vatanda\u015flar\u0131n ya\u015fad\u0131\u011f\u0131 s\u0131k\u0131nt\u0131y\u0131 ortadan kald\u0131rmak i\u00e7in var g\u00fc\u00e7leriyle \u00e7al\u0131\u015facaklar\u0131n\u0131 da s\u00f6zlerine ekledi. <\/p>\n<p>HED\u0130YE TAKD\u0130M\u0130NDE BULUNDULAR<br \/>\n\u0130skele Belediye Ba\u015fkan\u0131 Hasan Sad\u0131ko\u011flu ile Gazima\u011fusa Ba\u015fkonsolosu \u0130lyas \u00c7etin aras\u0131ndaki g\u00f6r\u00fc\u015fme hediye takdiminin ard\u0131ndan son buldu. Gazima\u011fusa Ba\u015fkonsolosu \u0130lyas \u00c7etin, T\u00fcrkiye D\u0131\u015fi\u015fleri Bakanl\u0131\u011f\u0131\u2019na ba\u011fl\u0131 Konsolosluk \u0130\u015fleri Genel M\u00fcd\u00fcrl\u00fc\u011f\u00fc\u2019nde Ba\u015fkan Vekili g\u00f6revini y\u00fcr\u00fctm\u00fc\u015ft\u00fc. <\/p>\n","protected":false},"excerpt":{"rendered":"<p>\u0130skele-Karpaz ve Gazima\u011fusa\u2019da ya\u015fayan T\u00fcrkiye Cumhuriyeti vatanda\u015flar\u0131n\u0131n i\u015fini kolayla\u015ft\u0131racak ve [&hellip;]<\/p>\n","protected":false},"author":10,"featured_media":11555,"comment_status":"open","ping_status":"closed","sticky":false,"template":"","format":"standard","meta":{"footnotes":""},"categories":[9],"tags":[],"class_list":["post-11554","post","type-post","status-publish","format-standard","has-post-thumbnail","hentry","category-uyelerimizin-haberleri"],"_links":{"self":[{"href":"https:\/\/ktbb.org\/v1\/wp-json\/wp\/v2\/posts\/11554","targetHints":{"allow":["GET"]}}],"collection":[{"href":"https:\/\/ktbb.org\/v1\/wp-json\/wp\/v2\/posts"}],"about":[{"href":"https:\/\/ktbb.org\/v1\/wp-json\/wp\/v2\/types\/post"}],"author":[{"embeddable":true,"href":"https:\/\/ktbb.org\/v1\/wp-json\/wp\/v2\/users\/10"}],"replies":[{"embeddable":true,"href":"https:\/\/ktbb.org\/v1\/wp-json\/wp\/v2\/comments?post=11554"}],"version-history":[{"count":1,"href":"https:\/\/ktbb.org\/v1\/wp-json\/wp\/v2\/posts\/11554\/revisions"}],"predecessor-version":[{"id":11556,"href":"https:\/\/ktbb.org\/v1\/wp-json\/wp\/v2\/posts\/11554\/revisions\/11556"}],"wp:featuredmedia":[{"embeddable":true,"href":"https:\/\/ktbb.org\/v1\/wp-json\/wp\/v2\/media\/11555"}],"wp:attachment":[{"href":"https:\/\/ktbb.org\/v1\/wp-json\/wp\/v2\/media?parent=11554"}],"wp:term":[{"taxonomy":"category","embeddable":true,"href":"https:\/\/ktbb.org\/v1\/wp-json\/wp\/v2\/categories?post=11554"},{"taxonomy":"post_tag","embeddable":true,"href":"https:\/\/ktbb.org\/v1\/wp-json\/wp\/v2\/tags?post=11554"}],"curies":[{"name":"wp","href":"https:\/\/api.w.org\/{rel}","templated":true}]}}