{"id":11558,"date":"2021-06-04T05:24:16","date_gmt":"2021-06-04T05:24:16","guid":{"rendered":"http:\/\/ktbb.org\/v1\/?p=11558"},"modified":"2021-06-04T05:24:16","modified_gmt":"2021-06-04T05:24:16","slug":"green-pedal-cycling-dernegi-kentsel-donusum-komitesinden-artere-ziyaret","status":"publish","type":"post","link":"https:\/\/ktbb.org\/v1\/green-pedal-cycling-dernegi-kentsel-donusum-komitesinden-artere-ziyaret\/","title":{"rendered":"Green Pedal Cycling Derne\u011fi Kentsel D\u00f6n\u00fc\u015f\u00fcm Komitesi&#8217;nden Arter&#8217;e ziyaret"},"content":{"rendered":"<p>Green Pedal Cycling Derne\u011fi Kentsel D\u00f6n\u00fc\u015f\u00fcm Komitesi Dernek Ba\u015fkan\u0131 \u00d6zg\u00fcr G\u00fclhan ile birlikte Belediye Ba\u015fkan\u0131 \u0130smail Arter\u2019i ziyaret ederek bisiklet sporu ile ilgili projelerini payla\u015ft\u0131.<\/p>\n<p>Dernek Ba\u015fkan\u0131 \u00d6zg\u00fcr G\u00fclhan konu\u015fmas\u0131nda, bisiklet a\u011f\u0131n\u0131n giderek geni\u015flemesinden dolay\u0131 kentsel d\u00f6n\u00fc\u015f\u00fcm komitesini kurduklar\u0131n\u0131, bisikletle ilgili fark\u0131ndal\u0131\u011f\u0131 art\u0131rmak i\u00e7in 3 Haziran D\u00fcnya Bisiklet g\u00fcn\u00fc dolay\u0131s\u0131yla g\u00f6r\u00fc\u015fmelere ba\u015flad\u0131klar\u0131n\u0131 ve t\u00fcm payda\u015flarla birlikte bisikletle dair yap\u0131lmas\u0131 gereken altyap\u0131 ve g\u00fcnl\u00fck ya\u015fant\u0131ya bisikletin dahil edilmesi i\u00e7in payda\u015flarla i\u015fbirli\u011fi yapmak istediklerini s\u00f6yledi. G\u00fclhan, derne\u011fin b\u00f6lgesi oldu\u011fu i\u00e7in \u00f6nce Gazima\u011fusa Belediyesi\u2019ni ziyaret ettiklerini, bundan sonra  yap\u0131lacak projelerde birlikte \u00e7al\u0131\u015fmak istediklerini, \u00f6n\u00fcm\u00fczdeki g\u00fcnlerde ayr\u0131ca \u00e7al\u0131\u015ftay d\u00fczenlemek istediklerini aktard\u0131.<\/p>\n<p>Ba\u015fkan \u0130smail Arter konu\u015fmas\u0131nda, ziyaretten dolay\u0131 memnun oldu\u011funu ifade ederek, sporla sa\u011fl\u0131\u011f\u0131n i\u00e7 i\u00e7e oldu\u011funu, bisiklet s\u00fcrmenin ula\u015f\u0131mda hem \u00e7evre dostu hem de sa\u011fl\u0131\u011f\u0131 korumada \u00f6nemli oldu\u011funa i\u015faret ederek, kentteki bisiklet sevdal\u0131lar\u0131n\u0131 art\u0131rmak istediklerini, bu anlamda yollarda bisiklet altyap\u0131s\u0131 yapmak i\u00e7in \u00e7al\u0131\u015ft\u0131klar\u0131n\u0131 ifade etti. Ba\u015fkan \u0130smail Arter, fiziki yap\u0131n\u0131n bozulmad\u0131\u011f\u0131 i\u00e7in \u015fehrin yar\u0131s\u0131ndan fazlas\u0131nda bisiklet altyap\u0131s\u0131n\u0131n kurulabilece\u011fini s\u00f6yleyerek, ge\u00e7ti\u011fimiz aylarda ihaleye \u00e7\u0131karak toplam 5 noktada bisiklet istasyonu kurulaca\u011f\u0131n\u0131 ayr\u0131ca suri\u00e7inde ve Derinya Kap\u0131s\u0131 noktas\u0131nda da bisiklet istasyonu olaca\u011f\u0131n\u0131 ifade etti.  <\/p>\n<p>Ma\u011fusa Geli\u015fm Akademisi\u2019nde \u00e7ocuklara bisikleti sevdirmek ve yayg\u0131nla\u015ft\u0131rmak i\u00e7in \u00e7al\u0131\u015ft\u0131klar\u0131n\u0131, 50 adet bisikletle bisiklet s\u00fcrme etkinli\u011fi yapmak istediklerini, 600 adet bisikletin kapal\u0131 Mara\u015f\u2019ta  halk\u0131n hizmetinde oldu\u011funu , Mara\u015f\u2019taki yollarda bisiklet \u00e7izgileri \u00e7izdiklerini, yolu ara\u00e7 trafi\u011fine kapad\u0131klar\u0131n\u0131 s\u00f6yledi.<\/p>\n","protected":false},"excerpt":{"rendered":"<p>Green Pedal Cycling Derne\u011fi Kentsel D\u00f6n\u00fc\u015f\u00fcm Komitesi Dernek Ba\u015fkan\u0131 \u00d6zg\u00fcr [&hellip;]<\/p>\n","protected":false},"author":10,"featured_media":11560,"comment_status":"open","ping_status":"closed","sticky":false,"template":"","format":"standard","meta":{"footnotes":""},"categories":[9],"tags":[],"class_list":["post-11558","post","type-post","status-publish","format-standard","has-post-thumbnail","hentry","category-uyelerimizin-haberleri"],"_links":{"self":[{"href":"https:\/\/ktbb.org\/v1\/wp-json\/wp\/v2\/posts\/11558","targetHints":{"allow":["GET"]}}],"collection":[{"href":"https:\/\/ktbb.org\/v1\/wp-json\/wp\/v2\/posts"}],"about":[{"href":"https:\/\/ktbb.org\/v1\/wp-json\/wp\/v2\/types\/post"}],"author":[{"embeddable":true,"href":"https:\/\/ktbb.org\/v1\/wp-json\/wp\/v2\/users\/10"}],"replies":[{"embeddable":true,"href":"https:\/\/ktbb.org\/v1\/wp-json\/wp\/v2\/comments?post=11558"}],"version-history":[{"count":1,"href":"https:\/\/ktbb.org\/v1\/wp-json\/wp\/v2\/posts\/11558\/revisions"}],"predecessor-version":[{"id":11562,"href":"https:\/\/ktbb.org\/v1\/wp-json\/wp\/v2\/posts\/11558\/revisions\/11562"}],"wp:featuredmedia":[{"embeddable":true,"href":"https:\/\/ktbb.org\/v1\/wp-json\/wp\/v2\/media\/11560"}],"wp:attachment":[{"href":"https:\/\/ktbb.org\/v1\/wp-json\/wp\/v2\/media?parent=11558"}],"wp:term":[{"taxonomy":"category","embeddable":true,"href":"https:\/\/ktbb.org\/v1\/wp-json\/wp\/v2\/categories?post=11558"},{"taxonomy":"post_tag","embeddable":true,"href":"https:\/\/ktbb.org\/v1\/wp-json\/wp\/v2\/tags?post=11558"}],"curies":[{"name":"wp","href":"https:\/\/api.w.org\/{rel}","templated":true}]}}