{"id":11563,"date":"2021-06-04T06:20:32","date_gmt":"2021-06-04T06:20:32","guid":{"rendered":"http:\/\/ktbb.org\/v1\/?p=11563"},"modified":"2021-06-04T06:20:32","modified_gmt":"2021-06-04T06:20:32","slug":"kibris-polifonik-korolar-derneginden-artere-ziyaret","status":"publish","type":"post","link":"https:\/\/ktbb.org\/v1\/kibris-polifonik-korolar-derneginden-artere-ziyaret\/","title":{"rendered":"K\u0131br\u0131s Polifonik Korolar Derne\u011fi&#8217;nden Arter&#8217;e ziyaret"},"content":{"rendered":"<p>K\u0131br\u0131s Polifonik Korolar Derne\u011fi Ba\u015fkan\u0131 \u015eifa \u00c7olako\u011flu ile Derne\u011fin Koro \u015eefleri Erkan Da\u011fl\u0131 ve Rana Erozan Ulu\u00e7ay, Gazima\u011fusa Belediye Ba\u015fkan\u0131 \u0130smail Arter\u2019i ziyaret ederek K\u0131br\u0131s Konulu \u00c7ocuk \u015eark\u0131lar\u0131 ve \u00c7ok Sesli K\u0131br\u0131s Halk T\u00fcrk\u00fcleri\u2019nin oldu\u011fu 2 farkl\u0131 alb\u00fcm CD\u2019sini ve nota kitaplar\u0131n\u0131 takdim etti ve Ba\u015fkan Arter\u2019i tan\u0131t\u0131m gecesine davet etti. <\/p>\n<p>30 Haziran\u2019da saat 20:00\u2019da DA\u00dc Beach Clup\u2019ta ger\u00e7ekle\u015ftirecekleri Tan\u0131t\u0131m Gecesi\u2019nde Ada I\u015f\u0131\u011f\u0131 \u00c7ocuk Korosu\u2019nun K\u0131br\u0131s Konulu \u00c7ocuk \u015eark\u0131lar\u0131 ve Otello \u00c7ok Sesli Korosu\u2019nun Otello\u2019nun R\u00fcyas\u0131 isimli \u00c7ok Sesli K\u0131br\u0131s Halk T\u00fcrk\u00fcleri\u2019ni i\u00e7eren 2 farkl\u0131 Alb\u00fcm CD\u2019sinin ve nota kitaplar\u0131n\u0131n tan\u0131t\u0131m\u0131 yap\u0131lacak. <\/p>\n<p>Gazima\u011fusa Belediye Ba\u015fkan\u0131 \u0130smail Arter, K\u0131br\u0131s Polifonik Korolar Derne\u011fi\u2019nin k\u00fclt\u00fcr sanata yapt\u0131klar\u0131 katk\u0131 ile derne\u011fin ismini unutturmayacak hizmetler verdi\u011fini, Gazima\u011fusa\u2019n\u0131n \u00f6tesinde hem yurt i\u00e7inde hem yurt d\u0131\u015f\u0131ndaki etkinliklerle Otello\u2019nun ismini daha fazla duyurduklar\u0131n\u0131 s\u00f6yledi. Ba\u015fkan \u0130smail Arter, Derne\u011fin Ada I\u015f\u0131\u011f\u0131 \u00c7ocuk Korosu ve Otello \u00c7ok Sesli Korosu ile birlikte \u00e7\u0131kard\u0131klar\u0131 CD ve kitaplarla y\u0131llar s\u00fcren \u00e7al\u0131\u015fmalar\u0131n\u0131 kal\u0131c\u0131la\u015ft\u0131rd\u0131\u011f\u0131n\u0131, pandemiden dolay\u0131 k\u00fclt\u00fcr sanat \u00e7al\u0131\u015fmalar\u0131n\u0131n kesintiye u\u011frad\u0131\u011f\u0131 d\u00f6nemde bu \u00e7al\u0131\u015fmalar\u0131n kendisini mutlu etti\u011fini, Belediyenin gereken katk\u0131y\u0131 yapaca\u011f\u0131n\u0131 s\u00f6yledi. \u00c7ok uzun s\u00fcrmeden pandeminin biterek eski g\u00fcnlere d\u00f6n\u00fclmesini dileyen Ba\u015fkan Arter, korunun konserini dinlemenin \u015fu an i\u00e7in an\u0131larda kald\u0131\u011f\u0131n\u0131 ifade etti.<\/p>\n<p>Dernek Ba\u015fkan\u0131 \u015eifa \u00c7olako\u011flu ise, pandemi d\u00f6nemindeki k\u0131s\u0131tlamalara ra\u011fmen Ada I\u015f\u0131\u011f\u0131 \u00c7ocuk Korosu ve Otello \u00c7ok Sesli Korosu\u2019nun \u015fark\u0131lar\u0131n\u0131n yer ald\u0131\u011f\u0131 CD ve nota kitaplar\u0131n\u0131 haz\u0131rlad\u0131klar\u0131n\u0131, k\u00fclt\u00fcr sanata tek bir damla katk\u0131 bile yapabilmekten mutlu olduklar\u0131n\u0131 s\u00f6yledi. Yapt\u0131klar\u0131 \u00e7al\u0131\u015fmalar\u0131n \u00e7ok b\u00fcy\u00fck emek, \u00f6zveri ve sab\u0131r isteyen i\u015fler oldu\u011funu, kendileri i\u00e7in \u00e7ok b\u00fcy\u00fck bir gurur olan \u00fcretimlerini tan\u0131t\u0131m gecesi ile duyurmak istediklerini ifade eden \u00c7olako\u011flu, ilk ziyaret ve ilk takdimi Ba\u015fkan \u0130smail Arter\u2019e  yapt\u0131klar\u0131n\u0131, Belediye Ba\u015fkan\u0131 \u0130smail Arter\u2019i etkinli\u011fe beklediklerini s\u00f6yledi. \u00c7olako\u011flu, alb\u00fcmlerin ve kitaplar\u0131n haz\u0131rlanmas\u0131nda K\u00fclt\u00fcr Dairesi, Vak\u0131flar \u0130daresi, Foto \u00d6zay, DA\u00dc ve DA\u00dc-Sen\u2019in katk\u0131lar\u0131n\u0131n oldu\u011funu aktard\u0131.<\/p>\n","protected":false},"excerpt":{"rendered":"<p>K\u0131br\u0131s Polifonik Korolar Derne\u011fi Ba\u015fkan\u0131 \u015eifa \u00c7olako\u011flu ile Derne\u011fin Koro [&hellip;]<\/p>\n","protected":false},"author":10,"featured_media":11564,"comment_status":"open","ping_status":"closed","sticky":false,"template":"","format":"standard","meta":{"footnotes":""},"categories":[9],"tags":[],"class_list":["post-11563","post","type-post","status-publish","format-standard","has-post-thumbnail","hentry","category-uyelerimizin-haberleri"],"_links":{"self":[{"href":"https:\/\/ktbb.org\/v1\/wp-json\/wp\/v2\/posts\/11563","targetHints":{"allow":["GET"]}}],"collection":[{"href":"https:\/\/ktbb.org\/v1\/wp-json\/wp\/v2\/posts"}],"about":[{"href":"https:\/\/ktbb.org\/v1\/wp-json\/wp\/v2\/types\/post"}],"author":[{"embeddable":true,"href":"https:\/\/ktbb.org\/v1\/wp-json\/wp\/v2\/users\/10"}],"replies":[{"embeddable":true,"href":"https:\/\/ktbb.org\/v1\/wp-json\/wp\/v2\/comments?post=11563"}],"version-history":[{"count":1,"href":"https:\/\/ktbb.org\/v1\/wp-json\/wp\/v2\/posts\/11563\/revisions"}],"predecessor-version":[{"id":11565,"href":"https:\/\/ktbb.org\/v1\/wp-json\/wp\/v2\/posts\/11563\/revisions\/11565"}],"wp:featuredmedia":[{"embeddable":true,"href":"https:\/\/ktbb.org\/v1\/wp-json\/wp\/v2\/media\/11564"}],"wp:attachment":[{"href":"https:\/\/ktbb.org\/v1\/wp-json\/wp\/v2\/media?parent=11563"}],"wp:term":[{"taxonomy":"category","embeddable":true,"href":"https:\/\/ktbb.org\/v1\/wp-json\/wp\/v2\/categories?post=11563"},{"taxonomy":"post_tag","embeddable":true,"href":"https:\/\/ktbb.org\/v1\/wp-json\/wp\/v2\/tags?post=11563"}],"curies":[{"name":"wp","href":"https:\/\/api.w.org\/{rel}","templated":true}]}}