{"id":11579,"date":"2021-06-04T11:34:35","date_gmt":"2021-06-04T11:34:35","guid":{"rendered":"http:\/\/ktbb.org\/v1\/?p=11579"},"modified":"2021-06-04T11:34:35","modified_gmt":"2021-06-04T11:34:35","slug":"ozcinar-dunya-cevre-gununu-kutladi","status":"publish","type":"post","link":"https:\/\/ktbb.org\/v1\/ozcinar-dunya-cevre-gununu-kutladi\/","title":{"rendered":"\u00d6z\u00e7\u0131nar, D\u00fcnya \u00c7evre G\u00fcn\u00fc\u2019n\u00fc kutlad\u0131"},"content":{"rendered":"<p>K. T. Belediyeler Birli\u011fi ve G\u00fczelyurt Belediye Ba\u015fkan\u0131 Mahmut \u00d6z\u00e7\u0131nar, 5 Haziran D\u00fcnya \u00c7evre G\u00fcn\u00fc\u2019n\u00fc kutlad\u0131. <\/p>\n<p>\u00d6z\u00e7\u0131nar&#8217;\u0131n mesaj\u0131 \u015f\u00f6yle:<\/p>\n<p>&#8220;\u00c7evre sorunlar\u0131n\u0131n sadece 5 Haziran\u2019da g\u00fcndeme getirilmesi elbette yeterli de\u011fildir ancak fark\u0131ndal\u0131k yaratmak i\u00e7in \u00e7ok \u00f6nemlidir. <\/p>\n<p>Bu duyarl\u0131l\u0131\u011f\u0131n bir ya\u015fam bi\u00e7imi haline getirilmesi gerekmektedir. <\/p>\n<p>Gelece\u011fimiz olan \u00e7ocuklar\u0131m\u0131za ya\u015fanabilir bir d\u00fcnya b\u0131rakmak, d\u00fcnya \u00fczerindeki her canl\u0131n\u0131n da ya\u015fam alan\u0131 olan \u00e7evrenin korunmas\u0131 i\u00e7in \u00e7aba g\u00f6stermek biz b\u00fcy\u00fcklerin en b\u00fcy\u00fck sorumlulu\u011fu olmal\u0131d\u0131r.<\/p>\n<p>D\u00fcnya \u00c7evre G\u00fcn\u00fc\u2019n\u00fc kutlarken, \u00e7evre bilincinin her ge\u00e7en g\u00fcn daha da artmas\u0131n\u0131 temenni eder sa\u011fl\u0131kl\u0131 bir gelecek dilerim.&#8221;<\/p>\n","protected":false},"excerpt":{"rendered":"<p>K. T. Belediyeler Birli\u011fi ve G\u00fczelyurt Belediye Ba\u015fkan\u0131 Mahmut \u00d6z\u00e7\u0131nar, [&hellip;]<\/p>\n","protected":false},"author":10,"featured_media":5983,"comment_status":"open","ping_status":"closed","sticky":false,"template":"","format":"standard","meta":{"footnotes":""},"categories":[1],"tags":[],"class_list":["post-11579","post","type-post","status-publish","format-standard","has-post-thumbnail","hentry","category-birlikten-haberler"],"_links":{"self":[{"href":"https:\/\/ktbb.org\/v1\/wp-json\/wp\/v2\/posts\/11579","targetHints":{"allow":["GET"]}}],"collection":[{"href":"https:\/\/ktbb.org\/v1\/wp-json\/wp\/v2\/posts"}],"about":[{"href":"https:\/\/ktbb.org\/v1\/wp-json\/wp\/v2\/types\/post"}],"author":[{"embeddable":true,"href":"https:\/\/ktbb.org\/v1\/wp-json\/wp\/v2\/users\/10"}],"replies":[{"embeddable":true,"href":"https:\/\/ktbb.org\/v1\/wp-json\/wp\/v2\/comments?post=11579"}],"version-history":[{"count":1,"href":"https:\/\/ktbb.org\/v1\/wp-json\/wp\/v2\/posts\/11579\/revisions"}],"predecessor-version":[{"id":11580,"href":"https:\/\/ktbb.org\/v1\/wp-json\/wp\/v2\/posts\/11579\/revisions\/11580"}],"wp:featuredmedia":[{"embeddable":true,"href":"https:\/\/ktbb.org\/v1\/wp-json\/wp\/v2\/media\/5983"}],"wp:attachment":[{"href":"https:\/\/ktbb.org\/v1\/wp-json\/wp\/v2\/media?parent=11579"}],"wp:term":[{"taxonomy":"category","embeddable":true,"href":"https:\/\/ktbb.org\/v1\/wp-json\/wp\/v2\/categories?post=11579"},{"taxonomy":"post_tag","embeddable":true,"href":"https:\/\/ktbb.org\/v1\/wp-json\/wp\/v2\/tags?post=11579"}],"curies":[{"name":"wp","href":"https:\/\/api.w.org\/{rel}","templated":true}]}}