{"id":11581,"date":"2021-06-04T11:53:52","date_gmt":"2021-06-04T11:53:52","guid":{"rendered":"http:\/\/ktbb.org\/v1\/?p=11581"},"modified":"2021-06-04T11:53:52","modified_gmt":"2021-06-04T11:53:52","slug":"gikad-ozcinara-nezaket-ziyaretinde-bulundu","status":"publish","type":"post","link":"https:\/\/ktbb.org\/v1\/gikad-ozcinara-nezaket-ziyaretinde-bulundu\/","title":{"rendered":"G\u0130KAD \u00d6z\u00e7\u0131nar\u2019a nezaket ziyaretinde bulundu"},"content":{"rendered":"<p>K\u0131br\u0131s T\u00fcrk Giri\u015fimci \u0130\u015f Kad\u0131nlar\u0131 Derne\u011fi, k\u0131sa ad\u0131 ile \u201cG\u0130KAD\u201d bug\u00fcn G\u00fczelyurt Belediye Ba\u015fkan\u0131 Mahmut \u00d6z\u00e7\u0131nar\u2019a nezaket ziyaretinde bulundu.<\/p>\n<p>G\u0130KAD Kurucu \u00dcye Ba\u015fkan\u0131 \u0130\u00e7im Kavuklu ziyarette yapt\u0131\u011f\u0131 a\u00e7\u0131klamada toplumun g\u00fc\u00e7l\u00fc olabilmesi i\u00e7in kad\u0131nlar\u0131m\u0131z\u0131n g\u00fc\u00e7l\u00fc olmas\u0131 gerekti\u011fine olan inanc\u0131n\u0131 belirterek,  kad\u0131nlar\u0131m\u0131z\u0131n ekonomik, siyaset, sanat ve sosyal sorumluluk alanlar\u0131nda hem kat\u0131l\u0131mc\u0131 hemde karar veren birer birey olabilmelerine katk\u0131 koymak istediklerini s\u00f6yledi. Kavuklu dernek y\u00f6netim kurulu \u00fcyelerini tek tek tan\u0131tarak, derne\u011fin faaliyetlerini ve hedefledi\u011fi projeleri G\u00fczelyurt Belediye Ba\u015fkan\u0131 \u00d6z\u00e7\u0131nar\u2019a anlatt\u0131 <\/p>\n<p>G\u00fczelyurt Belediye Ba\u015fkan\u0131 Mahmut \u00d6z\u00e7\u0131nar da kad\u0131n giri\u015fimcilerin toplumda \u00f6nemli oldu\u011funu vurgulayarak, G\u00fczelyurt Belediyesi\u2019nin sosyal belediyecilik alan\u0131ndaki \u00e7al\u0131\u015fmalar\u0131n\u0131 dernek \u00fcyeleriyle payla\u015ft\u0131. Kad\u0131nlar\u0131m\u0131z\u0131n evlerinde yapt\u0131\u011f\u0131 el i\u015flerinin Belediyenin El Eme\u011fi G\u00f6z Nuru Ma\u011fazas\u0131nda sat\u0131\u015fa sunuldu\u011funu anlatan \u00d6z\u00e7\u0131nar, Belediye\u2019ye ait \u015fu an kullan\u0131lmayan baz\u0131 merkezlerin kad\u0131nlar\u0131m\u0131z\u0131n kullanaca\u011f\u0131 alanlarda yeniden hayata ge\u00e7irme hedefinde olduklar\u0131n\u0131 s\u00f6yledi.  \u00d6z\u00e7\u0131nar G\u00fczelyurt b\u00f6lgesine i\u00e7in yap\u0131lacak projelere seve seve destek verebilece\u011fini s\u00f6yleyen \u00d6z\u00e7\u0131nar derne\u011fe \u00e7al\u0131\u015fmalar\u0131nda ba\u015far\u0131lar diledi.  <\/p>\n","protected":false},"excerpt":{"rendered":"<p>K\u0131br\u0131s T\u00fcrk Giri\u015fimci \u0130\u015f Kad\u0131nlar\u0131 Derne\u011fi, k\u0131sa ad\u0131 ile \u201cG\u0130KAD\u201d [&hellip;]<\/p>\n","protected":false},"author":10,"featured_media":11582,"comment_status":"open","ping_status":"closed","sticky":false,"template":"","format":"standard","meta":{"footnotes":""},"categories":[9],"tags":[],"class_list":["post-11581","post","type-post","status-publish","format-standard","has-post-thumbnail","hentry","category-uyelerimizin-haberleri"],"_links":{"self":[{"href":"https:\/\/ktbb.org\/v1\/wp-json\/wp\/v2\/posts\/11581","targetHints":{"allow":["GET"]}}],"collection":[{"href":"https:\/\/ktbb.org\/v1\/wp-json\/wp\/v2\/posts"}],"about":[{"href":"https:\/\/ktbb.org\/v1\/wp-json\/wp\/v2\/types\/post"}],"author":[{"embeddable":true,"href":"https:\/\/ktbb.org\/v1\/wp-json\/wp\/v2\/users\/10"}],"replies":[{"embeddable":true,"href":"https:\/\/ktbb.org\/v1\/wp-json\/wp\/v2\/comments?post=11581"}],"version-history":[{"count":1,"href":"https:\/\/ktbb.org\/v1\/wp-json\/wp\/v2\/posts\/11581\/revisions"}],"predecessor-version":[{"id":11583,"href":"https:\/\/ktbb.org\/v1\/wp-json\/wp\/v2\/posts\/11581\/revisions\/11583"}],"wp:featuredmedia":[{"embeddable":true,"href":"https:\/\/ktbb.org\/v1\/wp-json\/wp\/v2\/media\/11582"}],"wp:attachment":[{"href":"https:\/\/ktbb.org\/v1\/wp-json\/wp\/v2\/media?parent=11581"}],"wp:term":[{"taxonomy":"category","embeddable":true,"href":"https:\/\/ktbb.org\/v1\/wp-json\/wp\/v2\/categories?post=11581"},{"taxonomy":"post_tag","embeddable":true,"href":"https:\/\/ktbb.org\/v1\/wp-json\/wp\/v2\/tags?post=11581"}],"curies":[{"name":"wp","href":"https:\/\/api.w.org\/{rel}","templated":true}]}}