{"id":11584,"date":"2021-06-04T11:55:33","date_gmt":"2021-06-04T11:55:33","guid":{"rendered":"http:\/\/ktbb.org\/v1\/?p=11584"},"modified":"2021-06-04T12:03:20","modified_gmt":"2021-06-04T12:03:20","slug":"girne-belediye-baskani-nidai-gungordu-den-5-haziran-dunya-cevre-gunu-mesaji-2","status":"publish","type":"post","link":"https:\/\/ktbb.org\/v1\/girne-belediye-baskani-nidai-gungordu-den-5-haziran-dunya-cevre-gunu-mesaji-2\/","title":{"rendered":"Girne Belediye Ba\u015fkan\u0131 Nidai G\u00fcng\u00f6rd\u00fc \u2019den 5 Haziran D\u00fcnya \u00c7evre G\u00fcn\u00fc Mesaj\u0131"},"content":{"rendered":"<p>5 Haziran g\u00fcn\u00fc, 1970\u2019li y\u0131llar\u0131n ba\u015f\u0131nda d\u00fcnya genelindeki \u00e7evre sorunlar\u0131n\u0131n uluslararas\u0131 boyutta tart\u0131\u015f\u0131l\u0131r hale gelmesinin ard\u0131ndan, 1972 y\u0131l\u0131nda \u0130sve\u00e7&#8217;te yap\u0131lan Birle\u015fmi\u015f Milletler \u00c7evre Konferans\u0131\u2019nda al\u0131nan bir kararla \u2018D\u00fcnya \u00c7evre G\u00fcn\u00fc\u2019 olarak kabul edilmi\u015ftir.<\/p>\n<p>\u00dclkemizde ve d\u00fcnyada \u00e7e\u015fitli etkinliklerle kutlanan \u2018D\u00fcnya \u00c7evre G\u00fcn\u00fc\u2019, \u00e7evre sorunlar\u0131na dikkat \u00e7ekerek kamuoyunda \u00e7evre bilinci ve hassasiyetinin olu\u015fmas\u0131na katk\u0131 sa\u011flamas\u0131 a\u00e7\u0131s\u0131ndan b\u00fcy\u00fck \u00f6nem arz etmektedir. \u00c7evre konusu sadece bir g\u00fcn de\u011fil, s\u00fcrekli hat\u0131rlanmas\u0131, tav\u0131r ve davran\u0131\u015flar\u0131m\u0131za yans\u0131mas\u0131 gereken bir konudur.<\/p>\n<p>Hem kurumlar hem de bireyler olarak bu sorumlulu\u011fu omuzlamal\u0131 ve asl\u0131nda kendi hayat\u0131m\u0131z\u0131 kendi ellerimizle tehlikeye atmamak ad\u0131na \u00e7evremizi korumal\u0131y\u0131z.<\/p>\n<p>\u00c7evre konusunda yerel y\u00f6netimlere daha b\u00fcy\u00fck sorumluluklar d\u00fc\u015f\u00fcyor. Belediye olarak \u00fczerimize d\u00fc\u015fen sorumlulu\u011fun bilincindeyiz. Belediye olarak \u00e7evre duyarl\u0131l\u0131\u011f\u0131 noktas\u0131nda \u00e7al\u0131\u015fmalar\u0131m\u0131za h\u0131zla devam edece\u011fiz. Gelece\u011fimiz olan \u00e7ocuklar\u0131m\u0131za daha temiz ve daha ye\u015fil bir kent b\u0131rakmak i\u00e7in elimizden gelen gayreti g\u00f6steriyoruz. <\/p>\n<p>\u0130htiya\u00e7 duyulan noktalarda bir taraftan yeni parklar olu\u015ftururken, bir taraftan da mevcut parklar\u0131 bak\u0131mdan ge\u00e7irmeye ve yenilemeye devam ediyoruz. Parklar da \u00e7ocuklar g\u00fcven i\u00e7erisinde oyun oynarken, aileleri de huzurla dinlenebilsinler diye oturma alanlar\u0131 olu\u015fturuyoruz.<\/p>\n<p>\u0130htiya\u00e7 duyulan park ve bah\u00e7e gibi pek \u00e7ok alanda, a\u011fa\u00e7 ve fidan dikimi \u00e7al\u0131\u015fmalar\u0131n\u0131 s\u00fcrd\u00fcr\u00fcyoruz. Pandemi \u00f6nlemlerine kar\u015f\u0131n, bir y\u0131lda sekiz ayr\u0131 noktada 1200 fidan\u0131 toprakla bulu\u015fturduk ve toplumda fark\u0131ndal\u0131k olu\u015fturmak ad\u0131na bir\u00e7ok projeyi hayata ge\u00e7irdik.<\/p>\n<p>\u00c7evre, d\u00fcn\u00fcn miras\u0131 yar\u0131n\u0131n emanetidir. <\/p>\n<p>D\u00fcnya \u00c7evre G\u00fcn\u00fcn\u00fcn \u00e7evre bilincinin artmas\u0131na vesile olmas\u0131n\u0131 temenni ediyor, halk\u0131m\u0131za g\u00fczel, temiz bir \u00e7evrede, mutlu ve sa\u011fl\u0131kl\u0131 bir \u00f6m\u00fcr dilerken D\u00fcnya \u00c7evre G\u00fcn\u00fc \u201dn\u00fc kutluyor, sa\u011fl\u0131kl\u0131 bir gelecek, temiz, kaliteli ve daha ya\u015fan\u0131labilir bir d\u00fcnya temenni ediyorum.<\/p>\n","protected":false},"excerpt":{"rendered":"<p>5 Haziran g\u00fcn\u00fc, 1970\u2019li y\u0131llar\u0131n ba\u015f\u0131nda d\u00fcnya genelindeki \u00e7evre sorunlar\u0131n\u0131n [&hellip;]<\/p>\n","protected":false},"author":10,"featured_media":11594,"comment_status":"open","ping_status":"closed","sticky":false,"template":"","format":"standard","meta":{"footnotes":""},"categories":[9],"tags":[],"class_list":["post-11584","post","type-post","status-publish","format-standard","has-post-thumbnail","hentry","category-uyelerimizin-haberleri"],"_links":{"self":[{"href":"https:\/\/ktbb.org\/v1\/wp-json\/wp\/v2\/posts\/11584","targetHints":{"allow":["GET"]}}],"collection":[{"href":"https:\/\/ktbb.org\/v1\/wp-json\/wp\/v2\/posts"}],"about":[{"href":"https:\/\/ktbb.org\/v1\/wp-json\/wp\/v2\/types\/post"}],"author":[{"embeddable":true,"href":"https:\/\/ktbb.org\/v1\/wp-json\/wp\/v2\/users\/10"}],"replies":[{"embeddable":true,"href":"https:\/\/ktbb.org\/v1\/wp-json\/wp\/v2\/comments?post=11584"}],"version-history":[{"count":1,"href":"https:\/\/ktbb.org\/v1\/wp-json\/wp\/v2\/posts\/11584\/revisions"}],"predecessor-version":[{"id":11586,"href":"https:\/\/ktbb.org\/v1\/wp-json\/wp\/v2\/posts\/11584\/revisions\/11586"}],"wp:featuredmedia":[{"embeddable":true,"href":"https:\/\/ktbb.org\/v1\/wp-json\/wp\/v2\/media\/11594"}],"wp:attachment":[{"href":"https:\/\/ktbb.org\/v1\/wp-json\/wp\/v2\/media?parent=11584"}],"wp:term":[{"taxonomy":"category","embeddable":true,"href":"https:\/\/ktbb.org\/v1\/wp-json\/wp\/v2\/categories?post=11584"},{"taxonomy":"post_tag","embeddable":true,"href":"https:\/\/ktbb.org\/v1\/wp-json\/wp\/v2\/tags?post=11584"}],"curies":[{"name":"wp","href":"https:\/\/api.w.org\/{rel}","templated":true}]}}