{"id":11587,"date":"2021-06-04T11:57:56","date_gmt":"2021-06-04T11:57:56","guid":{"rendered":"http:\/\/ktbb.org\/v1\/?p=11587"},"modified":"2021-06-04T11:57:56","modified_gmt":"2021-06-04T11:57:56","slug":"gungordu-girne-ozel-egitim-merkezi-ogrencileriyle-kus-yuvalarini-boyadi","status":"publish","type":"post","link":"https:\/\/ktbb.org\/v1\/gungordu-girne-ozel-egitim-merkezi-ogrencileriyle-kus-yuvalarini-boyadi\/","title":{"rendered":"G\u00fcng\u00f6rd\u00fc, Girne \u00d6zel E\u011fitim Merkezi \u00f6\u011frencileriyle ku\u015f yuvalar\u0131n\u0131 boyad\u0131"},"content":{"rendered":"<p>Girne Belediye Ba\u015fkan\u0131 Nidai G\u00fcng\u00f6rd\u00fc ve Girne Belediyesi Sosyal \u0130\u015fler \u015eubesi Engelli Birimi, Girne \u00d6zel E\u011fitim Merkezi\u2019ni ziyaret ederek, ku\u015f yuvas\u0131 boyama etkinli\u011fi ger\u00e7ekle\u015ftirdi.<\/p>\n<p>5 Haziran D\u00fcnya \u00c7evre G\u00fcn\u00fc nedeniyle, fark\u0131ndal\u0131k yaratmak amac\u0131yla \u00d6zel E\u011fitim Merkezi \u00f6\u011frencileriyle birlikte ku\u015f yuvalar\u0131n\u0131n boyand\u0131\u011f\u0131 etkinlikte \u00e7ocuklar hem e\u011flenceli hem de e\u011fitici saatler ge\u00e7irdi. <\/p>\n<p>Girne \u00d6zel E\u011fitim Merkezi Sorumlusu \u00d6zlem Da\u011fl\u0131 G\u00f6kbulut, merkezi ziyaret eden ve buradaki etkinlikte \u00e7ocuklarla ilgilenen Girne Belediye Ba\u015fkan\u0131 ve ekibine te\u015fekk\u00fcr ederek, her zaman desteklerini hissetmelerinin onlar\u0131 mutlu etti\u011fini s\u00f6yledi. Merkezdeki \u00f6\u011frencilerin yeteneklerini ke\u015ffetmeleri ve g\u00fczel zaman ge\u00e7irmelerine katk\u0131 koydu\u011fu i\u00e7in te\u015fekk\u00fcr etti.<\/p>\n<p>Girne Belediye Ba\u015fkan\u0131 Nidai G\u00fcng\u00f6rd\u00fc, \u00f6zel gereksinimli bireylerin ve \u00e7ocuklar\u0131n kendisinde \u00f6zel bir yeri oldu\u011funu s\u00f6yleyerek, merkezle her zaman diyalog halinde oldu\u011funu dile getirdi.<br \/>\nG\u00fcng\u00f6rd\u00fc, toplumsal ya\u015famda, e\u011fitimde ve hayat\u0131n her alan\u0131nda dezavantajl\u0131 kesimlerin desteklenmesi ve e\u015fit imkanlardan yararlanmas\u0131n\u0131n haklar\u0131 oldu\u011funu hat\u0131rlatt\u0131. G\u00fcng\u00f6rd\u00fc, insan\u0131, hayvan\u0131 ve do\u011fay\u0131 seven, \u00e7evreye sayg\u0131l\u0131 \u00e7ocuklar yeti\u015ftirmenin \u00f6nemine i\u015faret etti.<\/p>\n","protected":false},"excerpt":{"rendered":"<p>Girne Belediye Ba\u015fkan\u0131 Nidai G\u00fcng\u00f6rd\u00fc ve Girne Belediyesi Sosyal \u0130\u015fler [&hellip;]<\/p>\n","protected":false},"author":10,"featured_media":11589,"comment_status":"open","ping_status":"closed","sticky":false,"template":"","format":"standard","meta":{"footnotes":""},"categories":[9],"tags":[],"class_list":["post-11587","post","type-post","status-publish","format-standard","has-post-thumbnail","hentry","category-uyelerimizin-haberleri"],"_links":{"self":[{"href":"https:\/\/ktbb.org\/v1\/wp-json\/wp\/v2\/posts\/11587","targetHints":{"allow":["GET"]}}],"collection":[{"href":"https:\/\/ktbb.org\/v1\/wp-json\/wp\/v2\/posts"}],"about":[{"href":"https:\/\/ktbb.org\/v1\/wp-json\/wp\/v2\/types\/post"}],"author":[{"embeddable":true,"href":"https:\/\/ktbb.org\/v1\/wp-json\/wp\/v2\/users\/10"}],"replies":[{"embeddable":true,"href":"https:\/\/ktbb.org\/v1\/wp-json\/wp\/v2\/comments?post=11587"}],"version-history":[{"count":1,"href":"https:\/\/ktbb.org\/v1\/wp-json\/wp\/v2\/posts\/11587\/revisions"}],"predecessor-version":[{"id":11590,"href":"https:\/\/ktbb.org\/v1\/wp-json\/wp\/v2\/posts\/11587\/revisions\/11590"}],"wp:featuredmedia":[{"embeddable":true,"href":"https:\/\/ktbb.org\/v1\/wp-json\/wp\/v2\/media\/11589"}],"wp:attachment":[{"href":"https:\/\/ktbb.org\/v1\/wp-json\/wp\/v2\/media?parent=11587"}],"wp:term":[{"taxonomy":"category","embeddable":true,"href":"https:\/\/ktbb.org\/v1\/wp-json\/wp\/v2\/categories?post=11587"},{"taxonomy":"post_tag","embeddable":true,"href":"https:\/\/ktbb.org\/v1\/wp-json\/wp\/v2\/tags?post=11587"}],"curies":[{"name":"wp","href":"https:\/\/api.w.org\/{rel}","templated":true}]}}