{"id":11596,"date":"2021-06-07T06:19:50","date_gmt":"2021-06-07T06:19:50","guid":{"rendered":"http:\/\/ktbb.org\/v1\/?p=11596"},"modified":"2021-06-07T06:19:50","modified_gmt":"2021-06-07T06:19:50","slug":"girnede-grafiti-ve-resim-yarismasi-duzenleniyor","status":"publish","type":"post","link":"https:\/\/ktbb.org\/v1\/girnede-grafiti-ve-resim-yarismasi-duzenleniyor\/","title":{"rendered":"Girne&#8217;de Grafiti ve Resim Yar\u0131\u015fmas\u0131 d\u00fczenleniyor"},"content":{"rendered":"<p>Girne Belediyesi ve Girne Evkaf \u0130yilik G\u00f6n\u00fcll\u00fcleri i\u015fbirli\u011finde, \u201cDuvarlar\u0131 sevgiye d\u00f6n\u00fc\u015ft\u00fcr\u201d slogan\u0131yla Trafo Binalar\u0131 ve Bo\u015f Duvarlar Grafiti ve Resim Yar\u0131\u015fmas\u0131 d\u00fczenleniyor.15-25 ya\u015f aras\u0131 gen\u00e7lerden olu\u015fan, 4-7 ki\u015filik tak\u0131mlar\u0131n kat\u0131l\u0131m\u0131yla ger\u00e7ekle\u015ftirilecek yar\u0131\u015fmayla; Gelecek nesillerin, daha sa\u011fl\u0131kl\u0131, \u00e7evre dostu ortamda ya\u015famas\u0131n\u0131 sa\u011flamak i\u00e7in gen\u00e7lere geri d\u00f6n\u00fc\u015f\u00fcm ve s\u00fcrd\u00fcr\u00fclebilirlik k\u00fclt\u00fcr\u00fcn\u00fc kazand\u0131rmak; Kullan\u0131lmayan alanlar\u0131n kent esteti\u011fine kazand\u0131r\u0131lmas\u0131, \u00e7evre ve peyzaj \u00e7al\u0131\u015fmalar\u0131na katk\u0131; \u00d6\u011frenmenin s\u00fcreklili\u011fi, tak\u0131m \u00e7al\u0131\u015fmas\u0131, fikirlerin payla\u015f\u0131m\u0131yla gelece\u011fi \u015fekillendirerek gen\u00e7lerle tan\u0131\u015fmak ve \u00fcrettikleri projelerin hayata ge\u00e7irilmesine destek olmak ama\u00e7lan\u0131yor. 21 Haziran 2021 tarihine kadar ba\u015fvuran tak\u0131mlar\u0131n, 1 Temmuz 2021 tarihinde projelerini de\u011ferlendirme kuruluna sunulaca\u011f\u0131 belirtildi. <\/p>\n<p>Belirlenen yerlere uygulanacak eserlerin, sanat\u00e7\u0131lar\u0131n da yer ald\u0131\u011f\u0131 bir j\u00fcri ile de\u011ferlendirilmesi sonucunda dereceye girenler, A\u011fustos ay\u0131 i\u00e7erisinde \u00f6d\u00fcllendirilecek. <\/p>\n<p>Girne Belediyesi\u2019nden yap\u0131lan a\u00e7\u0131klamada; Birinci gelen tak\u0131ma 3000 TL, \u0130kinci gelen tak\u0131ma 2000 TL, \u00dc\u00e7\u00fcnc\u00fc gelen tak\u0131ma da 1000 TL \u00f6d\u00fcl verilece\u011fi belirtildi. <\/p>\n<p>Bilgi ve ileti\u015fim i\u00e7in 0548 890 55 00 numaral\u0131 telefonu aranabilecek. \u015eartname ve eserlerin yap\u0131laca\u011f\u0131 noktalar\u0131n haritas\u0131na girnebelediyesi.com adresinden ve Girne Belediyesi Sosyal \u0130\u015fler \u015eubesinden ula\u015f\u0131labilir.<\/p>\n<p>\u201cGEN\u00c7LER\u0130N KENTE DOKUNU\u015eU, KENT\u0130N DE\u011eER\u0130NE DE\u011eER KATACAKTIR\u201d<\/p>\n<p>Girne Belediye Ba\u015fkan\u0131 Nidai G\u00fcng\u00f6rd\u00fc, Girne kentinde yer alan bo\u015f alanlar\u0131n de\u011ferlendirilmesi, \u00e7evrenin k\u00fclt\u00fcrel dokuya ve kent esteti\u011fine uygun \u015fekilde d\u00fczenlenerek g\u00fczelle\u015ftirilmesinin \u00f6nemine i\u015faret etti.<br \/>\nG\u00fcng\u00f6rd\u00fc, bu anlamda, gen\u00e7 sanat\u00e7\u0131lar\u0131n bu yar\u0131\u015fmaya kat\u0131lmas\u0131n\u0131n, kente sahip \u00e7\u0131kma ve tak\u0131m ruhuyla estetik de\u011ferleri geli\u015ftirmeye de katk\u0131 sa\u011flayaca\u011f\u0131na inanc\u0131n\u0131 ifade ederek, bu konuda gen\u00e7lerle i\u015fbirli\u011fi ve gen\u00e7leri te\u015fvik etmenin de\u011ferli oldu\u011funu kaydetti. G\u00fcng\u00f6rd\u00fc, \u201cGen\u00e7lerin kente dokunu\u015fuyla, kentin de\u011ferine de\u011fer katacak, kentteki bo\u015f yap\u0131lar sanat eserlerine d\u00f6n\u00fc\u015ft\u00fcr\u00fclecektir. Gen\u00e7lerin, bu anlamda da ya\u015fad\u0131\u011f\u0131 \u00e7evreyi korumas\u0131, sahip \u00e7\u0131kmas\u0131 ve proje geli\u015ftirip kat\u0131l\u0131mc\u0131 olmas\u0131 \u00e7ok \u00f6nemlidir\u201d dedi.\t\t\t\t\t<\/p>\n","protected":false},"excerpt":{"rendered":"<p>Girne Belediyesi ve Girne Evkaf \u0130yilik G\u00f6n\u00fcll\u00fcleri i\u015fbirli\u011finde, \u201cDuvarlar\u0131 sevgiye [&hellip;]<\/p>\n","protected":false},"author":10,"featured_media":11599,"comment_status":"open","ping_status":"closed","sticky":false,"template":"","format":"standard","meta":{"footnotes":""},"categories":[9],"tags":[],"class_list":["post-11596","post","type-post","status-publish","format-standard","has-post-thumbnail","hentry","category-uyelerimizin-haberleri"],"_links":{"self":[{"href":"https:\/\/ktbb.org\/v1\/wp-json\/wp\/v2\/posts\/11596","targetHints":{"allow":["GET"]}}],"collection":[{"href":"https:\/\/ktbb.org\/v1\/wp-json\/wp\/v2\/posts"}],"about":[{"href":"https:\/\/ktbb.org\/v1\/wp-json\/wp\/v2\/types\/post"}],"author":[{"embeddable":true,"href":"https:\/\/ktbb.org\/v1\/wp-json\/wp\/v2\/users\/10"}],"replies":[{"embeddable":true,"href":"https:\/\/ktbb.org\/v1\/wp-json\/wp\/v2\/comments?post=11596"}],"version-history":[{"count":1,"href":"https:\/\/ktbb.org\/v1\/wp-json\/wp\/v2\/posts\/11596\/revisions"}],"predecessor-version":[{"id":11602,"href":"https:\/\/ktbb.org\/v1\/wp-json\/wp\/v2\/posts\/11596\/revisions\/11602"}],"wp:featuredmedia":[{"embeddable":true,"href":"https:\/\/ktbb.org\/v1\/wp-json\/wp\/v2\/media\/11599"}],"wp:attachment":[{"href":"https:\/\/ktbb.org\/v1\/wp-json\/wp\/v2\/media?parent=11596"}],"wp:term":[{"taxonomy":"category","embeddable":true,"href":"https:\/\/ktbb.org\/v1\/wp-json\/wp\/v2\/categories?post=11596"},{"taxonomy":"post_tag","embeddable":true,"href":"https:\/\/ktbb.org\/v1\/wp-json\/wp\/v2\/tags?post=11596"}],"curies":[{"name":"wp","href":"https:\/\/api.w.org\/{rel}","templated":true}]}}