{"id":11600,"date":"2021-06-07T06:22:40","date_gmt":"2021-06-07T06:22:40","guid":{"rendered":"http:\/\/ktbb.org\/v1\/?p=11600"},"modified":"2021-06-07T06:22:40","modified_gmt":"2021-06-07T06:22:40","slug":"ogrenciler-artere-dunya-cevre-gunu-ile-ilgili-goruslerini-sundu","status":"publish","type":"post","link":"https:\/\/ktbb.org\/v1\/ogrenciler-artere-dunya-cevre-gunu-ile-ilgili-goruslerini-sundu\/","title":{"rendered":"\u00d6\u011frenciler, Arter\u2019e D\u00fcnya \u00c7evre G\u00fcn\u00fc ile ilgili g\u00f6r\u00fc\u015flerini sundu"},"content":{"rendered":"<p>Do\u011fu Akdeniz Do\u011fa \u0130lkokulu \u00d6\u011frenci Konseyi\u2019nden \u00f6\u011frenciler, M\u00fcd\u00fcr Yard\u0131mc\u0131s\u0131 Ay\u015fe \u00c7\u0131rako\u011flu ve \u00d6\u011fretmenlerinin e\u015fli\u011finde Belediye Ba\u015fkan\u0131 \u0130smail Arter\u2019i ziyaret ederek, 5 Haziran D\u00fcnya \u00c7evre G\u00fcn\u00fc ile ilgili g\u00f6r\u00fc\u015flerini i\u00e7eren bir yaz\u0131 sundu.<\/p>\n<p>\u00d6\u011frenci Konseyi Ba\u015fkan\u0131 Una Sara\u00e7l\u0131 isimli \u00f6\u011frenci konseyin g\u00fcn ile ilgili g\u00f6r\u00fc\u015flerini i\u00e7eren yaz\u0131y\u0131 okudu. Sara\u00e7l\u0131, bisiklet kullan\u0131m\u0131n\u0131 hem sa\u011fl\u0131kl\u0131 hem ekonomik olmas\u0131 nedeniyle kent i\u00e7i ula\u015f\u0131mda bir \u00e7\u00f6z\u00fcm olarak g\u00f6rd\u00fcklerini ifade ederek, trafik karma\u015fas\u0131 hava kirli\u011fi ve g\u00fcr\u00fclt\u00fcden kurtulman\u0131n yolunun bisiklet kullanmaktan ge\u00e7ti\u011fini kaydetti. Gazima\u011fusa Belediyesi\u2019nden bisiklet yollar\u0131 talep ettiklerini s\u00f6yleyen Sara\u00e7l\u0131, iyi tasarlanm\u0131\u015f bisiklet yolunun bisikletlerin g\u00fcvenli\u011fini art\u0131raca\u011f\u0131n\u0131, kaza riskini azaltaca\u011f\u0131n\u0131 belirtti. Sara\u00e7l\u0131, bisiklet yollar\u0131 ve kullan\u0131m\u0131yla ilgili \u015fu maddeleri s\u0131ralad\u0131: \u201cBisikletliler i\u00e7in yol payla\u015f\u0131m\u0131n\u0131 adil k\u0131lar, yol g\u00fcvenli\u011fini iyile\u015ftirir, ucuz ula\u015f\u0131m imkan\u0131 sa\u011flar, kamu alanlar\u0131n\u0131n kalitesini art\u0131r\u0131r, trafik s\u0131k\u0131\u015f\u0131kl\u0131\u011f\u0131 problemini \u00e7\u00f6zer, arabaya alternatiftir, trafik talebi y\u00f6netimini sa\u011flar, iklim de\u011fi\u015fikli\u011fini etkilerini azalt\u0131r.\u201d <\/p>\n<p>Gazima\u011fusa Belediye Ba\u015fkan\u0131 \u0130smail Arter konu\u015fmas\u0131nda, sadece \u00f6zel g\u00fcnlerde de\u011fil her zaman \u00f6\u011frencileri Belediyeye bekledi\u011fini ifade ederek, pandemi s\u00fcrecinden dolay\u0131 ola\u011fan\u00fcst\u00fc ko\u015fullardan ge\u00e7ti\u011fimizi, okullar\u0131 bundan dolay\u0131 uzun bir s\u00fcredir ziyaret edemedi\u011fini s\u00f6yledi. Ba\u015fkan \u0130smail Arter, \u00e7evreye duyarl\u0131 bir neslin yeti\u015fiyor olmas\u0131n\u0131n ileriye d\u00f6n\u00fck umut verici oldu\u011funu da s\u00f6yledi. Ba\u015fkan \u0130smail Arter, sporla sa\u011fl\u0131\u011f\u0131n i\u00e7 i\u00e7e oldu\u011funu, bisiklet s\u00fcrmenin ula\u015f\u0131mda hem \u00e7evre dostu hem de sa\u011fl\u0131\u011f\u0131 korumada \u00f6nemli oldu\u011funa dikkat \u00e7ekerek, ge\u00e7ti\u011fimiz aylarda ihaleye \u00e7\u0131karak Gazima\u011fusa\u2019da toplam 7 noktada bisiklet istasyonu kurulaca\u011f\u0131n\u0131 s\u00f6yledi.<\/p>\n<p>Okulun M\u00fcd\u00fcr Yard\u0131mc\u0131s\u0131 Ay\u015fe \u00c7\u0131rako\u011flu ise, \u00f6\u011frencileri kabul etti\u011fi i\u00e7in Ba\u015fkan \u0130smail Arter\u2019e te\u015fekk\u00fcr ederek, Konsey Ba\u015fkan\u0131 \u00f6\u011frencinin daha g\u00fczel bir Ma\u011fusa i\u00e7in g\u00f6r\u00fc\u015flerini ve isteklerini Ba\u015fkan \u0130smail Arter\u2019e sunaca\u011f\u0131n\u0131 ifade etti. \u00c7\u0131rako\u011flu ayr\u0131ca her hafta d\u00fczenli olarak pcr testi yap\u0131lmas\u0131 konusunda okullar\u0131na destek verdi\u011fi i\u00e7in de Ba\u015fkan \u0130smail Arter\u2019e te\u015fekk\u00fcr etti.<\/p>\n<p>\u00d6\u011frenciler g\u00f6r\u00fc\u015flerini i\u00e7eren yaz\u0131y\u0131 ve k\u00fc\u00e7\u00fck bir sand\u0131\u011f\u0131  Ba\u015fkan \u0130smail Arter\u2019e takdim ederken, Ba\u015fkan \u0130smail Arter de \u00f6\u011frencilere Ma\u011fusa foto\u011fraflar\u0131n\u0131n oldu\u011fu bir alb\u00fcm ve kitap hediye etti.<\/p>\n","protected":false},"excerpt":{"rendered":"<p>Do\u011fu Akdeniz Do\u011fa \u0130lkokulu \u00d6\u011frenci Konseyi\u2019nden \u00f6\u011frenciler, M\u00fcd\u00fcr Yard\u0131mc\u0131s\u0131 Ay\u015fe [&hellip;]<\/p>\n","protected":false},"author":10,"featured_media":11601,"comment_status":"open","ping_status":"closed","sticky":false,"template":"","format":"standard","meta":{"footnotes":""},"categories":[9],"tags":[],"class_list":["post-11600","post","type-post","status-publish","format-standard","has-post-thumbnail","hentry","category-uyelerimizin-haberleri"],"_links":{"self":[{"href":"https:\/\/ktbb.org\/v1\/wp-json\/wp\/v2\/posts\/11600","targetHints":{"allow":["GET"]}}],"collection":[{"href":"https:\/\/ktbb.org\/v1\/wp-json\/wp\/v2\/posts"}],"about":[{"href":"https:\/\/ktbb.org\/v1\/wp-json\/wp\/v2\/types\/post"}],"author":[{"embeddable":true,"href":"https:\/\/ktbb.org\/v1\/wp-json\/wp\/v2\/users\/10"}],"replies":[{"embeddable":true,"href":"https:\/\/ktbb.org\/v1\/wp-json\/wp\/v2\/comments?post=11600"}],"version-history":[{"count":1,"href":"https:\/\/ktbb.org\/v1\/wp-json\/wp\/v2\/posts\/11600\/revisions"}],"predecessor-version":[{"id":11605,"href":"https:\/\/ktbb.org\/v1\/wp-json\/wp\/v2\/posts\/11600\/revisions\/11605"}],"wp:featuredmedia":[{"embeddable":true,"href":"https:\/\/ktbb.org\/v1\/wp-json\/wp\/v2\/media\/11601"}],"wp:attachment":[{"href":"https:\/\/ktbb.org\/v1\/wp-json\/wp\/v2\/media?parent=11600"}],"wp:term":[{"taxonomy":"category","embeddable":true,"href":"https:\/\/ktbb.org\/v1\/wp-json\/wp\/v2\/categories?post=11600"},{"taxonomy":"post_tag","embeddable":true,"href":"https:\/\/ktbb.org\/v1\/wp-json\/wp\/v2\/tags?post=11600"}],"curies":[{"name":"wp","href":"https:\/\/api.w.org\/{rel}","templated":true}]}}