{"id":11607,"date":"2021-06-07T09:21:19","date_gmt":"2021-06-07T09:21:19","guid":{"rendered":"http:\/\/ktbb.org\/v1\/?p=11607"},"modified":"2021-06-07T09:21:19","modified_gmt":"2021-06-07T09:21:19","slug":"rauf-raif-denktas-vakfindan-artere-ziyaret","status":"publish","type":"post","link":"https:\/\/ktbb.org\/v1\/rauf-raif-denktas-vakfindan-artere-ziyaret\/","title":{"rendered":"Rauf Raif Denkta\u015f Vakf\u0131&#8217;ndan Arter&#8217;e ziyaret"},"content":{"rendered":"<p>Rauf Raif Denkta\u015f Vakf\u0131 Y\u00f6netim Kurulu \u00dcyeleri De\u011fer Denkta\u015f ile Orhan K\u00fcr\u015fat Belediye Ba\u015fkan\u0131 \u0130smail Arter\u2019e biz nezaket ziyaretinde bulundu. Y\u00f6netim Kurulu \u00dcyeleri, Ba\u015fkan \u0130smail Arter\u2019e Kurucu Cumhurba\u015fkan\u0131 Rauf Raif Denkta\u015f\u2019\u0131n \u201cRauf Denkta\u015f Gen\u00e7lerle Sohbet\u201d ve \u201cK\u0131br\u0131s Girit olmas\u0131n\u201d isimli kitaplar\u0131n\u0131 takdim etti. Y\u00f6netim Kurulu \u00dcyesi Orhan K\u00fcr\u015fat, bu kadar zamand\u0131r yanlar\u0131nda oldu\u011fu ve Vakfa verdi\u011fi destekten dolay\u0131 Ba\u015fkan \u0130smail Arter\u2019e te\u015fekk\u00fcr ederek, bundan sonras\u0131 i\u00e7in somut projelerle ilgili taleplerinin olaca\u011f\u0131n\u0131 s\u00f6yledi.<\/p>\n<p>Gazima\u011fusa Belediye Ba\u015fkan\u0131 \u0130smail Arter ise, Rauf Raif Denkta\u015f Vakf\u0131 ile pandemiden dolay\u0131 bir araya gelme imkan\u0131 azalsa da g\u00f6n\u00fcllerinin her zaman bir oldu\u011funu ifade ederek, Denkta\u015f Vakf\u0131 ile ge\u00e7mi\u015fte g\u00fczel projeleri oldu\u011funu, bundan sonra \u00e7al\u0131\u015fmalara devam ederek kaybedilen zaman\u0131 telafi edeceklerini, s\u00fcrpriz projeler haz\u0131rl\u0131\u011f\u0131nda olduklar\u0131n\u0131 s\u00f6yledi. Her zaman sayg\u0131 ve sevgi ile and\u0131\u011f\u0131 Kurucu Cumhurba\u015fkan\u0131 Rauf Raif Denkta\u015f\u2019a de\u011fer verdi\u011fini, kitaplar\u0131n\u0131 okudu\u011funu eksik olan kitaplar\u0131n\u0131 da tamamlayaca\u011f\u0131n\u0131 ifade eden Ba\u015fkan Arter, Vakf\u0131n verdi\u011fi hizmetlerin de  takdire \u015fayan oldu\u011funu s\u00f6yledi.<\/p>\n","protected":false},"excerpt":{"rendered":"<p>Rauf Raif Denkta\u015f Vakf\u0131 Y\u00f6netim Kurulu \u00dcyeleri De\u011fer Denkta\u015f ile [&hellip;]<\/p>\n","protected":false},"author":10,"featured_media":11608,"comment_status":"open","ping_status":"closed","sticky":false,"template":"","format":"standard","meta":{"footnotes":""},"categories":[9],"tags":[],"class_list":["post-11607","post","type-post","status-publish","format-standard","has-post-thumbnail","hentry","category-uyelerimizin-haberleri"],"_links":{"self":[{"href":"https:\/\/ktbb.org\/v1\/wp-json\/wp\/v2\/posts\/11607","targetHints":{"allow":["GET"]}}],"collection":[{"href":"https:\/\/ktbb.org\/v1\/wp-json\/wp\/v2\/posts"}],"about":[{"href":"https:\/\/ktbb.org\/v1\/wp-json\/wp\/v2\/types\/post"}],"author":[{"embeddable":true,"href":"https:\/\/ktbb.org\/v1\/wp-json\/wp\/v2\/users\/10"}],"replies":[{"embeddable":true,"href":"https:\/\/ktbb.org\/v1\/wp-json\/wp\/v2\/comments?post=11607"}],"version-history":[{"count":1,"href":"https:\/\/ktbb.org\/v1\/wp-json\/wp\/v2\/posts\/11607\/revisions"}],"predecessor-version":[{"id":11609,"href":"https:\/\/ktbb.org\/v1\/wp-json\/wp\/v2\/posts\/11607\/revisions\/11609"}],"wp:featuredmedia":[{"embeddable":true,"href":"https:\/\/ktbb.org\/v1\/wp-json\/wp\/v2\/media\/11608"}],"wp:attachment":[{"href":"https:\/\/ktbb.org\/v1\/wp-json\/wp\/v2\/media?parent=11607"}],"wp:term":[{"taxonomy":"category","embeddable":true,"href":"https:\/\/ktbb.org\/v1\/wp-json\/wp\/v2\/categories?post=11607"},{"taxonomy":"post_tag","embeddable":true,"href":"https:\/\/ktbb.org\/v1\/wp-json\/wp\/v2\/tags?post=11607"}],"curies":[{"name":"wp","href":"https:\/\/api.w.org\/{rel}","templated":true}]}}