{"id":11610,"date":"2021-06-08T05:47:16","date_gmt":"2021-06-08T05:47:16","guid":{"rendered":"http:\/\/ktbb.org\/v1\/?p=11610"},"modified":"2021-06-08T05:47:16","modified_gmt":"2021-06-08T05:47:16","slug":"girnede-tekneden-olta-ile-sokan-baligi-avlama-musabakasi-gerceklestirildi","status":"publish","type":"post","link":"https:\/\/ktbb.org\/v1\/girnede-tekneden-olta-ile-sokan-baligi-avlama-musabakasi-gerceklestirildi\/","title":{"rendered":"Girne&#8217;de tekneden olta ile sokan bal\u0131\u011f\u0131 avlama m\u00fcsabakas\u0131 ger\u00e7ekle\u015ftirildi"},"content":{"rendered":"<p>Girne Belediyesi\u2019nin Ana Sponsorlu\u011funda Yap\u0131lan Karao\u011flano\u011flu Avc\u0131l\u0131k At\u0131c\u0131l\u0131k Ve Bal\u0131k\u00e7\u0131l\u0131k Derne\u011finin Ev Sahipli\u011fini Yapt\u0131\u011f\u0131 M\u00fcsabaka 6 Haziran 2021 Pazar G\u00fcn\u00fc Ger\u00e7ekle\u015ftirildi<\/p>\n<p>KKTC Avc\u0131l\u0131k Federasyonunun y\u0131ll\u0131k faaliyet program\u0131nda olan Karao\u011flano\u011flu tekneden olta ile sokan bal\u0131\u011f\u0131 avlama m\u00fcsabakas\u0131 Girne Belediyesi ana sponsorlu\u011funda 06 Haziran 2021 Pazar g\u00fcn\u00fc sabah\u0131n erken saatlerinde Karao\u011flano\u011flu bal\u0131k\u00e7\u0131 bar\u0131na\u011f\u0131nda toplan\u0131larak, 14 tak\u0131m 52 lisansl\u0131 sporcu, 45 lisanss\u0131z ferdi tak\u0131m ve 135 ferdi lisanss\u0131z sporcunun kat\u0131l\u0131m\u0131 ile ger\u00e7ekle\u015fti.<\/p>\n<p>Girne Belediye Ba\u015fkan\u0131 Nidai G\u00fcng\u00f6rd\u00fc, Ba\u015fbakan Ersan Saner, \u0130\u00e7i\u015fleri Bakan\u0131 Kutlu Evren, Tar\u0131m ve Do\u011fal Kaynaklar Bakan\u0131 Naz\u0131m \u00c7avu\u015fo\u011flu, \u0130\u00e7i\u015fleri M\u00fcste\u015far\u0131 G\u00fcrkan Kara, Tar\u0131m Ve Do\u011fal Kaynaklar Bakanl\u0131\u011f\u0131 \u00d6zel Kalem M\u00fcd\u00fcr\u00fc Kemal \u015e\u00f6f\u00f6ro\u011flu, Limanlar Dairesi M\u00fcd\u00fcr\u00fc Hasan Curcio\u011flu, Hayvanc\u0131l\u0131k Dairesi M\u00fcd\u00fcr\u00fc G\u00f6nen Vurana, Milletvekili \u0130zlem G\u00fcr\u00e7a\u011f Altu\u011fra, Milletvekili Zeki \u00c7eler, Milletvekili Erek \u00c7a\u011fatay, Karaman Muhtar\u0131 Saadet Cibo, Karao\u011flano\u011flu Avc\u0131l\u0131k At\u0131c\u0131l\u0131k Derne\u011fi Ba\u015fkan\u0131 Sait Fara\u00e7, Karao\u011flano\u011flu Muhtar\u0131 H\u00fcdaverdi Tutku, Girne Belediyesi Meclis \u00dcyesi Burak G\u00fcler ve Girne Belediyesi Meclis \u00dcyesi Derya Hoca\u2019n\u0131n da kat\u0131ld\u0131\u011f\u0131 \u00f6d\u00fcl t\u00f6renine Karao\u011flano\u011flu b\u00f6lge halk\u0131 da ilgi g\u00f6sterdi.<\/p>\n<p>Girne Belediye Ba\u015fkan\u0131 Nidai G\u00fcng\u00f6rd\u00fc d\u00fczenlenen olta ile sokan bal\u0131\u011f\u0131 avlama m\u00fcsabakas\u0131na kat\u0131larak, ba\u015far\u0131l\u0131 olanlara \u00f6d\u00fcllerini verdi. <\/p>\n<p>G\u00fcng\u00f6rd\u00fc: Karao\u011flano\u011flu Bal\u0131k\u00e7\u0131 Bar\u0131na\u011f\u0131\u2019n\u0131n var olmas\u0131 Girne kent halk\u0131 i\u00e7in gerekli oldu\u011funa dikkat \u00e7ekti.<\/p>\n<p>Girne Belediye Ba\u015fkan\u0131 Nidai G\u00fcng\u00f6rd\u00fc, \u00fclkemizde bal\u0131k\u00e7\u0131l\u0131k faaliyetlerinin \u00f6nemine i\u015faret ederek, yap\u0131lan spor m\u00fcsabakas\u0131na Girne Belediyesi olarak katk\u0131 koyduklar\u0131n\u0131 s\u00f6yledi. G\u00fcng\u00f6rd\u00fc, Bar\u0131na\u011f\u0131n var olmas\u0131n\u0131n b\u00f6lge halk\u0131 i\u00e7in \u00f6nemli oldu\u011funa dikkat \u00e7ekerek, sorunlar\u0131n giderilmesinde gerekli deste\u011fi vereceklerini ifade etti. <\/p>\n<p>G\u00fcng\u00f6rd\u00fc \u00f6d\u00fcl t\u00f6reninde yapt\u0131\u011f\u0131 konu\u015fmada \u201cKarao\u011flano\u011flu Bal\u0131k\u00e7\u0131 Bar\u0131na\u011f\u0131 olarak ge\u00e7en yerin, b\u00fct\u00fcn Girne\u2019de vatanda\u015flar\u0131n kolayl\u0131kla denize ula\u015fabilecekleri ender noktalardan biridir. 1974 \u00f6ncesinde de bal\u0131k\u00e7\u0131 bar\u0131na\u011f\u0131 olarak da bilinirdi. Ancak halen yasal bir bal\u0131k\u00e7\u0131 bar\u0131na\u011f\u0131 stat\u00fcs\u00fcne kavu\u015fturulamam\u0131\u015ft\u0131r. Bu nedenle yap\u0131lan m\u00fcsabakada Ba\u015fbakan\u2019\u0131n ve h\u00fck\u00fcmet \u00fcyelerinin de burada olmas\u0131 \u00e7ok \u00f6nemlidir. Bu b\u00f6lgenin en k\u0131sa zamanda, \u00e7evresiyle ve yollar\u0131yla birlikte bal\u0131k\u00e7\u0131 bar\u0131na\u011f\u0131 olarak resmen ilan edilmesi gerekmektedir. H\u00fck\u00fcmetten talebimiz bu y\u00f6ndedir\u201d dedi.<\/p>\n<p>Yar\u0131\u015fmaya kat\u0131lan t\u00fcm yar\u0131\u015fmac\u0131lar\u0131 ve ba\u015far\u0131 g\u00f6sterenleri tebrik eden G\u00fcng\u00f6rd\u00fc, Dernek Ba\u015fkan\u0131\u2019na ve katk\u0131 koyan herkese te\u015fekk\u00fcr etti.<\/p>\n","protected":false},"excerpt":{"rendered":"<p>Girne Belediyesi\u2019nin Ana Sponsorlu\u011funda Yap\u0131lan Karao\u011flano\u011flu Avc\u0131l\u0131k At\u0131c\u0131l\u0131k Ve Bal\u0131k\u00e7\u0131l\u0131k [&hellip;]<\/p>\n","protected":false},"author":10,"featured_media":11611,"comment_status":"open","ping_status":"closed","sticky":false,"template":"","format":"standard","meta":{"footnotes":""},"categories":[9],"tags":[],"class_list":["post-11610","post","type-post","status-publish","format-standard","has-post-thumbnail","hentry","category-uyelerimizin-haberleri"],"_links":{"self":[{"href":"https:\/\/ktbb.org\/v1\/wp-json\/wp\/v2\/posts\/11610","targetHints":{"allow":["GET"]}}],"collection":[{"href":"https:\/\/ktbb.org\/v1\/wp-json\/wp\/v2\/posts"}],"about":[{"href":"https:\/\/ktbb.org\/v1\/wp-json\/wp\/v2\/types\/post"}],"author":[{"embeddable":true,"href":"https:\/\/ktbb.org\/v1\/wp-json\/wp\/v2\/users\/10"}],"replies":[{"embeddable":true,"href":"https:\/\/ktbb.org\/v1\/wp-json\/wp\/v2\/comments?post=11610"}],"version-history":[{"count":1,"href":"https:\/\/ktbb.org\/v1\/wp-json\/wp\/v2\/posts\/11610\/revisions"}],"predecessor-version":[{"id":11612,"href":"https:\/\/ktbb.org\/v1\/wp-json\/wp\/v2\/posts\/11610\/revisions\/11612"}],"wp:featuredmedia":[{"embeddable":true,"href":"https:\/\/ktbb.org\/v1\/wp-json\/wp\/v2\/media\/11611"}],"wp:attachment":[{"href":"https:\/\/ktbb.org\/v1\/wp-json\/wp\/v2\/media?parent=11610"}],"wp:term":[{"taxonomy":"category","embeddable":true,"href":"https:\/\/ktbb.org\/v1\/wp-json\/wp\/v2\/categories?post=11610"},{"taxonomy":"post_tag","embeddable":true,"href":"https:\/\/ktbb.org\/v1\/wp-json\/wp\/v2\/tags?post=11610"}],"curies":[{"name":"wp","href":"https:\/\/api.w.org\/{rel}","templated":true}]}}