{"id":11613,"date":"2021-06-08T07:29:53","date_gmt":"2021-06-08T07:29:53","guid":{"rendered":"http:\/\/ktbb.org\/v1\/?p=11613"},"modified":"2021-06-08T07:29:53","modified_gmt":"2021-06-08T07:29:53","slug":"avrupa-komisyonu-yapisal-reform-desteginden-catalkoy-belediyesine-ziyaret","status":"publish","type":"post","link":"https:\/\/ktbb.org\/v1\/avrupa-komisyonu-yapisal-reform-desteginden-catalkoy-belediyesine-ziyaret\/","title":{"rendered":"Avrupa Komisyonu Yap\u0131sal Reform Deste\u011fi&#8217;nden \u00c7atalk\u00f6y Belediyesi&#8217;ne ziyaret"},"content":{"rendered":"<p>Avrupa Komisyonu Yap\u0131sal Reform Deste\u011fi&#8217;nden Sorumlu Genel Direkt\u00f6r Mario Nava ve beraberindeki heyet, \u00c7atalk\u00f6y Belediyesi\u2019ne ziyarette bulundu.<\/p>\n<p>5 Haziran 2021 tarihinde Avrupa Komisyonu\u2019nda Yap\u0131sal Reform Deste\u011fi&#8217;nden Sorumlu Genel Direkt\u00f6r Mario Nava, Koordinasyon, Kaynaklar ve Yard\u0131m Program\u0131ndan Sorumlu Direkt\u00f6r Judit Rozsa, K\u0131br\u0131s \u00c7\u00f6z\u00fcm Destek Ofisi Birim \u015eefi Kjartan Bj\u00f6rnsson ve beraberlerindeki heyet, Avrupa Birli\u011fi taraf\u0131ndan finanse edilen ve \u00c7atalk\u00f6y Belediyesi koordinat\u00f6rl\u00fc\u011f\u00fcnde, Esentepe ve Tatl\u0131su belediyelerinin i\u015fbirli\u011fi i\u00e7erisinde y\u00fcr\u00fctt\u00fc\u011f\u00fc \u201cToplum Sa\u011fl\u0131\u011f\u0131 ve Refah\u0131\u201d projesi kapsam\u0131nda \u00c7atalk\u00f6y Belediyesi\u2019ne proje izleme ziyaretinde bulundu.<\/p>\n<p>Yap\u0131lan ziyarette projenin genel i\u015fleyi\u015fine ek olarak, proje kapsam\u0131nda \u00fc\u00e7 belediyenin ba\u015flatm\u0131\u015f oldu\u011fu ya\u015fl\u0131lara ve ihtiya\u00e7l\u0131lara y\u00f6nelik evde sa\u011fl\u0131k hizmetlerinin kapsam\u0131 hakk\u0131nda bilgi sunuldu.<br \/>\n\u00c7atalk\u00f6y Belediyesi Ba\u015fkan\u0131 Mehmet Hulusio\u011flu, Avrupa Birli\u011fi\u2019nin K\u0131br\u0131s T\u00fcrk toplumuna deste\u011finin ve bu t\u00fcr desteklerin artarak devam\u0131n\u0131n \u00f6nemine dikkat \u00e7ekti. \u00dc\u00e7 belediyenin proje kapsam\u0131nda yapt\u0131klar\u0131 i\u015fbirli\u011finin di\u011fer yerel y\u00f6netimler i\u00e7in bir \u00f6rnek te\u015fkil etti\u011fini belirten Hulusio\u011flu, projenin tamamlanmas\u0131ndan sonra da Avrupa Birli\u011fi deste\u011fi ile daha b\u00fct\u00fcnl\u00fckl\u00fc projelere imza koymaya haz\u0131r olduklar\u0131n\u0131 s\u00f6yledi.<\/p>\n","protected":false},"excerpt":{"rendered":"<p>Avrupa Komisyonu Yap\u0131sal Reform Deste\u011fi&#8217;nden Sorumlu Genel Direkt\u00f6r Mario Nava [&hellip;]<\/p>\n","protected":false},"author":10,"featured_media":11614,"comment_status":"open","ping_status":"closed","sticky":false,"template":"","format":"standard","meta":{"footnotes":""},"categories":[9],"tags":[],"class_list":["post-11613","post","type-post","status-publish","format-standard","has-post-thumbnail","hentry","category-uyelerimizin-haberleri"],"_links":{"self":[{"href":"https:\/\/ktbb.org\/v1\/wp-json\/wp\/v2\/posts\/11613","targetHints":{"allow":["GET"]}}],"collection":[{"href":"https:\/\/ktbb.org\/v1\/wp-json\/wp\/v2\/posts"}],"about":[{"href":"https:\/\/ktbb.org\/v1\/wp-json\/wp\/v2\/types\/post"}],"author":[{"embeddable":true,"href":"https:\/\/ktbb.org\/v1\/wp-json\/wp\/v2\/users\/10"}],"replies":[{"embeddable":true,"href":"https:\/\/ktbb.org\/v1\/wp-json\/wp\/v2\/comments?post=11613"}],"version-history":[{"count":1,"href":"https:\/\/ktbb.org\/v1\/wp-json\/wp\/v2\/posts\/11613\/revisions"}],"predecessor-version":[{"id":11615,"href":"https:\/\/ktbb.org\/v1\/wp-json\/wp\/v2\/posts\/11613\/revisions\/11615"}],"wp:featuredmedia":[{"embeddable":true,"href":"https:\/\/ktbb.org\/v1\/wp-json\/wp\/v2\/media\/11614"}],"wp:attachment":[{"href":"https:\/\/ktbb.org\/v1\/wp-json\/wp\/v2\/media?parent=11613"}],"wp:term":[{"taxonomy":"category","embeddable":true,"href":"https:\/\/ktbb.org\/v1\/wp-json\/wp\/v2\/categories?post=11613"},{"taxonomy":"post_tag","embeddable":true,"href":"https:\/\/ktbb.org\/v1\/wp-json\/wp\/v2\/tags?post=11613"}],"curies":[{"name":"wp","href":"https:\/\/api.w.org\/{rel}","templated":true}]}}