{"id":11622,"date":"2021-06-09T05:49:25","date_gmt":"2021-06-09T05:49:25","guid":{"rendered":"http:\/\/ktbb.org\/v1\/?p=11622"},"modified":"2021-06-09T05:49:25","modified_gmt":"2021-06-09T05:49:25","slug":"baskan-harmanci-arasta-lokmaci-esnafini-farkli-pazar-konseptleri-hakkinda-bilgilendirdi","status":"publish","type":"post","link":"https:\/\/ktbb.org\/v1\/baskan-harmanci-arasta-lokmaci-esnafini-farkli-pazar-konseptleri-hakkinda-bilgilendirdi\/","title":{"rendered":"Ba\u015fkan Harmanc\u0131 Arasta-Lokmac\u0131 Esnaf\u0131n\u0131 Farkl\u0131 Pazar Konseptleri Hakk\u0131nda Bilgilendirdi"},"content":{"rendered":"<p>Lefko\u015fa T\u00fcrk Belediyesi (LTB) Ba\u015fkan\u0131 Mehmet Harmanc\u0131, Arasta ve Lokmac\u0131 esnaf\u0131 ile biraraya gelerek, s\u0131n\u0131r kap\u0131lar\u0131n\u0131n uzun s\u00fcre kapal\u0131 olmas\u0131 nedeniyle zor g\u00fcnler ya\u015fam\u0131\u015f olan Arasta-Lokmac\u0131 esnaf\u0131na farkl\u0131 pazar konseptleri ve Merkez Lefko\u015fa ile ilgili bilgilendirmede bulundu.<br \/>\nArasta\u2019da ger\u00e7ekle\u015ftirilen bilgilendirme toplant\u0131s\u0131na, K\u0131br\u0131s T\u00fcrk Esnaf ve Zanaatk\u00e2rlar Odas\u0131 (KTEZO) Ba\u015fkan\u0131 Mahmut Kanber ile K\u0131br\u0131s T\u00fcrk Esnaf ve Zanaatk\u00e2rlar Odas\u0131 Genel Koordinat\u00f6r\u00fc H\u00fcrrem Tulga, LTB M\u00fcd\u00fcr\u00fc Fikri \u00d6zg\u00fcvenli,  LTB M\u00fcd\u00fcr Muavinleri Ferdiye Sav ile Levent \u00d6zverel ve b\u00f6lge esnaf\u0131 kat\u0131ld\u0131.<br \/>\nLTB Ba\u015fkan\u0131 Mehmet Harmanc\u0131 16 Haziran\u2019daki a\u00e7\u0131l\u0131\u015f etkinli\u011fi ile hizmet vermeye ba\u015flayacak olan Merkez Lefko\u015fa\u2019n\u0131n pandemiden beri \u00e7ok zor g\u00fcnler ge\u00e7iren Arasta ve Lokmac\u0131 esnaf\u0131na yeni f\u0131rsatlar yaratabilece\u011fini vurgulad\u0131. <\/p>\n<p>Harmanc\u0131,  \u00d6zker \u00d6zg\u00fcr Caddesi \u00fczerinde, \u00e7a\u011fda\u015f, donan\u0131m\u0131 olduk\u00e7a y\u00fcksek ve bir\u00e7ok farkl\u0131 etkinli\u011fe ev sahipli\u011fi yapabilecek kapasitede bir merkezi yurtta\u015flar\u0131n hizmetine sunacak olman\u0131n mutlulu\u011funu ya\u015fad\u0131klar\u0131n\u0131 belirtti.Merkez Lefko\u015fa\u2019n\u0131n 7 g\u00fcn gece ve g\u00fcnd\u00fcz ya\u015fayan bir merkez olaca\u011f\u0131n\u0131n alt\u0131n\u0131  \u00e7izen Harmanc\u0131, 7 Bu\u00e7uk Milyon TL\u2019sinin LTB\u2019nin kendi \u00f6z kaynaklar\u0131 olmak \u00fczere 9 Milyon TL\u2019lik bir yat\u0131r\u0131m oldu\u011funu s\u00f6yledi. <\/p>\n<p>Merkez Lefko\u015fa\u2019n\u0131n altyap\u0131s\u0131 ve esnafa sunaca\u011f\u0131 imkanlar ile ilgili olarak da bilgiler veren Ba\u015fkan Harmanc\u0131, 12.000 metrekarelik bir alanda in\u015fa edilen Merkez Lefko\u015fa\u2019da 280\u2019den fazla stand\u0131n yer alaca\u011f\u0131n\u0131, toplam 410 ara\u00e7 kapasiteli park alan\u0131n\u0131n olaca\u011f\u0131n\u0131 ve farkl\u0131 Pazar konseptleri ile haftan\u0131n her g\u00fcn\u00fc a\u00e7\u0131k olaca\u011f\u0131n\u0131 belirtti. <\/p>\n<p>Ba\u015fkan Harmanc\u0131, Merkezdeki stand kiras\u0131n\u0131n yaz sonuna kadar Arasta ile Lokmac\u0131 esnaf\u0131 i\u00e7in yar\u0131 miktarda olaca\u011f\u0131n\u0131 da kaydetti. Her stantta ayr\u0131 elektrik ba\u011flant\u0131s\u0131 ve ayd\u0131nlatman\u0131n olaca\u011f\u0131na vurgu yapan Harmanc\u0131, merkezin 7\/24 g\u00fcvenlik kameras\u0131 ile kontrol edilece\u011fini, her katta tuvaletlerin yer alaca\u011f\u0131n\u0131, t\u00fcm alanlarda \u00fccretsiz internet hizmeti sunulaca\u011f\u0131n\u0131 ve merkezin tamamen engelsiz bir yap\u0131 ile hizmet verece\u011fini s\u00f6yledi.<br \/>\nBa\u015fkan Harmanc\u0131, 85 ki\u015filik \u00e7ok ama\u00e7l\u0131 toplant\u0131 salonunun yan\u0131 s\u0131ra merkezde festival, etkinlik ve organizasyon alanlar\u0131n\u0131n da olaca\u011f\u0131n\u0131, galeri, at\u00f6lye ve sergi salonu ile merkezin \u00e7ok ama\u00e7l\u0131 hizmet anlay\u0131\u015f\u0131 ile yurtta\u015flara hizmet verece\u011fini belirtti. <\/p>\n<p>Kanber<br \/>\nK\u0131br\u0131s T\u00fcrk Esnaf ve Zanaatk\u00e2rlar Odas\u0131 (KTEZO) Ba\u015fkan\u0131 Mahmut Kanber ise yapt\u0131\u011f\u0131 konu\u015fmada, Merkez Lefko\u015fa\u2019n\u0131n  \u00e7ok b\u00fcy\u00fck ve \u00f6nemli bir proje oldu\u011funun alt\u0131n\u0131 \u00e7izerek, LTB Ba\u015fkan\u0131 Harmanc\u0131\u2019ya te\u015fekk\u00fcr etti.<br \/>\nLTB\u2019nin gerek yurtta\u015flara gerekse de esnafa modern, tam donan\u0131ml\u0131 bir merkez sundu\u011funu belirten Kanber, esnaf ile ilgili konularda, LTB ile her t\u00fcrl\u00fc i\u015fbirli\u011fine haz\u0131r olduklar\u0131n\u0131 s\u00f6yledi.<br \/>\nKanber, Merkezin  \u00e7al\u0131\u015fma ve esnaf\u0131n b\u00f6lgeye ta\u015f\u0131nmas\u0131 s\u00fcrecinde de  ihtiya\u00e7 duyulmas\u0131 halinde LTB ile koordinasyon i\u00e7inde \u00e7al\u0131\u015fabileceklerini de s\u00f6zlerine ekledi<\/p>\n","protected":false},"excerpt":{"rendered":"<p>Lefko\u015fa T\u00fcrk Belediyesi (LTB) Ba\u015fkan\u0131 Mehmet Harmanc\u0131, Arasta ve Lokmac\u0131 [&hellip;]<\/p>\n","protected":false},"author":10,"featured_media":11623,"comment_status":"open","ping_status":"closed","sticky":false,"template":"","format":"standard","meta":{"footnotes":""},"categories":[9],"tags":[],"class_list":["post-11622","post","type-post","status-publish","format-standard","has-post-thumbnail","hentry","category-uyelerimizin-haberleri"],"_links":{"self":[{"href":"https:\/\/ktbb.org\/v1\/wp-json\/wp\/v2\/posts\/11622","targetHints":{"allow":["GET"]}}],"collection":[{"href":"https:\/\/ktbb.org\/v1\/wp-json\/wp\/v2\/posts"}],"about":[{"href":"https:\/\/ktbb.org\/v1\/wp-json\/wp\/v2\/types\/post"}],"author":[{"embeddable":true,"href":"https:\/\/ktbb.org\/v1\/wp-json\/wp\/v2\/users\/10"}],"replies":[{"embeddable":true,"href":"https:\/\/ktbb.org\/v1\/wp-json\/wp\/v2\/comments?post=11622"}],"version-history":[{"count":1,"href":"https:\/\/ktbb.org\/v1\/wp-json\/wp\/v2\/posts\/11622\/revisions"}],"predecessor-version":[{"id":11624,"href":"https:\/\/ktbb.org\/v1\/wp-json\/wp\/v2\/posts\/11622\/revisions\/11624"}],"wp:featuredmedia":[{"embeddable":true,"href":"https:\/\/ktbb.org\/v1\/wp-json\/wp\/v2\/media\/11623"}],"wp:attachment":[{"href":"https:\/\/ktbb.org\/v1\/wp-json\/wp\/v2\/media?parent=11622"}],"wp:term":[{"taxonomy":"category","embeddable":true,"href":"https:\/\/ktbb.org\/v1\/wp-json\/wp\/v2\/categories?post=11622"},{"taxonomy":"post_tag","embeddable":true,"href":"https:\/\/ktbb.org\/v1\/wp-json\/wp\/v2\/tags?post=11622"}],"curies":[{"name":"wp","href":"https:\/\/api.w.org\/{rel}","templated":true}]}}