{"id":11642,"date":"2021-06-13T14:39:50","date_gmt":"2021-06-13T14:39:50","guid":{"rendered":"http:\/\/ktbb.org\/v1\/?p=11642"},"modified":"2021-06-14T07:16:44","modified_gmt":"2021-06-14T07:16:44","slug":"belediyeler-birligi-heyeti-konyaya-gitti","status":"publish","type":"post","link":"https:\/\/ktbb.org\/v1\/belediyeler-birligi-heyeti-konyaya-gitti\/","title":{"rendered":"Belediyeler Birli\u011fi Heyeti Konya\u2019ya gitti"},"content":{"rendered":"<p>K. T. Belediyeler Birli\u011fi\u2019nden bir heyet, Konya B\u00fcy\u00fck\u015fehir Belediyesi\u2019nin daveti \u00fczerine 13 Haziran Pazar g\u00fcn\u00fc Konya\u2019ya gitti.<\/p>\n<p>Ziyaret, K. T. Belediyeler Birli\u011fi ile T\u00fcrkiye Belediyeler Birli\u011fi aras\u0131nda ekonomik, sosyal ve k\u00fclt\u00fcrel alanda i\u015f birli\u011fini art\u0131rmak amac\u0131yla 11 \u015eubat\u2019ta imzalanan i\u015fbirli\u011fi protokol\u00fc kapsam\u0131nda ger\u00e7ekle\u015ftiriliyor.<\/p>\n<p>K. T.Belediyeler Birli\u011fi ve G\u00fczelyurt Belediye Ba\u015fkan\u0131 Mahmut \u00d6z\u00e7\u0131nar ba\u015fkanl\u0131\u011f\u0131ndaki heyette Girne Belediye Ba\u015fkan\u0131 Nidai G\u00fcng\u00f6rd\u00fc, \u00c7atalk\u00f6y Belediye Ba\u015fkan\u0131 Mehmet Hulusio\u011flu, Lapta Belediye Ba\u015fkan\u0131 Mustafa Aktu\u011f, Beyarmudu Belediye Ba\u015fkan\u0131 \u0130lker Edip, Tatl\u0131su Belediye Ba\u015fkan\u0131 Hayri Or\u00e7an, Yenierenk\u00f6y Belediye Ba\u015fkan\u0131 Emrah Ye\u015fil\u0131rmak, Alsancak Belediye Ba\u015fkan\u0131 F\u0131rat Ataser ve K. T. Belediyeler Birli\u011fi Genel Koordinat\u00f6r\u00fc H\u00fcseyin K\u00f6le yer al\u0131yor.<\/p>\n<p>13-16 Haziran tarihleri aras\u0131nda Konya\u2019da bulunacak olan K. T. Belediyeler Birli\u011fi Heyeti, Konya Valisi Vahdettin \u00d6zkan ve Konya B\u00fcy\u00fck\u015fehir Belediye Ba\u015fkan\u0131 U\u011fur \u0130brahim Altay\u2019a da resmi birer ziyaret ger\u00e7ekle\u015ftirecek.<\/p>\n<p>Heyet, ayr\u0131ca uzmanlar\u0131n \u00c7evre, S\u0131f\u0131r At\u0131k, Tar\u0131msal Hizmet \u00c7al\u0131\u015fmalar\u0131, Sa\u011fl\u0131k ve Sosyal Hizmetler, Gen\u00e7lik Projeleri ve Ula\u015f\u0131m gibi konularda sunumlar\u0131n\u0131n yer alaca\u011f\u0131 \u0130sti\u015fare ve Tecr\u00fcbe Payla\u015f\u0131m\u0131 Program\u0131na kat\u0131lacak.<\/p>\n<p>&nbsp;<\/p>\n","protected":false},"excerpt":{"rendered":"<p>K. T. Belediyeler Birli\u011fi\u2019nden bir heyet, Konya B\u00fcy\u00fck\u015fehir Belediyesi\u2019nin daveti [&hellip;]<\/p>\n","protected":false},"author":10,"featured_media":8439,"comment_status":"open","ping_status":"closed","sticky":false,"template":"","format":"standard","meta":{"footnotes":""},"categories":[1],"tags":[],"class_list":["post-11642","post","type-post","status-publish","format-standard","has-post-thumbnail","hentry","category-birlikten-haberler"],"_links":{"self":[{"href":"https:\/\/ktbb.org\/v1\/wp-json\/wp\/v2\/posts\/11642","targetHints":{"allow":["GET"]}}],"collection":[{"href":"https:\/\/ktbb.org\/v1\/wp-json\/wp\/v2\/posts"}],"about":[{"href":"https:\/\/ktbb.org\/v1\/wp-json\/wp\/v2\/types\/post"}],"author":[{"embeddable":true,"href":"https:\/\/ktbb.org\/v1\/wp-json\/wp\/v2\/users\/10"}],"replies":[{"embeddable":true,"href":"https:\/\/ktbb.org\/v1\/wp-json\/wp\/v2\/comments?post=11642"}],"version-history":[{"count":2,"href":"https:\/\/ktbb.org\/v1\/wp-json\/wp\/v2\/posts\/11642\/revisions"}],"predecessor-version":[{"id":11692,"href":"https:\/\/ktbb.org\/v1\/wp-json\/wp\/v2\/posts\/11642\/revisions\/11692"}],"wp:featuredmedia":[{"embeddable":true,"href":"https:\/\/ktbb.org\/v1\/wp-json\/wp\/v2\/media\/8439"}],"wp:attachment":[{"href":"https:\/\/ktbb.org\/v1\/wp-json\/wp\/v2\/media?parent=11642"}],"wp:term":[{"taxonomy":"category","embeddable":true,"href":"https:\/\/ktbb.org\/v1\/wp-json\/wp\/v2\/categories?post=11642"},{"taxonomy":"post_tag","embeddable":true,"href":"https:\/\/ktbb.org\/v1\/wp-json\/wp\/v2\/tags?post=11642"}],"curies":[{"name":"wp","href":"https:\/\/api.w.org\/{rel}","templated":true}]}}