{"id":11653,"date":"2021-06-09T06:39:09","date_gmt":"2021-06-09T06:39:09","guid":{"rendered":"http:\/\/ktbb.org\/v1\/?p=11653"},"modified":"2021-06-14T06:44:52","modified_gmt":"2021-06-14T06:44:52","slug":"leymosun-limasol-ve-kadinlari-isimli-kitabin-tanitimi-ve-soylesisi-gerceklestirilecek","status":"publish","type":"post","link":"https:\/\/ktbb.org\/v1\/leymosun-limasol-ve-kadinlari-isimli-kitabin-tanitimi-ve-soylesisi-gerceklestirilecek\/","title":{"rendered":"\u201cLeymosun (Limasol) ve Kad\u0131nlar\u0131\u201d isimli kitab\u0131n tan\u0131t\u0131m\u0131 ve s\u00f6yle\u015fisi ger\u00e7ekle\u015ftirilecek"},"content":{"rendered":"<p><strong>Girne Belediyesi Yeni Hizmet Binas\u0131\u2019nda Bulunan Camekan Kafe\u2019de \u201cKitap Tan\u0131t\u0131m\u0131 Ve S\u00f6yle\u015fi\u201d\u00a0 Ger\u00e7ekle\u015fecek.<\/strong><\/p>\n<p>&nbsp;<\/p>\n<p>K\u0131br\u0131sl\u0131 T\u00fcrk Kad\u0131nlar\u0131n\u0131n ge\u00e7mi\u015ften g\u00fcn\u00fcm\u00fcze kadar yapt\u0131klar\u0131 sosyal, k\u00fclt\u00fcrel ve ekonomik katk\u0131lar\u0131n\u0131n anlat\u0131ld\u0131\u011f\u0131 \u201cLeymosun (Limasol) ve Kad\u0131nlar\u0131\u201d isimli kitab\u0131n tan\u0131t\u0131m\u0131 ve s\u00f6yle\u015fisi 12 Haziran 2021 Cumartesi g\u00fcn\u00fc saat: 11.00\u2019da Girne Belediyesi\u2019nin Yeni Hizmet Binas\u0131\u2019nda bulunan Camekan Kafe\u2019de ger\u00e7ekle\u015ftirilecek.<\/p>\n<p>&nbsp;<\/p>\n<p>Aslen Limasollu olan ve Limasollular Derne\u011finde y\u0131llarca aktif g\u00f6rev alan merhum Emekli Komutan Engin Na\u015fit taraf\u0131ndan \u00e7al\u0131\u015fmalar\u0131 ba\u015flat\u0131lan kitap, \u00d6zay Akif taraf\u0131ndan kaleme al\u0131nd\u0131.\u00a0 \u201cLeymosun (Limasol) ve Kad\u0131nlar\u0131\u201d isimli kitab\u0131n bas\u0131m\u0131 ise, Limasol Bankas\u0131\u2019n\u0131n katk\u0131lar\u0131yla ger\u00e7ekle\u015ftirilmi\u015ftir.<\/p>\n<p>&nbsp;<\/p>\n<p>Covid- 19 salg\u0131n\u0131na kar\u015f\u0131 al\u0131nacak \u00f6nlemler kapsam\u0131nda d\u00fczenlenecek kitap tan\u0131t\u0131m etkinli\u011fine t\u00fcm kitapseverler davetlidir. Top of Form<\/p>\n<p>&nbsp;<\/p>\n","protected":false},"excerpt":{"rendered":"<p>Girne Belediyesi Yeni Hizmet Binas\u0131\u2019nda Bulunan Camekan Kafe\u2019de \u201cKitap Tan\u0131t\u0131m\u0131 [&hellip;]<\/p>\n","protected":false},"author":10,"featured_media":11658,"comment_status":"open","ping_status":"closed","sticky":false,"template":"","format":"standard","meta":{"footnotes":""},"categories":[9],"tags":[],"class_list":["post-11653","post","type-post","status-publish","format-standard","has-post-thumbnail","hentry","category-uyelerimizin-haberleri"],"_links":{"self":[{"href":"https:\/\/ktbb.org\/v1\/wp-json\/wp\/v2\/posts\/11653","targetHints":{"allow":["GET"]}}],"collection":[{"href":"https:\/\/ktbb.org\/v1\/wp-json\/wp\/v2\/posts"}],"about":[{"href":"https:\/\/ktbb.org\/v1\/wp-json\/wp\/v2\/types\/post"}],"author":[{"embeddable":true,"href":"https:\/\/ktbb.org\/v1\/wp-json\/wp\/v2\/users\/10"}],"replies":[{"embeddable":true,"href":"https:\/\/ktbb.org\/v1\/wp-json\/wp\/v2\/comments?post=11653"}],"version-history":[{"count":1,"href":"https:\/\/ktbb.org\/v1\/wp-json\/wp\/v2\/posts\/11653\/revisions"}],"predecessor-version":[{"id":11659,"href":"https:\/\/ktbb.org\/v1\/wp-json\/wp\/v2\/posts\/11653\/revisions\/11659"}],"wp:featuredmedia":[{"embeddable":true,"href":"https:\/\/ktbb.org\/v1\/wp-json\/wp\/v2\/media\/11658"}],"wp:attachment":[{"href":"https:\/\/ktbb.org\/v1\/wp-json\/wp\/v2\/media?parent=11653"}],"wp:term":[{"taxonomy":"category","embeddable":true,"href":"https:\/\/ktbb.org\/v1\/wp-json\/wp\/v2\/categories?post=11653"},{"taxonomy":"post_tag","embeddable":true,"href":"https:\/\/ktbb.org\/v1\/wp-json\/wp\/v2\/tags?post=11653"}],"curies":[{"name":"wp","href":"https:\/\/api.w.org\/{rel}","templated":true}]}}