{"id":11654,"date":"2021-06-09T06:39:12","date_gmt":"2021-06-09T06:39:12","guid":{"rendered":"http:\/\/ktbb.org\/v1\/?p=11654"},"modified":"2021-06-14T06:47:20","modified_gmt":"2021-06-14T06:47:20","slug":"gazimagusa-belediyesinin-ismet-inonu-bulvari-2-etap-duzenleme-projesinin-ihale-sozlesmesi-imzalandi","status":"publish","type":"post","link":"https:\/\/ktbb.org\/v1\/gazimagusa-belediyesinin-ismet-inonu-bulvari-2-etap-duzenleme-projesinin-ihale-sozlesmesi-imzalandi\/","title":{"rendered":"Gazima\u011fusa Belediyesi\u2019nin \u0130smet \u0130n\u00f6n\u00fc Bulvar\u0131 2. Etap D\u00fczenleme Projesi\u2019nin ihale s\u00f6zle\u015fmesi imzaland\u0131"},"content":{"rendered":"<p>Gazima\u011fusa Belediyesi\u2019nin \u0130smet \u0130n\u00f6n\u00fc Bulvar\u0131 2. Etap D\u00fczenleme Projesi\u2019nin ihale s\u00f6zle\u015fmesi Gazima\u011fusa Belediyesi\u2019nde d\u00fczenlenen t\u00f6renle imzaland\u0131. \u0130hale s\u00f6zle\u015fmesine Gazima\u011fusa Belediye Ba\u015fkan\u0131 \u0130smail Arter ile Sercem Asfalt LTD Direkt\u00f6r\u00fc Cemal Buluto\u011flular\u0131 imza koydu. Proje, Birle\u015fmi\u015f Milletler Kamp\u0131 ile Sulu \u00c7ember aras\u0131ndaki 1100 metrelik g\u00fczergah\u0131n altyap\u0131s\u0131yla birlikte yenilenerek asfaltlanmas\u0131n\u0131 kaps\u0131yor.<\/p>\n<p>Gazima\u011fusa Belediye Ba\u015fkan\u0131 \u0130smail Arter yapt\u0131\u011f\u0131 konu\u015fmada, uzun bir zamandan beridir g\u00fcndemlerinde olan \u0130smet \u0130n\u00f6n\u00fc Bulvar\u0131 D\u00fczenleme Projesi 2. Etab\u0131 i\u00e7in \u00e7\u0131kt\u0131klar\u0131 ihalenin sona erdi\u011fini, ihalenin y\u00fcklenici firmas\u0131 Sercem Asfalt LTD olarak belirlendi\u011fini s\u00f6yledi.\u00a0 Arter, Gazima\u011fusa Belediyesi ile TC Lefko\u015fa B\u00fcy\u00fckel\u00e7ili\u011fi\u2019nin ortak finansman\u0131yla ger\u00e7ekle\u015ftirilecek Projenin toplam maliyetinin 5 milyon 795 bin 665.90 TL+ KDV oldu\u011funu s\u00f6yledi. Ba\u015fkan \u0130smail Arter, daha \u00f6nce \u0130smet \u0130n\u00f6n\u00fc Bulvar\u0131\u2019n\u0131n yar\u0131s\u0131na yak\u0131n\u0131n\u0131n yap\u0131ld\u0131\u011f\u0131n\u0131, 2 etapta ise Birle\u015fmi\u015f Milletler Kamp\u0131\u2019ndan ba\u015flay\u0131p Sulu \u00c7ember\u2019e kadar olan k\u0131s\u0131m\u0131n yap\u0131laca\u011f\u0131n\u0131 ifade ederek, ekonomik kriz ve pandemiden dolay\u0131 gecikme ya\u015fand\u0131\u011f\u0131n\u0131, her t\u00fcrl\u00fc s\u0131k\u0131nt\u0131ya ra\u011fmen projelerin hayat bulmas\u0131 i\u00e7in \u00e7al\u0131\u015fmalar\u0131n devam etti\u011fini s\u00f6yledi. 12 ayl\u0131k s\u00fcrede tamamlanacak projenin 1100 metre uzunlu\u011funda oldu\u011funu, bunun da 4 etaba ayr\u0131ld\u0131\u011f\u0131n\u0131 ifade ederek, 15 Haziran\u2019da ba\u015flayacak 1. Etab\u0131n Cofee Mania\u2019dan Yemen Kahvesine kadar, 2. Etab\u0131n 15 Eyl\u00fcl-15 Aral\u0131k tarihleri aras\u0131nda \u00a0Yemen Kahvesi\u2019nden G\u00fclseren Kav\u015fa\u011f\u0131na kadar, 3. Etab\u0131n 15 Aral\u0131k- 15 Mart 2022 tarihleri aras\u0131nda G\u00fclseren Kav\u015fa\u011f\u0131\u2019ndan Cortado Espresso Bar\u2019a kadar, ve son etab\u0131n da \u00a015 Mart-15 Haziran 2022 tarihleri aras\u0131nda Cortado Espresso Bar ile Akol Caddem aras\u0131ndaki k\u0131s\u0131mda yap\u0131laca\u011f\u0131n\u0131 aktard\u0131. Projenin 4 etaba ayr\u0131lmas\u0131n\u0131n sebebinin i\u015fyerlerinin fazla olumsuz etkilenmemesi oldu\u011funu ifade eden Ba\u015fkan Arter, i\u015fyerleri ile isti\u015fare i\u00e7inde projenin ilerleyece\u011fini s\u00f6yledi. Salamis Yolu\u2019yla ilgili \u00e7ok ele\u015ftiri ald\u0131klar\u0131n\u0131 hem pandemi hem ekonomik s\u0131k\u0131nt\u0131lardan dolay\u0131 gecikme oldu\u011funu ancak her\u015feye ra\u011fmen projelerin hayat bulaca\u011f\u0131n\u0131 s\u00f6yledi.\u00a0 \u0130haleyi kazanan y\u00fcklenici firma Sercem Asfalt LTD Direkt\u00f6r\u00fc Cemal Buluto\u011flular\u0131\u2019na Projenin tamamlanmas\u0131 i\u00e7in ba\u015far\u0131lar dileyen Ba\u015fkan Arter projenin hay\u0131rl\u0131 olmas\u0131n\u0131 diledi. Ba\u015fkan \u0130smail Arter, ayr\u0131ca projede emek sarfeden Belediye personeline de te\u015fekk\u00fcr etti.<\/p>\n<p>Sercem Asfalt Ltd. Direkt\u00f6r\u00fc Cemal Buluto\u011flular\u0131 ise, bu k\u00f6t\u00fc g\u00fcnlerde \u00e7al\u0131\u015fanlar\u0131na ekmek verecek olan projeyi ihaleye \u00e7\u0131kan Gazima\u011fusa Belediyesi\u2019ne te\u015fekk\u00fcr ederek, K\u0131br\u0131s\u2019ta yap\u0131lmas\u0131 gereken i\u015flerin T\u00fcrkiye\u2019de ihale edilmesinin kendilerine ayr\u0131 bir darbe vurdu\u011funu, \u00fclkedeki projelerin ise kendilerini sevindirdi\u011finin s\u00f6yledi. \u0130smet \u0130n\u00f6n\u00fc Bulvar\u0131 2. Etap D\u00fczenleme Projesi\u2019nin \u00f6nemli bir proje oldu\u011funu, \u015firket olarak uzun y\u0131llard\u0131r \u00e7ok projeler yapt\u0131klar\u0131n\u0131, Projesi\u2019ni de belediyenin mimar m\u00fchendisleriyle birlikte \u015fartnameye g\u00f6re belirlenen s\u00fcrede, sa\u011fl\u0131kl\u0131 bir \u015fekilde yapacaklar\u0131n\u0131 s\u00f6yledi. \u0130\u015fyeri sahiplerinin her zaman d\u00fckkan \u00f6nlerinin a\u00e7\u0131k kalmas\u0131n\u0131, kaz\u0131lmamas\u0131n\u0131 istediklerini ifade eden Buluto\u011flular\u0131, i\u015fyerlerinin a\u00e7\u0131k kalacak \u015fekilde \u00e7al\u0131\u015facaklar\u0131n\u0131 belirterek, i\u015fyeri sahiplerinin kendilerine biraz zaman vermelerini istedi.<\/p>\n<p>&nbsp;<\/p>\n","protected":false},"excerpt":{"rendered":"<p>Gazima\u011fusa Belediyesi\u2019nin \u0130smet \u0130n\u00f6n\u00fc Bulvar\u0131 2. Etap D\u00fczenleme Projesi\u2019nin ihale [&hellip;]<\/p>\n","protected":false},"author":10,"featured_media":11660,"comment_status":"open","ping_status":"closed","sticky":false,"template":"","format":"standard","meta":{"footnotes":""},"categories":[9],"tags":[],"class_list":["post-11654","post","type-post","status-publish","format-standard","has-post-thumbnail","hentry","category-uyelerimizin-haberleri"],"_links":{"self":[{"href":"https:\/\/ktbb.org\/v1\/wp-json\/wp\/v2\/posts\/11654","targetHints":{"allow":["GET"]}}],"collection":[{"href":"https:\/\/ktbb.org\/v1\/wp-json\/wp\/v2\/posts"}],"about":[{"href":"https:\/\/ktbb.org\/v1\/wp-json\/wp\/v2\/types\/post"}],"author":[{"embeddable":true,"href":"https:\/\/ktbb.org\/v1\/wp-json\/wp\/v2\/users\/10"}],"replies":[{"embeddable":true,"href":"https:\/\/ktbb.org\/v1\/wp-json\/wp\/v2\/comments?post=11654"}],"version-history":[{"count":1,"href":"https:\/\/ktbb.org\/v1\/wp-json\/wp\/v2\/posts\/11654\/revisions"}],"predecessor-version":[{"id":11662,"href":"https:\/\/ktbb.org\/v1\/wp-json\/wp\/v2\/posts\/11654\/revisions\/11662"}],"wp:featuredmedia":[{"embeddable":true,"href":"https:\/\/ktbb.org\/v1\/wp-json\/wp\/v2\/media\/11660"}],"wp:attachment":[{"href":"https:\/\/ktbb.org\/v1\/wp-json\/wp\/v2\/media?parent=11654"}],"wp:term":[{"taxonomy":"category","embeddable":true,"href":"https:\/\/ktbb.org\/v1\/wp-json\/wp\/v2\/categories?post=11654"},{"taxonomy":"post_tag","embeddable":true,"href":"https:\/\/ktbb.org\/v1\/wp-json\/wp\/v2\/tags?post=11654"}],"curies":[{"name":"wp","href":"https:\/\/api.w.org\/{rel}","templated":true}]}}