{"id":11661,"date":"2021-06-10T06:46:14","date_gmt":"2021-06-10T06:46:14","guid":{"rendered":"http:\/\/ktbb.org\/v1\/?p=11661"},"modified":"2021-06-14T06:51:54","modified_gmt":"2021-06-14T06:51:54","slug":"baskan-sadikoglu-tekcam-ve-ereni-kabul-etti","status":"publish","type":"post","link":"https:\/\/ktbb.org\/v1\/baskan-sadikoglu-tekcam-ve-ereni-kabul-etti\/","title":{"rendered":"Ba\u015fkan Sad\u0131ko\u011flu, Tek\u00e7am ve Eren&#8217;i kabul etti"},"content":{"rendered":"<p>T\u00fcrkiye Cumhuriyeti Gen\u00e7lik ve Spor Bakanl\u0131\u011f\u0131 Kuzey K\u0131br\u0131s T\u00fcrk Cumhuriyeti Koordinat\u00f6r\u00fc Mithat Tek\u00e7am ile Gen\u00e7lik Dairesi M\u00fcd\u00fcr\u00fc Hasan Eren, \u0130skele Belediye Ba\u015fkan\u0131 Hasan Sad\u0131ko\u011flu\u2019nu ziyaret ettiler. Gen\u00e7li\u011fin ve spor alan\u0131nda yap\u0131lmas\u0131 planlanan projelerin masaya yat\u0131r\u0131ld\u0131\u011f\u0131 g\u00f6r\u00fc\u015fmede, Ba\u015fkan Sad\u0131ko\u011flu, Koordinat\u00f6r Mithat Tek\u00e7am\u2019a \u0130skele hakk\u0131nda da bilgi verdi. \u00a0T\u00fcrkiye Cumhuriyeti Gen\u00e7lik ve Spor Bakanl\u0131\u011f\u0131 Kuzey K\u0131br\u0131s T\u00fcrk Cumhuriyeti Koordinat\u00f6r\u00fc Mithat Tek\u00e7am ise Temmuz ay\u0131nda \u00c7anakkale\u2019de ger\u00e7ekle\u015fecek Ortak K\u00fclt\u00fcr Kamp\u0131 hakk\u0131nda konu\u015ftu.<\/p>\n<p>&nbsp;<\/p>\n<p><strong>TEK\u00c7AM:\u00a0 KKTC\u2019DEN 3.750 \u00d6\u011eRENC\u0130, ORTAK K\u00dcLT\u00dcR KAMPINA KATILACAK<\/strong><\/p>\n<p>\u0130skele Belediye Ba\u015fkan\u0131 Hasan Sad\u0131ko\u011flu, T\u00fcrkiye Cumhuriyeti Gen\u00e7lik ve Spor Bakanl\u0131\u011f\u0131 KKTC Koordinat\u00f6r\u00fc Mithat Tek\u00e7am\u2019\u0131 kabul etti. Gen\u00e7lik Dairesi M\u00fcd\u00fcr\u00fc Hasan Eren\u2019in de e\u015flik etti\u011fi Tek\u00e7am, Ba\u015fkan Sad\u0131ko\u011flu\u2019na \u00e7al\u0131\u015fmalar\u0131 hakk\u0131nda bilgi verdi. 7 ayd\u0131r g\u00f6revde oldu\u011funu ifade eden Tek\u00e7am, Gen\u00e7lik Dairesi ve Spor Dairesi ile birlikte hareket ettiklerini s\u00f6yledi. \u0130\u015fbirli\u011fi alan\u0131ndaki s\u00fcre\u00e7leri ba\u015flatt\u0131klar\u0131n\u0131 da belirten Tek\u00e7am, y\u00fcr\u00fcyen faaliyetlerle ilgili de konu\u015ftu. 26 Temuz\u2019da ger\u00e7ekle\u015fmesi planlanan \u00c7anakkale Gezisi kapsam\u0131nda d\u00fczenlenecek ortak k\u00fclt\u00fcr kamplar\u0131yla ilgili de bilgi veren Mithat Tek\u00e7am, 2.750 gencin \u00c7anakkale\u2019ye, 1.000 gencin ise do\u011fa kamplar\u0131 olmak \u00fczere KKTC\u2019den toplam 3.750 genci kamplara dahil edeceklerini s\u00f6yledi. \u0130skele b\u00f6lgesinden gelmek isteyen gen\u00e7leri de bu kamplarda g\u00f6rmeyi temenni ettiklerini ifade eden Tek\u00e7am, kay\u0131tlar\u0131n Milli E\u011fitim Bakanl\u0131\u011f\u0131 \u00fczerinden yap\u0131ld\u0131\u011f\u0131n\u0131 hat\u0131rlatt\u0131.<\/p>\n<p>&nbsp;<\/p>\n<p><strong>SADIKO\u011eLU: \u201cGEN\u00c7L\u0130\u011eE VE SPORA HER ZAMAN DESTEK VERD\u0130K\u201d<\/strong><\/p>\n<p>Kamplar\u0131n gen\u00e7ler i\u00e7in \u00f6nemine dikkat \u00e7eken \u0130skele Belediye Ba\u015fkan\u0131 Hasan Sad\u0131ko\u011flu da kabuldeki konu\u015fmas\u0131nda kamplar\u0131n ayr\u0131 bir heyecan oldu\u011funu, gen\u00e7lerin, ailelerden uzakta arkada\u015flar\u0131yla sosyalle\u015fmelerine olanak tan\u0131yan yerler oldu\u011funu ifade etti.\u00a0 Sosyalle\u015fmeyi ve payla\u015fmay\u0131 belki de ilk olarak \u00f6\u011frendikleri yerler kamplard\u0131r diyen Ba\u015fkan Sad\u0131ko\u011flu, kendisinin de gen\u00e7lere ayr\u0131ca de\u011fer verdi\u011fini belirtti.\u00a0 \u0130skele Belediyesi olarak gen\u00e7li\u011fe, spora her zaman destek verdiklerini de hat\u0131rlatan Ba\u015fkan Sad\u0131ko\u011flu, maddi ve manevi olarak gen\u00e7lerin yanlar\u0131nda olmaya \u00e7al\u0131\u015ft\u0131klar\u0131n\u0131 da s\u00f6zlerine ekledi. Ba\u015fkan Sad\u0131ko\u011flu, \u0130skele ve k\u00f6ylerindeki spor kul\u00fcpleri hakk\u0131nda da T\u00fcrkiye Cumhuriyeti Gen\u00e7lik ve Spor Bakanl\u0131\u011f\u0131 KKTC Koordinat\u00f6r\u00fc Mithat Tek\u00e7am\u2019\u0131 bilgilendirdi.<\/p>\n<p>&nbsp;<\/p>\n<p>\u0130skele\u2019de gen\u00e7li\u011fin ve sporun masaya yat\u0131r\u0131ld\u0131\u011f\u0131 g\u00f6r\u00fc\u015fmede, \u0130skele Belediye Ba\u015fkan\u0131 Hasan Sad\u0131ko\u011flu\u2019na \u0130skele Belediyesi K\u00fclt\u00fcr&amp; Sanat ve Di\u015f \u0130li\u015fkiler Dan\u0131\u015fman\u0131 \u00d6zlem Kadira\u011fa e\u015flik etti.<\/p>\n<p>&nbsp;<\/p>\n","protected":false},"excerpt":{"rendered":"<p>T\u00fcrkiye Cumhuriyeti Gen\u00e7lik ve Spor Bakanl\u0131\u011f\u0131 Kuzey K\u0131br\u0131s T\u00fcrk Cumhuriyeti [&hellip;]<\/p>\n","protected":false},"author":10,"featured_media":11666,"comment_status":"open","ping_status":"closed","sticky":false,"template":"","format":"standard","meta":{"footnotes":""},"categories":[9],"tags":[],"class_list":["post-11661","post","type-post","status-publish","format-standard","has-post-thumbnail","hentry","category-uyelerimizin-haberleri"],"_links":{"self":[{"href":"https:\/\/ktbb.org\/v1\/wp-json\/wp\/v2\/posts\/11661","targetHints":{"allow":["GET"]}}],"collection":[{"href":"https:\/\/ktbb.org\/v1\/wp-json\/wp\/v2\/posts"}],"about":[{"href":"https:\/\/ktbb.org\/v1\/wp-json\/wp\/v2\/types\/post"}],"author":[{"embeddable":true,"href":"https:\/\/ktbb.org\/v1\/wp-json\/wp\/v2\/users\/10"}],"replies":[{"embeddable":true,"href":"https:\/\/ktbb.org\/v1\/wp-json\/wp\/v2\/comments?post=11661"}],"version-history":[{"count":1,"href":"https:\/\/ktbb.org\/v1\/wp-json\/wp\/v2\/posts\/11661\/revisions"}],"predecessor-version":[{"id":11667,"href":"https:\/\/ktbb.org\/v1\/wp-json\/wp\/v2\/posts\/11661\/revisions\/11667"}],"wp:featuredmedia":[{"embeddable":true,"href":"https:\/\/ktbb.org\/v1\/wp-json\/wp\/v2\/media\/11666"}],"wp:attachment":[{"href":"https:\/\/ktbb.org\/v1\/wp-json\/wp\/v2\/media?parent=11661"}],"wp:term":[{"taxonomy":"category","embeddable":true,"href":"https:\/\/ktbb.org\/v1\/wp-json\/wp\/v2\/categories?post=11661"},{"taxonomy":"post_tag","embeddable":true,"href":"https:\/\/ktbb.org\/v1\/wp-json\/wp\/v2\/tags?post=11661"}],"curies":[{"name":"wp","href":"https:\/\/api.w.org\/{rel}","templated":true}]}}