{"id":11663,"date":"2021-06-14T06:49:08","date_gmt":"2021-06-14T06:49:08","guid":{"rendered":"http:\/\/ktbb.org\/v1\/?p=11663"},"modified":"2021-06-14T06:49:08","modified_gmt":"2021-06-14T06:49:08","slug":"cumhurbaskani-ersin-tatar-gazimagusa-belediyesini-ziyaret-etti","status":"publish","type":"post","link":"https:\/\/ktbb.org\/v1\/cumhurbaskani-ersin-tatar-gazimagusa-belediyesini-ziyaret-etti\/","title":{"rendered":"Cumhurba\u015fkan\u0131 Ersin Tatar, Gazima\u011fusa Belediyesi&#8217;ni ziyaret etti"},"content":{"rendered":"<p>Cumhurba\u015fkan\u0131 Ersin Tatar 9 Haziran \u00c7ar\u015famba g\u00fcn\u00fc saat 11:00\u2019da Gazima\u011fusa Belediyesi&#8217;ni ziyaret ederek Ba\u015fkan \u0130smail Arter ile bir g\u00f6r\u00fc\u015fme yapt\u0131. Cumhurba\u015fkan\u0131 Ersin Tatar, Gazima\u011fusa Belediye Ba\u015fkan\u0131 \u0130smail Arter\u2019i ziyaretinde, kapal\u0131 Mara\u015f ve Gazima\u011fusa ile ilgili di\u011fer konular konu\u015fulurken, Covid-19 ile m\u00fccadelede belediyenin \u00e7al\u0131\u015fmalar\u0131ndan dolay\u0131 Ba\u015fkan \u0130smail Arter\u2019i kutlad\u0131 ve te\u015fekk\u00fcr etti.<\/p>\n<p>Cumhurba\u015fkan\u0131 Ersin Tatar konu\u015fmas\u0131nda, Gazima\u011fusa\u2019da \u00f6nce \u00d6zel E\u011fitim Merkezi\u2019ni ard\u0131ndan da Gazima\u011fusa Belediyesi\u2019ni ziyaret etti\u011fini,\u00a0 pandemi d\u00f6neminde kesintisiz e\u011fitim verilen Gazima\u011fusa \u00d6zel E\u011fitim Merkezi\u2019nde \u00f6\u011frencilerin topluma kazand\u0131r\u0131lmas\u0131 i\u00e7in yap\u0131lan \u00e7al\u0131\u015fmalar ve devletin bu kuruma hassasiyetinin \u00f6nemli oldu\u011funu s\u00f6yledi. Tatar, geli\u015fen ve b\u00fcy\u00fcyen KKTC\u2019de Gazima\u011fusa b\u00f6lgesinde ciddi yat\u0131r\u0131mlar\u0131n oldu\u011funu, Gazima\u011fusa Belediyesi\u2019nin en \u00f6nemli belediyelerden biri oldu\u011funu, Mara\u015f\u2019\u0131n a\u00e7\u0131lmas\u0131 ve Gazima\u011fusa ile bir b\u00fct\u00fcn olmas\u0131 i\u00e7in de belediyenin de Mara\u015f\u2019ta altyap\u0131 \u00e7al\u0131\u015fmas\u0131 yapt\u0131\u011f\u0131n\u0131 s\u00f6yledi. Cumhurba\u015fkan\u0131 Tatar, Ba\u015fbakan oldu\u011fu d\u00f6nemde kapal\u0131 Mara\u015f\u2019\u0131n a\u00e7\u0131lmas\u0131n\u0131n belli ko\u015fullara ba\u011fland\u0131\u011f\u0131n\u0131 ancak sahil\u00a0 \u015feridi ve kamu alanlar\u0131n\u0131n a\u00e7\u0131ld\u0131\u011f\u0131n\u0131, Gazima\u011fusa\u2019n\u0131n halk\u0131n ve turistlerin ziyaret etti\u011fi bir turizm destinasyonu ve cazibe merkezi olma yolunda ilerledi\u011fini ifade ederek, Gazima\u011fusa denilince tarihi eserleri ve Mara\u015f boyutu ile turistlerin \u00f6zel ilgi duyaca\u011f\u0131 bir marka olarak kendisini d\u00fcnyaya tan\u0131tmakta oldu\u011funu, d\u00fcnyan\u0131n farkl\u0131 yerlerinden gelip Mara\u015f\u2019\u0131 ziyaret edenlerin oldu\u011funu belirtti.<\/p>\n<p>Cumhurba\u015fkan\u0131 Ersin Tatar, TC\u2019den 50 bin a\u015f\u0131 daha geldi\u011fini, daha \u00f6nce 140 bin a\u015f\u0131 geldi\u011fini, AB\u2019den gelen 35 bin a\u015f\u0131 ile birlikte y\u00fczde 20\u2019nin \u00fczerinde a\u015f\u0131lama oran\u0131 oldu\u011funu, bunun arkas\u0131n\u0131n daha gelece\u011fini belirterek, uzun zamandan beridir al\u0131nan tedbirler ile pandeminin iyi y\u00f6netildi\u011fini, vaka say\u0131s\u0131n\u0131n g\u00fcney K\u0131br\u0131s\u2019a g\u00f6re daha umutland\u0131ran rakamlar oldu\u011funu, a\u015f\u0131laman\u0131n devam etmesiyle birlikte a\u00e7\u0131lma ve turizme katk\u0131s\u0131n\u0131n g\u00f6r\u00fclece\u011fini s\u00f6yledi. Tatar, \u00f6\u011frenci ak\u0131\u015f\u0131n\u0131n ba\u015flamas\u0131yla birlikte Gazima\u011fusa\u2019n\u0131n pandemi \u00f6ncesindeki\u00a0 ekonomik ko\u015fullar\u0131 yakalamas\u0131n\u0131n sa\u011flanaca\u011f\u0131n\u0131, Mara\u015f a\u00e7\u0131l\u0131m\u0131 ile turizm potansiyelin artt\u0131\u011f\u0131n\u0131, Gazima\u011fusa\u2019n\u0131n eski\u00a0 ekonomik boyutu yeniden kazanmas\u0131n\u0131 temenni etti. \u0130mar Plan\u0131 konusunda s\u0131k\u0131nt\u0131lar\u0131n ya\u015fand\u0131\u011f\u0131n\u0131, kendisinin imzalamad\u0131\u011f\u0131 imar plan\u0131n\u0131 bir mimar olarak Ersan Saner\u2019in bir d\u00fczene getirece\u011fini ifade eden Tatar, a\u00e7\u0131lan Mara\u015f\u2019la bir b\u00fct\u00fcn olarak \u0130mar Plan\u0131n\u0131n Yenibo\u011fazi\u00e7i ve \u0130skele ile birlikte halk\u0131n i\u015f d\u00fcnyas\u0131n\u0131n da destekleyece\u011fi ortak bir zeminde bulu\u015fularak d\u0131\u015f yat\u0131r\u0131mc\u0131yla birlikte \u00fclke ekonomisine itici g\u00fc\u00e7 olmas\u0131n\u0131 istedi. \u00c7al\u0131\u015fmalar\u0131 yerinde g\u00f6rmekten Ba\u015fkan \u0130smail Arter ile g\u00f6r\u00fc\u015fmekten mutlu oldu\u011funu, ayr\u0131ca Belediyenin pandemide g\u00f6sterdi\u011fi ba\u015far\u0131dan Belediye Ba\u015fkan\u0131 \u0130smail Arter\u2019i kutlayan Tatar, onun \u015fahs\u0131nda belediye ve \u00e7al\u0131\u015fanlar\u0131na ba\u015flar\u0131lar diledi.<\/p>\n<p><strong>Gazima\u011fusa Belediye Ba\u015fkan\u0131 \u0130smail Arter,<\/strong><\/p>\n<p>Gazima\u011fusa Belediye Ba\u015fkan\u0131 \u0130smail Arter, Cumhurba\u015fkan\u0131 Ersin Tatar\u2019\u0131n Gazima\u011fusa\u2019y\u0131 ve Belediyeyi ziyaret etmi\u015f olmas\u0131ndan dolay\u0131 \u00e7ok mutlu olduklar\u0131n\u0131 ve onurland\u0131klar\u0131n\u0131 ifade ederek, Belediye olarak \u00e7al\u0131\u015fmalara devam ederken, Cumhurba\u015fkan\u0131 ile bilgi payla\u015f\u0131m\u0131nda bulunduklar\u0131n\u0131 ancak Cumhurba\u015fkan\u0131n\u0131n yap\u0131lan \u00e7al\u0131\u015fmalar\u0131 yak\u0131ndan g\u00f6rmesinin daha verimli oldu\u011funu s\u00f6yledi. Gazima\u011fusa\u2019n\u0131n Cumhurba\u015fkan\u0131 Ersin Tatar\u2019\u0131n belirtti\u011fi gibi \u00e7ok \u00f6nemli bir \u015fehir oldu\u011funu ifade eden Ba\u015fkan Arter, fazla bozulmu\u015f bir yap\u0131s\u0131 olmamakla birlikte \u0130mar Plan\u0131 yap\u0131lmas\u0131n\u0131n \u00e7ok \u00f6nemli oldu\u011funu, uzun y\u0131llardan beridir imar plan\u0131n\u0131n yap\u0131lmas\u0131 gerekti\u011fini s\u00f6yledi\u011fini ve \u00e7al\u0131\u015fmalar\u0131 ba\u015flatt\u0131klar\u0131n\u0131 belirtti. Ba\u015fkan Arter, her ge\u00e7en zamanda t\u0131kanma oldu\u011funda i\u015fin biraz daha zorla\u015ft\u0131\u011f\u0131n\u0131, bir an evvel emirnamelerden kurtulup, payda\u015flar\u0131n deste\u011fini alan bir imar plan\u0131n\u0131n hayat bulmas\u0131 gerekti\u011fini d\u00fc\u015f\u00fcnd\u00fc\u011f\u00fcn\u00fc ifade ederek, imar plan\u0131 ba\u015flad\u0131\u011f\u0131nda Mara\u015f a\u00e7\u0131l\u0131m\u0131n\u0131n olmad\u0131\u011f\u0131n\u0131, kapal\u0131 Mara\u015f da d\u00fc\u015f\u00fcn\u00fcld\u00fc\u011f\u00fcnde entegre bir \u00e7al\u0131\u015fman\u0131n olmas\u0131 gerekti\u011fini toplant\u0131larda s\u00f6yledi\u011fini belirtti. Ba\u015fkan \u0130smail Arter, Gazima\u011fusa\u2019n\u0131n yar\u0131s\u0131n\u0131n\u00a0 kanalizasyona ba\u011fl\u0131yken di\u011fer yar\u0131s\u0131n\u0131n proje bekledi\u011fini, \u015fimdi ise n\u00fcfusu 100 binlere \u00e7\u0131kabilecek bir Mara\u015f potansiyelinin \u00f6nlerinde durdu\u011funu, ileriye d\u00f6n\u00fck \u00e7al\u0131\u015fman\u0131n olmas\u0131 gerekti\u011fini, ayr\u0131ca kapal\u0131 Mara\u015f\u2019\u0131n su hatlar\u0131, telefon ve elektrikle ilgili \u00e7al\u0131\u015fmalar\u0131n ba\u015flamas\u0131 gerekti\u011fini, Belediyenin kamuya ait\u00a0 yerlerde bu \u00e7al\u0131\u015fmalar\u0131 teknik olarak yapt\u0131\u011f\u0131n\u0131, ekiplerin kuruldu\u011funu,\u00a0 Belediyede bir\u00a0 ofisi de bu i\u015f i\u00e7in ay\u0131rd\u0131klar\u0131n\u0131 s\u00f6yledi. \u015eehrin di\u011fer b\u00f6lgelerindeki \u00e7al\u0131\u015fmalar\u0131n\u00a0 h\u0131z kesse de devam eti\u011fini, hep s\u00f6ylenen\u00a0 Salamis Yolu\u2019nun da 2. etab\u0131n\u0131n 1 y\u0131lda bitece\u011fini ifade ederek, ekonomik s\u0131k\u0131nt\u0131ya ra\u011fmen Salamis Yolunun 2. Etab\u0131 i\u00e7in bug\u00fcn s\u00f6zle\u015fme imzalad\u0131klar\u0131n\u0131 s\u00f6yledi. Ba\u015fkan Arter, b\u00fct\u00fcn d\u00fcnyay\u0131 saran pandeminin \u00fclkemizde sa\u011fl\u0131kla ilgili b\u00fcy\u00fck s\u0131k\u0131nt\u0131 ya\u015fatmasa da ekonomik s\u0131k\u0131nt\u0131lar\u0131n oldu\u011funu, bunun belediyeyi etkiledi\u011fini, tahsilatlarda d\u00fc\u015f\u00fc\u015fler oldu\u011funu, bunun \u00e7al\u0131\u015fmalar\u0131 yava\u015flatt\u0131\u011f\u0131n\u0131 s\u00f6yledi. Covid-19\u2019un Mart 2020\u2019de ba\u015flad\u0131\u011f\u0131nda Sa\u011fl\u0131k Bakanl\u0131\u011f\u0131\u2019n\u0131n tavsiyeleriyle b\u00fct\u00fcn tedbirleri ald\u0131klar\u0131n\u0131, PCR testlerinin Belediyenin personeli ile yap\u0131ld\u0131\u011f\u0131n\u0131, \u201cbu bizim g\u00f6revimiz de\u011fil Sa\u011fl\u0131k Bakanl\u0131\u011f\u0131\u2019n\u0131n g\u00f6revidir\u201d diye hi\u00e7bir zaman d\u00fc\u015f\u00fcnmediklerini belirtti. Ba\u015fkan \u0130smail Arter di\u011fer \u00f6zelliklerinin yan\u0131nda, Gazima\u011fusa\u2019n\u0131n \u00fclkenin serac\u0131l\u0131ktan elde etti\u011fi \u00fcretimin y\u00fczde 70\u2019ine sahip oldu\u011funu, liman, \u00f6\u011frenci, turizm, tarihi eser ve \u00fclkenin en \u00e7ok sulak alana sahip kenti olarak Gazima\u011fusa\u2019n\u0131n dikkat \u00e7ekti\u011fini, sulak alanlar\u0131n sivrisinek problemini beraberinde getirdi\u011fini, bunun sorumluluklar\u0131n\u0131 art\u0131rd\u0131\u011f\u0131n\u0131 belirtti. Hem do\u011fay\u0131 korumak hem de sivrisineklerle m\u00fccadele etmenin birlikte y\u00fcr\u00fct\u00fcld\u00fc\u011f\u00fcn\u00fc, zaman zaman ele\u015ftiri alsa da bu konuda ba\u015far\u0131l\u0131 oldu\u011funu, her t\u00fcrl\u00fc kimyasal ilac\u0131 kullanman\u0131n da zarar\u0131 oldu\u011funu, biyolojik m\u00fccadeleyi \u00f6ne \u00e7\u0131kard\u0131klar\u0131n\u0131 aktard\u0131.<\/p>\n","protected":false},"excerpt":{"rendered":"<p>Cumhurba\u015fkan\u0131 Ersin Tatar 9 Haziran \u00c7ar\u015famba g\u00fcn\u00fc saat 11:00\u2019da Gazima\u011fusa [&hellip;]<\/p>\n","protected":false},"author":10,"featured_media":11664,"comment_status":"open","ping_status":"closed","sticky":false,"template":"","format":"standard","meta":{"footnotes":""},"categories":[9],"tags":[],"class_list":["post-11663","post","type-post","status-publish","format-standard","has-post-thumbnail","hentry","category-uyelerimizin-haberleri"],"_links":{"self":[{"href":"https:\/\/ktbb.org\/v1\/wp-json\/wp\/v2\/posts\/11663","targetHints":{"allow":["GET"]}}],"collection":[{"href":"https:\/\/ktbb.org\/v1\/wp-json\/wp\/v2\/posts"}],"about":[{"href":"https:\/\/ktbb.org\/v1\/wp-json\/wp\/v2\/types\/post"}],"author":[{"embeddable":true,"href":"https:\/\/ktbb.org\/v1\/wp-json\/wp\/v2\/users\/10"}],"replies":[{"embeddable":true,"href":"https:\/\/ktbb.org\/v1\/wp-json\/wp\/v2\/comments?post=11663"}],"version-history":[{"count":1,"href":"https:\/\/ktbb.org\/v1\/wp-json\/wp\/v2\/posts\/11663\/revisions"}],"predecessor-version":[{"id":11665,"href":"https:\/\/ktbb.org\/v1\/wp-json\/wp\/v2\/posts\/11663\/revisions\/11665"}],"wp:featuredmedia":[{"embeddable":true,"href":"https:\/\/ktbb.org\/v1\/wp-json\/wp\/v2\/media\/11664"}],"wp:attachment":[{"href":"https:\/\/ktbb.org\/v1\/wp-json\/wp\/v2\/media?parent=11663"}],"wp:term":[{"taxonomy":"category","embeddable":true,"href":"https:\/\/ktbb.org\/v1\/wp-json\/wp\/v2\/categories?post=11663"},{"taxonomy":"post_tag","embeddable":true,"href":"https:\/\/ktbb.org\/v1\/wp-json\/wp\/v2\/tags?post=11663"}],"curies":[{"name":"wp","href":"https:\/\/api.w.org\/{rel}","templated":true}]}}