{"id":11670,"date":"2021-06-14T07:14:34","date_gmt":"2021-06-14T07:14:34","guid":{"rendered":"http:\/\/ktbb.org\/v1\/?p=11670"},"modified":"2021-06-14T07:14:34","modified_gmt":"2021-06-14T07:14:34","slug":"merkez-lefkosa-is-insanlarina-tanitildi","status":"publish","type":"post","link":"https:\/\/ktbb.org\/v1\/merkez-lefkosa-is-insanlarina-tanitildi\/","title":{"rendered":"Merkez Lefko\u015fa i\u015f insanlar\u0131na tan\u0131t\u0131ld\u0131"},"content":{"rendered":"<p>Lefko\u015fa T\u00fcrk Belediyesi\u2019nin a\u00e7\u0131l\u0131\u015f i\u00e7in son haz\u0131rl\u0131klar\u0131n\u0131 yapt\u0131\u011f\u0131 Merkez Lefko\u015fa\u2019n\u0131n tan\u0131t\u0131mlar\u0131 devam ediyor. Bu kapsamda \u00fclkemizde faaliyet g\u00f6steren i\u015f insanlar\u0131 ile bir araya gelinerek, yeni tesisin hem tan\u0131t\u0131m\u0131 yap\u0131ld\u0131, hem de g\u00f6r\u00fc\u015f ve \u00f6neriler dinlendi.<\/p>\n<p>Kokteyl \u015feklinde yap\u0131lan ve Lefko\u015fa Belediye Orkestras\u0131\u2019n\u0131n m\u00fczik dinletisi ile renklenen tan\u0131t\u0131ma K\u0131br\u0131s T\u00fcrk Ticaret Odas\u0131 Ba\u015fkan\u0131 Turgay Deniz, K\u0131br\u0131s T\u00fcrk Sanayi Odas\u0131 Ba\u015fkan\u0131 Ali Kamac\u0131o\u011flu, K\u0131br\u0131s T\u00fcrk Esnaf ve Zanaatkarlar Birli\u011fi Ba\u015fkan\u0131 Mahmut Kamber yan\u0131nda tan\u0131nm\u0131\u015f i\u015f insanlar\u0131 kat\u0131ld\u0131.<\/p>\n<p>&nbsp;<\/p>\n<p><strong>Ba\u015fkan Harmanc\u0131: Hem kendi projelerimizi anlatmak hem de i\u015f insanlar\u0131n\u0131n fikirlerini almak istedik<\/strong><\/p>\n<p>LTB Ba\u015fkan\u0131 Mehmet Harmanc\u0131, i\u015f insanlar\u0131na hem Merkez Lefko\u015fa\u2019ya ili\u015fkin projeksiyonlar\u0131n\u0131 anlatt\u0131, hem de merkeze ili\u015fkin g\u00f6r\u00fc\u015f ve \u00f6nerilerini ald\u0131.<\/p>\n<p>LTB Ba\u015fkan\u0131 Mehmet Harmanc\u0131 Merkez Lefko\u015fa\u2019n\u0131n sadece a\u00e7\u0131k pazar olarak hizmet vermeyece\u011fini, bir\u00e7ok farkl\u0131 al\u0131\u015fveri\u015f etkinli\u011fine ev sahipli\u011fi yapaca\u011f\u0131n\u0131, bu anlamda i\u015f insanlar\u0131n\u0131 bu organizasyonlar i\u00e7in \u00f6nemli g\u00f6rd\u00fcklerini belirtti.<br \/>\nMerkez Lefko\u015fa\u2019n\u0131n hizmete girmesinin ard\u0131ndan hem \u015firketleri hem de t\u00fcketicileri memnun edebilecek bir anlay\u0131\u015fta olmas\u0131 i\u00e7in \u00e7aba sarf ettiklerini dile getiren Ba\u015fkan Harmanc\u0131, Merkez Lefko\u015fa\u2019y\u0131 \u00fclkeye ve ba\u015fkente kazand\u0131rman\u0131n mutlulu\u011funu ya\u015fad\u0131klar\u0131n\u0131 s\u00f6yledi.<\/p>\n<p>&nbsp;<\/p>\n<p>&nbsp;<\/p>\n<p>&nbsp;<\/p>\n<p>&nbsp;<\/p>\n","protected":false},"excerpt":{"rendered":"<p>Lefko\u015fa T\u00fcrk Belediyesi\u2019nin a\u00e7\u0131l\u0131\u015f i\u00e7in son haz\u0131rl\u0131klar\u0131n\u0131 yapt\u0131\u011f\u0131 Merkez Lefko\u015fa\u2019n\u0131n [&hellip;]<\/p>\n","protected":false},"author":10,"featured_media":11690,"comment_status":"open","ping_status":"closed","sticky":false,"template":"","format":"standard","meta":{"footnotes":""},"categories":[9],"tags":[],"class_list":["post-11670","post","type-post","status-publish","format-standard","has-post-thumbnail","hentry","category-uyelerimizin-haberleri"],"_links":{"self":[{"href":"https:\/\/ktbb.org\/v1\/wp-json\/wp\/v2\/posts\/11670","targetHints":{"allow":["GET"]}}],"collection":[{"href":"https:\/\/ktbb.org\/v1\/wp-json\/wp\/v2\/posts"}],"about":[{"href":"https:\/\/ktbb.org\/v1\/wp-json\/wp\/v2\/types\/post"}],"author":[{"embeddable":true,"href":"https:\/\/ktbb.org\/v1\/wp-json\/wp\/v2\/users\/10"}],"replies":[{"embeddable":true,"href":"https:\/\/ktbb.org\/v1\/wp-json\/wp\/v2\/comments?post=11670"}],"version-history":[{"count":1,"href":"https:\/\/ktbb.org\/v1\/wp-json\/wp\/v2\/posts\/11670\/revisions"}],"predecessor-version":[{"id":11691,"href":"https:\/\/ktbb.org\/v1\/wp-json\/wp\/v2\/posts\/11670\/revisions\/11691"}],"wp:featuredmedia":[{"embeddable":true,"href":"https:\/\/ktbb.org\/v1\/wp-json\/wp\/v2\/media\/11690"}],"wp:attachment":[{"href":"https:\/\/ktbb.org\/v1\/wp-json\/wp\/v2\/media?parent=11670"}],"wp:term":[{"taxonomy":"category","embeddable":true,"href":"https:\/\/ktbb.org\/v1\/wp-json\/wp\/v2\/categories?post=11670"},{"taxonomy":"post_tag","embeddable":true,"href":"https:\/\/ktbb.org\/v1\/wp-json\/wp\/v2\/tags?post=11670"}],"curies":[{"name":"wp","href":"https:\/\/api.w.org\/{rel}","templated":true}]}}