{"id":11675,"date":"2021-06-12T06:55:52","date_gmt":"2021-06-12T06:55:52","guid":{"rendered":"http:\/\/ktbb.org\/v1\/?p=11675"},"modified":"2021-06-14T07:11:29","modified_gmt":"2021-06-14T07:11:29","slug":"ltbnin-en-buyuk-yatirimlarindan-olan-merkez-lefkosa-basina-tanitildi","status":"publish","type":"post","link":"https:\/\/ktbb.org\/v1\/ltbnin-en-buyuk-yatirimlarindan-olan-merkez-lefkosa-basina-tanitildi\/","title":{"rendered":"LTB\u2019nin en b\u00fcy\u00fck yat\u0131r\u0131mlar\u0131ndan olan Merkez Lefko\u015fa, bas\u0131na tan\u0131t\u0131ld\u0131"},"content":{"rendered":"<p>Lefko\u015fa T\u00fcrk Belediyesi tarihinin en b\u00fcy\u00fck \u00f6z kaynak yat\u0131r\u0131mlar\u0131n\u0131n ba\u015f\u0131nda gelen Merkez Lefko\u015fa\u2019n\u0131n tan\u0131t\u0131mlar\u0131 devam ediyor. Pazarc\u0131lar Birli\u011fi ve esnaflar, i\u015f insanlar\u0131 ve muhtarlara yap\u0131lan tan\u0131t\u0131mlar\u0131n ard\u0131ndan bu kez bas\u0131n camias\u0131 Merkez Lefko\u015fa\u2019da bir araya geldi.<\/p>\n<p>&nbsp;<\/p>\n<p>Gazeteci, programc\u0131, muhabir, yay\u0131n kurulu\u015flar\u0131n\u0131n genel yay\u0131n y\u00f6netmenleri ve sahipleri olmak \u00fczere t\u00fcm bas\u0131n sekt\u00f6r\u00fcne hitap eden tan\u0131t\u0131mda Merkez Lefko\u015fa\u2019n\u0131n yap\u0131m a\u015famas\u0131 ve hizmet kapsam\u0131na ili\u015fkin ayr\u0131nt\u0131lar LTB Ba\u015fkan\u0131 Mehmet Harmanc\u0131 taraf\u0131ndan bas\u0131na aktar\u0131ld\u0131. Projenin mimar\u0131 olan LTB Meclis \u00dcyesi Safiye \u00d6zalt\u0131ner ve LTB M\u00fcd\u00fcr Muavini Ferdiye Sav da alana dair teknik ve mimari ayr\u0131nt\u0131lara ili\u015fkin bilgilendirmede bulundu.<\/p>\n<p>&nbsp;<\/p>\n<p><strong>Ba\u015fkan Harmanc\u0131: \u201cMerkez Lefko\u015fa, \u015fehrin yeniden aya\u011fa kalk\u0131\u015f\u0131n\u0131n ve ba\u015fkentin yeniden \u2018merkez\u2019 haline geli\u015finin simgesi\u201d<\/strong><\/p>\n<p>\u0130ncelemelerin ard\u0131ndan kahvalt\u0131l\u0131 sohbet toplant\u0131s\u0131nda LTB Ba\u015fkan\u0131 Mehmet Harmanc\u0131, Merkez Lefko\u015fa\u2019n\u0131n kurulu\u015f amac\u0131n\u0131 ve ba\u015fkente kataca\u011f\u0131 de\u011ferle ilgili bilgiler payla\u015ft\u0131.<\/p>\n<p>&nbsp;<\/p>\n<p>Ba\u015fkan Harmanc\u0131, Merkez Lefko\u015fa\u2019n\u0131n altyap\u0131 \u00e7al\u0131\u015fmalar\u0131nda TC Lefko\u015fa B\u00fcy\u00fckel\u00e7ili\u011fi Kalk\u0131nma ve Ekonomi \u0130\u015fbirli\u011fi Ofisi\u2019nin katk\u0131 koydu\u011funu, geriye kalan 7 Milyon TL\u2019lik yat\u0131r\u0131m\u0131n d\u00f6viz krizleri ve pandemi ko\u015fullar\u0131na ra\u011fmen LTB\u2019nin \u00f6z kaynaklar\u0131 ile yap\u0131ld\u0131\u011f\u0131n\u0131 belirtti.<\/p>\n<p>&nbsp;<\/p>\n<p><strong>\u201cMerkez Lefko\u015fa, hem ba\u015fkent hem de \u00fclke ya\u015fam\u0131na canl\u0131l\u0131k ve de\u011fer katacak\u201d<\/strong><\/p>\n<p>Tesisin A\u00e7\u0131k Pazar-\u00c7ar\u015f\u0131-Etkinlik ve Organizasyon alan\u0131 gibi \u00e7ok y\u00f6nl\u00fc \u00f6zellikleri ile k\u00fclt\u00fcr, sanat, spor ve ekonomi faaliyetlerin bir arada y\u00fcr\u00fctebilece\u011fi bir merkez olma \u00f6zelli\u011fini ta\u015f\u0131d\u0131\u011f\u0131n\u0131 vurgulayan Ba\u015fkan Harmanc\u0131, ama\u00e7lar\u0131n\u0131n \u015fehrin canl\u0131l\u0131\u011f\u0131n\u0131 artt\u0131rmak oldu\u011funu dile getirdi.<\/p>\n<p>Ba\u015fkan Harmanc\u0131 bas\u0131n camias\u0131na Merkez Lefko\u015fa\u2019n\u0131n i\u00e7 ve d\u0131\u015f alanlar\u0131n\u0131 da tan\u0131tt\u0131\u011f\u0131 toplant\u0131da g\u00f6r\u00fc\u015fleri dinledi, sorular\u0131 cevaplad\u0131.<\/p>\n<p>&nbsp;<\/p>\n<p>&nbsp;<\/p>\n<p>&nbsp;<\/p>\n<p>&nbsp;<\/p>\n","protected":false},"excerpt":{"rendered":"<p>Lefko\u015fa T\u00fcrk Belediyesi tarihinin en b\u00fcy\u00fck \u00f6z kaynak yat\u0131r\u0131mlar\u0131n\u0131n ba\u015f\u0131nda [&hellip;]<\/p>\n","protected":false},"author":10,"featured_media":11686,"comment_status":"open","ping_status":"closed","sticky":false,"template":"","format":"standard","meta":{"footnotes":""},"categories":[9],"tags":[],"class_list":["post-11675","post","type-post","status-publish","format-standard","has-post-thumbnail","hentry","category-uyelerimizin-haberleri"],"_links":{"self":[{"href":"https:\/\/ktbb.org\/v1\/wp-json\/wp\/v2\/posts\/11675","targetHints":{"allow":["GET"]}}],"collection":[{"href":"https:\/\/ktbb.org\/v1\/wp-json\/wp\/v2\/posts"}],"about":[{"href":"https:\/\/ktbb.org\/v1\/wp-json\/wp\/v2\/types\/post"}],"author":[{"embeddable":true,"href":"https:\/\/ktbb.org\/v1\/wp-json\/wp\/v2\/users\/10"}],"replies":[{"embeddable":true,"href":"https:\/\/ktbb.org\/v1\/wp-json\/wp\/v2\/comments?post=11675"}],"version-history":[{"count":1,"href":"https:\/\/ktbb.org\/v1\/wp-json\/wp\/v2\/posts\/11675\/revisions"}],"predecessor-version":[{"id":11689,"href":"https:\/\/ktbb.org\/v1\/wp-json\/wp\/v2\/posts\/11675\/revisions\/11689"}],"wp:featuredmedia":[{"embeddable":true,"href":"https:\/\/ktbb.org\/v1\/wp-json\/wp\/v2\/media\/11686"}],"wp:attachment":[{"href":"https:\/\/ktbb.org\/v1\/wp-json\/wp\/v2\/media?parent=11675"}],"wp:term":[{"taxonomy":"category","embeddable":true,"href":"https:\/\/ktbb.org\/v1\/wp-json\/wp\/v2\/categories?post=11675"},{"taxonomy":"post_tag","embeddable":true,"href":"https:\/\/ktbb.org\/v1\/wp-json\/wp\/v2\/tags?post=11675"}],"curies":[{"name":"wp","href":"https:\/\/api.w.org\/{rel}","templated":true}]}}