{"id":11676,"date":"2021-06-11T06:56:03","date_gmt":"2021-06-11T06:56:03","guid":{"rendered":"http:\/\/ktbb.org\/v1\/?p=11676"},"modified":"2021-06-14T06:58:57","modified_gmt":"2021-06-14T06:58:57","slug":"turkiyeden-gelen-teknik-heyetle-toplanti-yapildi","status":"publish","type":"post","link":"https:\/\/ktbb.org\/v1\/turkiyeden-gelen-teknik-heyetle-toplanti-yapildi\/","title":{"rendered":"T\u00fcrkiye&#8217;den gelen teknik heyetle toplant\u0131 yap\u0131ld\u0131"},"content":{"rendered":"<p>K\u0131br\u0131s T\u00fcrk Belediyeler Birli\u011fi ile T\u00fcrkiye Belediyeler Birli\u011fi\u2019nin i\u015fbirli\u011fi protokol\u00fc \u00e7er\u00e7evesinde \u00fclkemizde bulunan TC Cumhurba\u015fkanl\u0131\u011f\u0131 ve T\u00fcrkiye Belediyeler Birli\u011fi&#8217;nden olu\u015fan teknik heyet ile Gazima\u011fusa Belediyesinin \u015eube, Birim sorumlular\u0131 ve teknik ekibi 11 Haziran Cuma g\u00fcn\u00fc belediyede bir toplant\u0131 yaparak ileriye d\u00f6n\u00fck ortak teknik \u00e7al\u0131\u015fmalarla ilgili bilgi al\u0131\u015fveri\u015finde bulundu.<\/p>\n<p>Gazima\u011fusa Belediye Ba\u015fkan\u0131 \u0130smail Arter konu\u015fmas\u0131nda, T\u00fcrkiye\u00a0 Cumhuriyeti Cumhurba\u015fkanl\u0131\u011f\u0131 ve T\u00fcrkiye Belediyeler Birli\u011fi\u2019nden olu\u015fan Heyeti Belediyede g\u00f6rmekten mutlu\u00a0 oldu\u011funu ifade ederek ziyaret i\u00e7in te\u015fekk\u00fcr etti. Ba\u015fkan \u0130smail Arter, Gazima\u011fusa ile ilgili heyete bilgi vererek, tarihi miras\u0131, liman kenti ile birlikte \u00f6\u011frenci kenti \u00f6zelli\u011fini kazanan Gazima\u011fusa\u2019n\u0131n ayr\u0131ca tar\u0131mda da y\u00fczde 70\u2019lik \u00fcretimle de \u00f6ne \u00e7\u0131kt\u0131\u011f\u0131n\u0131 ve sulak alanlar bak\u0131m\u0131ndan da zengin oldu\u011funu s\u00f6yledi. Ba\u015fkan \u0130smail Arter, Gazima\u011fusa\u2019n\u0131n 1974 y\u0131l\u0131 \u00f6ncesinde Kale i\u00e7i ve \u00e7evresindeki Karakol, Sakarya ve Baykal B\u00f6lgesinde yerli halk\u0131n ya\u015fad\u0131\u011f\u0131n\u0131, 1974 sonras\u0131nda ise yeni iskana a\u00e7\u0131lan yerlere hem T\u00fcrkiye\u2019den gelenlerin hem de g\u00fcneyden gelen g\u00f6\u00e7menlerin yerle\u015fti\u011fini s\u00f6yledi. Pandeminin\u00a0 kendilerini \u00e7ok zorlad\u0131\u011f\u0131n\u0131, 1-2 y\u0131l i\u00e7inde pandeminin etkisini kaybedece\u011fini\u00a0 d\u00fc\u015f\u00fcnd\u00fcklerini, ancak olumsuz etkilenen ekonominin toparlanmas\u0131n\u0131n \u00f6zel \u00e7al\u0131\u015fma gerektirdi\u011fini ifade eden Ba\u015fkan \u0130smail Arter, hem i\u015f insanlar\u0131 hem h\u00fck\u00fcmet ve yerel idareye sorumluluklar d\u00fc\u015ft\u00fc\u011f\u00fcn\u00fc s\u00f6yledi. Pandemiden dolay\u0131 projelerin yava\u015flad\u0131\u011f\u0131n\u0131, \u00f6nlemlere a\u011f\u0131rl\u0131k verdiklerini ifade eden Ba\u015fkan Arter, s\u0131k\u0131nt\u0131ya d\u00fc\u015fen insanlar\u0131m\u0131z i\u00e7in de destekler uygulad\u0131klar\u0131n\u0131 ifade etti.<\/p>\n<p>Ba\u015fkan \u0130smail Arter, Gazima\u011fusa \u015fehrinin yan\u0131nda 46 y\u0131ld\u0131r kapal\u0131 durumda olan Mara\u015f\u2019\u0131n y\u0131llarca m\u00fczakere masas\u0131nda defalarca konu\u015fuldu\u011funu, anla\u015fmaya yakla\u015f\u0131lan durumlarda \u00fcmit \u0131\u015f\u0131\u011f\u0131 olan ancak sonu\u00e7suz kalan bir konu oldu\u011funu s\u00f6yledi. \u201cBelediye olarak kapal\u0131 Mara\u015f\u2019\u0131n yan\u0131ndaki bir \u015fehri ne kadar da bay\u0131nd\u0131r etmek istesek de viran bir \u015fehrin yan\u0131nda olmak bu tarafta yapt\u0131\u011f\u0131m\u0131z g\u00fczelliklerin de\u011ferini azalt\u0131r.\u201d diyen Ba\u015fkan Arter 2020 Eyl\u00fcl ay\u0131nda ba\u015flayan bir \u00e7al\u0131\u015fmayla a\u00e7\u0131l\u0131m s\u00fcrecinin ba\u015flad\u0131\u011f\u0131n\u0131, \u00e7ok y\u00fcksek siyasi iradeyle karar verildi\u011fini, siyasi\u00a0 ve idari boyutunun d\u0131\u015f\u0131nda olan Belediye olarak konunun \u00fc\u00e7\u00fcnc\u00fc baca\u011f\u0131 olan teknik k\u0131sm\u0131yla ilgilendiklerini, GKK ile isti\u015fare\u00a0 halinde kapal\u0131 Mara\u015f\u2019\u0131n normal bir \u015fehre d\u00f6n\u00fc\u015fmesi i\u00e7in teknik \u00e7al\u0131\u015fmalar\u0131 s\u00fcrd\u00fcrd\u00fcklerini s\u00f6yledi. Ba\u015fkan Arter, Mara\u015f\u2019taki \u00e7al\u0131\u015fmalar\u0131n hi\u00e7 aksat\u0131lmadan s\u00fcrd\u00fcr\u00fcld\u00fc\u011f\u00fcn\u00fcn belirterek, \u201cburada hedeflenen ya\u015fayan bir \u015fehrin ortaya \u00e7\u0131kar\u0131lmas\u0131d\u0131r, siyasi bir karard\u0131r konu ama hem bizim taraftan hem de g\u00fcneyden tepkisel g\u00f6r\u00fc\u015fler de ortaya \u00e7\u0131km\u0131\u015ft\u0131r. Bizim yapt\u0131\u011f\u0131m\u0131z \u00e7al\u0131\u015fmalarda kapal\u0131 Mara\u015f\u2019\u0131n kamuya ait a\u00e7\u0131lan b\u00f6lgelerinde temizlik ve d\u00fczenlemedir. Bunun d\u0131\u015f\u0131nda yapt\u0131\u011f\u0131m\u0131z bir \u015fey yoktur. Gerek Rum gerekse di\u011fer yabanc\u0131lar\u0131n \u00f6zel m\u00fclklerine en k\u00fc\u00e7\u00fck m\u00fcdahale yap\u0131lmad\u0131 yap\u0131lmayacak da.\u201d dedi. Kapal\u0131 Mara\u015f\u2019ta ge\u00e7mi\u015fte \u00e7\u0131kan yang\u0131n\u0131 da hat\u0131rlatan Ba\u015fkan Arter, Mara\u015f\u2019ta yap\u0131lan temizli\u011fin kimseyi rahats\u0131z etmemesi gerekti\u011fini s\u00f6yleyerek, \u201cbu \u00e7al\u0131\u015fmalar ileride anla\u015fma masas\u0131nda da g\u00fcndeme gelecek ve bu temizliklerin olumsuz bir etkisi olaca\u011f\u0131n\u0131 d\u00fc\u015f\u00fcnm\u00fcyorum. Mara\u015f a\u00e7\u0131ld\u0131\u011f\u0131 g\u00fcnden bug\u00fcne ziyaret\u00e7i say\u0131s\u0131 140 binin \u00fczerindedir, hafta sonlar\u0131 4 bine kadar \u00e7\u0131k\u0131yor. Son 2 haftad\u0131r g\u00fcneyden ge\u00e7en misafirlerin b\u00f6lgeye geldi\u011fini g\u00f6r\u00fcyoruz.\u201c diye konu\u015ftu. G\u00fcneyden gelenlerle konu\u015ftu\u011funda rahats\u0131zl\u0131k olmad\u0131\u011f\u0131n\u0131 g\u00f6rd\u00fc\u011f\u00fcn\u00fc, mal tazmin komisyonuna ba\u015fvurulup de\u011ferlendirmenin orada yap\u0131laca\u011f\u0131n\u0131 ifade ede Ba\u015fkan Arter, \u201c1974 ve 1963\u2019te\u00a0 ya\u015fananlar oldu bitti, ke\u015fke olmasayd\u0131 ama kim \u00e7evirecek bunu geriye. M\u00fchim olan bundan sonra bu adada nas\u0131l bir anla\u015fmayla d\u00fczl\u00fc\u011fe \u00e7\u0131kar\u0131z ve \u00e7ocuklar\u0131m\u0131za gen\u00e7lerimize nas\u0131l parlak bir gelecek b\u0131rakabiliriz.\u201d \u015feklinde konu\u015ftu.<\/p>\n<p>\u201cBiraz \u00f6zverili olmak gerekir, kar\u015f\u0131 taraf\u0131nda da bu taraf\u0131n haklar\u0131n\u0131 da beraber d\u00fc\u015f\u00fcnerek bir \u00e7\u00f6z\u00fcme gitmek laz\u0131m.\u201d Diyen Ba\u015fkan Arter, b\u00f6yle kalmas\u0131 daha menfaatimizedir diye bir g\u00f6r\u00fc\u015f varsa demek uzun y\u0131llar daha b\u00f6yle kalacak Mara\u015f. Mara\u015f a\u00e7\u0131l\u0131m\u0131n\u0131n K\u0131br\u0131s m\u00fczakere s\u00fcresince olumlu katk\u0131 yapaca\u011f\u0131na hep inand\u0131m hep s\u00f6ylerim.\u201c dedi.<\/p>\n<p><strong>T\u00fcrkiye Belediyeler Birli\u011fi Genel Sekreter Yard\u0131mc\u0131s\u0131 Kayhan \u00d6z\u00fcm<\/strong>, T\u00fcrkiye Cumhurba\u015fkan\u0131 Yard\u0131mc\u0131s\u0131 Fuat Oktay\u2019\u0131n himayelerinde K\u0131br\u0131s T\u00fcrk Belediyeler Birli\u011fi ile T\u00fcrkiye Belediyeler Birli\u011fi\u2019nin bir i\u015fbirli\u011fi protokol imzalad\u0131\u011f\u0131n\u0131, 2 \u00fclkenin Belediyeleri ve birlikleri aras\u0131na i\u015fbirli\u011fi yap\u0131lmas\u0131n\u0131n \u00f6ng\u00f6r\u00fcld\u00fc\u011f\u00fcn\u00fc, bu y\u0131l\u0131n nisan ay\u0131nda ilk ziyareti ger\u00e7ekle\u015ftirerek verimli bir \u00e7al\u0131\u015fma yapt\u0131klar\u0131n\u0131 ifade etti. 20\u2019den fazla belediye temsilcisinin oldu\u011fu daha kapsaml\u0131 bir heyetle \u00fclkeye geldiklerini, 20\u2019ye yak\u0131n belediyeyi ziyaret edeceklerini, ve ne gibi ortak \u00e7al\u0131\u015f\u0131lmalar yapabileceklerini, vatanda\u015fa y\u00f6nelik \u00e7al\u0131\u015fmalarda ne gibi katk\u0131lar yapabileceklerini, uygulamalar\u0131n ve tecr\u00fcbelerin payla\u015f\u0131lmas\u0131 gibi konularda g\u00f6r\u00fc\u015f al\u0131\u015fveri\u015fi yapacaklar\u0131n\u0131 s\u00f6yledi. Sadece Gazima\u011fusa\u2019da de\u011fil heyetin bir k\u0131sm\u0131n\u0131n da di\u011fer il\u00e7elerde oldu\u011funu, buraya \u00e7ok \u00f6nem verdiklerini belirten \u00d6z\u00fcm, teknik d\u00fczeyde bir \u00e7al\u0131\u015fma yap\u0131p ilerisi i\u00e7in \u00f6ng\u00f6r\u00fcde bulunacaklar\u0131n\u0131 ifade etti.<\/p>\n<p><strong>Gaziantep B\u00fcy\u00fck\u015fehir Belediyesi Ba\u015fkan Vekili Osman Toprak<\/strong>, Belediyede s\u0131cak kar\u015f\u0131lanmalar\u0131ndan dolay\u0131 te\u015fekk\u00fcr ederek, yavru vatan KKTC\u2019de bulunmaktan dolay\u0131 memnun oldu\u011funu, her zaman kalplerinin yavru vatanla oldu\u011funu s\u00f6yledi. Hem T\u00fcrkiye Belediyeler Birli\u011fi Ba\u015fkan\u0131 hem Gaziantep B\u00fcy\u00fck\u015fehir Belediye Ba\u015fkan\u0131 Fatma \u015eahin\u2019in selamlar\u0131n\u0131 ileterek, \u015eahin\u2019in buraya \u00f6zel \u00f6nem verdi\u011fi i\u00e7in g\u00fc\u00e7l\u00fc bir ekiple geldiklerini, 3 daire ba\u015fkan\u0131, genel sekreter ve \u00e7al\u0131\u015fma arkada\u015flar\u0131yla buraya geldiklerini, Gaziantep ile Gazima\u011fusa ars\u0131ndaki i\u015fbirli\u011fini art\u0131rmak hedefinde olduklar\u0131n\u0131 s\u00f6yledi. Toprak, \u00a0Gaziantep\u2019in T\u00fcrkiye\u2019nin n\u00fcfus a\u00e7\u0131s\u0131ndan 6. y\u00fcz\u00f6l\u00e7\u00fcm\u00fc a\u00e7\u0131s\u0131ndan 9. s\u0131rada oldu\u011funu, k\u00fclt\u00fcr sanayi ekonomi, ve gastronomi \u015fehir oldu\u011funu, 2 milyon 200 bin n\u00fcfusu oldu\u011funu, 500 bin Suriyeli m\u00fclteciye de ev sahipli\u011fi yapt\u0131\u011f\u0131n\u0131, 8 milyar dolar\u0131n \u00fczerinde ise ihracat\u0131n\u0131n oldu\u011funu s\u00f6yledi. Osman Toprak, 2 \u015fehir aras\u0131nda karde\u015f \u015fehir anla\u015fmas\u0131n\u0131n ilk etab\u0131n\u0131n at\u0131lmas\u0131n\u0131 arzu ettiklerini de ifade etti.<\/p>\n","protected":false},"excerpt":{"rendered":"<p>K\u0131br\u0131s T\u00fcrk Belediyeler Birli\u011fi ile T\u00fcrkiye Belediyeler Birli\u011fi\u2019nin i\u015fbirli\u011fi protokol\u00fc [&hellip;]<\/p>\n","protected":false},"author":10,"featured_media":11677,"comment_status":"open","ping_status":"closed","sticky":false,"template":"","format":"standard","meta":{"footnotes":""},"categories":[9],"tags":[],"class_list":["post-11676","post","type-post","status-publish","format-standard","has-post-thumbnail","hentry","category-uyelerimizin-haberleri"],"_links":{"self":[{"href":"https:\/\/ktbb.org\/v1\/wp-json\/wp\/v2\/posts\/11676","targetHints":{"allow":["GET"]}}],"collection":[{"href":"https:\/\/ktbb.org\/v1\/wp-json\/wp\/v2\/posts"}],"about":[{"href":"https:\/\/ktbb.org\/v1\/wp-json\/wp\/v2\/types\/post"}],"author":[{"embeddable":true,"href":"https:\/\/ktbb.org\/v1\/wp-json\/wp\/v2\/users\/10"}],"replies":[{"embeddable":true,"href":"https:\/\/ktbb.org\/v1\/wp-json\/wp\/v2\/comments?post=11676"}],"version-history":[{"count":1,"href":"https:\/\/ktbb.org\/v1\/wp-json\/wp\/v2\/posts\/11676\/revisions"}],"predecessor-version":[{"id":11678,"href":"https:\/\/ktbb.org\/v1\/wp-json\/wp\/v2\/posts\/11676\/revisions\/11678"}],"wp:featuredmedia":[{"embeddable":true,"href":"https:\/\/ktbb.org\/v1\/wp-json\/wp\/v2\/media\/11677"}],"wp:attachment":[{"href":"https:\/\/ktbb.org\/v1\/wp-json\/wp\/v2\/media?parent=11676"}],"wp:term":[{"taxonomy":"category","embeddable":true,"href":"https:\/\/ktbb.org\/v1\/wp-json\/wp\/v2\/categories?post=11676"},{"taxonomy":"post_tag","embeddable":true,"href":"https:\/\/ktbb.org\/v1\/wp-json\/wp\/v2\/tags?post=11676"}],"curies":[{"name":"wp","href":"https:\/\/api.w.org\/{rel}","templated":true}]}}