{"id":11682,"date":"2021-06-11T07:01:44","date_gmt":"2021-06-11T07:01:44","guid":{"rendered":"http:\/\/ktbb.org\/v1\/?p=11682"},"modified":"2021-06-14T07:06:13","modified_gmt":"2021-06-14T07:06:13","slug":"gungordu-uclg-kultur-zirvesinin-lansmanina-konusmaci-olarak-katilim-gosterdi","status":"publish","type":"post","link":"https:\/\/ktbb.org\/v1\/gungordu-uclg-kultur-zirvesinin-lansmanina-konusmaci-olarak-katilim-gosterdi\/","title":{"rendered":"G\u00fcng\u00f6rd\u00fc, UCLG K\u00fclt\u00fcr Zirvesi\u2019nin Lansman\u0131&#8217;na konu\u015fmac\u0131 olarak kat\u0131l\u0131m g\u00f6sterdi"},"content":{"rendered":"<div class=\"o9v6fnle cxmmr5t8 oygrvhab hcukyx3x c1et5uql ii04i59q\">\n<div dir=\"auto\">Girne Belediye Ba\u015fkan\u0131 Nidai G\u00fcng\u00f6rd\u00fc, Zoom \u00fczerinden \u00e7evrimi\u00e7i olarak ger\u00e7ekle\u015ftirilen UCLG K\u00fclt\u00fcr Zirvesi\u2019nin Lansman\u0131&#8217;na konu\u015fmac\u0131 olarak kat\u0131l\u0131m g\u00f6sterdi.<\/div>\n<div dir=\"auto\"><\/div>\n<\/div>\n<div class=\"o9v6fnle cxmmr5t8 oygrvhab hcukyx3x c1et5uql ii04i59q\">\n<div dir=\"auto\">9-11 Eyl\u00fcl 2021 tarihleri aras\u0131nda \u0130zmir\u2019 in ev sahipli\u011finde ger\u00e7ekle\u015fen UCLG K\u00fclt\u00fcr Zirvesi\u2019nin lansman\u0131 10 Haziran Per\u015fembe g\u00fcn\u00fc Zoom platformu \u00fczerinden \u00e7evrimi\u00e7i olarak ger\u00e7ekle\u015ftirildi. Lansman\u0131 t\u00fcm d\u00fcnyada iki y\u00fcz\u00fcn \u00fczerinde belediye ba\u015fkan\u0131 ve sivil toplum \u00f6rg\u00fct\u00fc takip etti.<\/div>\n<\/div>\n<div class=\"o9v6fnle cxmmr5t8 oygrvhab hcukyx3x c1et5uql ii04i59q\">\n<div dir=\"auto\">G\u00fcng\u00f6rd\u00fc: &#8220;Ger\u00e7ekle\u015fecek olan UCLG K\u00fclt\u00fcr Zirvesi\u2019nde, insanlar\u0131 bir araya getirmek i\u00e7in ihtiya\u00e7 duydu\u011fumuz k\u00fclt\u00fcr ve sanat\u0131n birle\u015ftirici g\u00fcc\u00fcnden yararlanaca\u011f\u0131z.&#8221;<\/div>\n<div dir=\"auto\"><\/div>\n<\/div>\n<div class=\"o9v6fnle cxmmr5t8 oygrvhab hcukyx3x c1et5uql ii04i59q\">\n<div dir=\"auto\">Girne Belediye Ba\u015fkan\u0131 ve (UCLG MEWA) Birle\u015fmi\u015f Kentler ve Yerel Y\u00f6netimler Ortado\u011fu ve Bat\u0131 Asya B\u00f6lge Te\u015fkilat\u0131 K\u00fclt\u00fcr ve Turizm Komitesi Ba\u015fkan\u0131 Nidai G\u00fcng\u00f6rd\u00fc Uluslararas\u0131 anlamda b\u00fcy\u00fck \u00f6neme sahip olan zirvenin lansman\u0131nda yapt\u0131\u011f\u0131 konu\u015fmada, k\u00fclt\u00fcr ve sanat\u0131n, kentlerde ya\u015fayan insanlar i\u00e7in \u00f6nemine vurgu yapt\u0131.<\/div>\n<div dir=\"auto\"><\/div>\n<div dir=\"auto\">Eyl\u00fcl ay\u0131nda ger\u00e7ekle\u015ftirilecek olan zirvede, evrensel k\u00fclt\u00fcr ve sanat politikalar\u0131 \u00fcreterek kentlere nefes ald\u0131rmay\u0131 ama\u00e7lad\u0131klar\u0131n\u0131 belirtti. Ayr\u0131ca k\u00fclt\u00fcr ve sanat\u0131n t\u00fcm d\u00fcnya insanl\u0131\u011f\u0131 i\u00e7in en \u00f6nemli birle\u015ftirici \u00f6\u011fe oldu\u011funa de\u011finen G\u00fcng\u00f6rd\u00fc, bar\u0131\u015f ve huzur i\u00e7erisinde bir d\u00fcnya yaratmak ve s\u00fcrd\u00fcr\u00fclebilir kalk\u0131nma hedeflerine ula\u015fmak i\u00e7in k\u00fclt\u00fcr ve sanat\u0131n birle\u015ftirici g\u00fcc\u00fcnden yararlanacaklar\u0131n\u0131 vurgulad\u0131.<\/div>\n<\/div>\n","protected":false},"excerpt":{"rendered":"<p>Girne Belediye Ba\u015fkan\u0131 Nidai G\u00fcng\u00f6rd\u00fc, Zoom \u00fczerinden \u00e7evrimi\u00e7i olarak ger\u00e7ekle\u015ftirilen [&hellip;]<\/p>\n","protected":false},"author":10,"featured_media":11683,"comment_status":"open","ping_status":"closed","sticky":false,"template":"","format":"standard","meta":{"footnotes":""},"categories":[9],"tags":[],"class_list":["post-11682","post","type-post","status-publish","format-standard","has-post-thumbnail","hentry","category-uyelerimizin-haberleri"],"_links":{"self":[{"href":"https:\/\/ktbb.org\/v1\/wp-json\/wp\/v2\/posts\/11682","targetHints":{"allow":["GET"]}}],"collection":[{"href":"https:\/\/ktbb.org\/v1\/wp-json\/wp\/v2\/posts"}],"about":[{"href":"https:\/\/ktbb.org\/v1\/wp-json\/wp\/v2\/types\/post"}],"author":[{"embeddable":true,"href":"https:\/\/ktbb.org\/v1\/wp-json\/wp\/v2\/users\/10"}],"replies":[{"embeddable":true,"href":"https:\/\/ktbb.org\/v1\/wp-json\/wp\/v2\/comments?post=11682"}],"version-history":[{"count":1,"href":"https:\/\/ktbb.org\/v1\/wp-json\/wp\/v2\/posts\/11682\/revisions"}],"predecessor-version":[{"id":11684,"href":"https:\/\/ktbb.org\/v1\/wp-json\/wp\/v2\/posts\/11682\/revisions\/11684"}],"wp:featuredmedia":[{"embeddable":true,"href":"https:\/\/ktbb.org\/v1\/wp-json\/wp\/v2\/media\/11683"}],"wp:attachment":[{"href":"https:\/\/ktbb.org\/v1\/wp-json\/wp\/v2\/media?parent=11682"}],"wp:term":[{"taxonomy":"category","embeddable":true,"href":"https:\/\/ktbb.org\/v1\/wp-json\/wp\/v2\/categories?post=11682"},{"taxonomy":"post_tag","embeddable":true,"href":"https:\/\/ktbb.org\/v1\/wp-json\/wp\/v2\/tags?post=11682"}],"curies":[{"name":"wp","href":"https:\/\/api.w.org\/{rel}","templated":true}]}}