{"id":11685,"date":"2021-06-14T07:11:00","date_gmt":"2021-06-14T07:11:00","guid":{"rendered":"http:\/\/ktbb.org\/v1\/?p=11685"},"modified":"2021-06-14T07:11:00","modified_gmt":"2021-06-14T07:11:00","slug":"muzisyenler-heykeli-osman-orek-caddesine-yerlestirildi","status":"publish","type":"post","link":"https:\/\/ktbb.org\/v1\/muzisyenler-heykeli-osman-orek-caddesine-yerlestirildi\/","title":{"rendered":"&#8220;M\u00fczisyenler&#8221; Heykeli, Osman \u00d6rek Caddesi&#8217;ne yerle\u015ftirildi"},"content":{"rendered":"<p><strong>Heykeller Girne\u2019nin \u00c7e\u015fitli Noktalar\u0131na Yerle\u015ftirilmeye Devam Ediyor<\/strong><\/p>\n<p><strong>\u00a0<\/strong><\/p>\n<p>Girne Belediyesi 2. Uluslararas\u0131 Ta\u015f Heykel Sempozyumu&#8217;nda T\u00fcrkiye&#8217;den kente gelerek eser b\u0131rakan sanat\u00e7\u0131 \u00c7a\u011fda\u015f Er\u00e7elik&#8217;in &#8220;M\u00fczisyenler&#8221;\u00a0 Heykeli, Girne Belediyesi Kent Estetik \u015eubesi taraf\u0131ndan Osman \u00d6rek Caddesi&#8217;ne yerle\u015ftirildi.<\/p>\n<p>Girne Belediyesi&#8217;nden yap\u0131lan a\u00e7\u0131klamada, birinci sempozyumda kente b\u0131rak\u0131lan alt\u0131 heykelin ard\u0131ndan, ikinci sempozyumda T\u00fcrkiye, \u0130talya ve \u0130spanya&#8217;dan sanat\u00e7\u0131lar\u0131n Girne\u2019ye b\u0131rakt\u0131\u011f\u0131 alt\u0131 adet heykel de kentin \u00e7e\u015fitli noktalar\u0131na yerle\u015ftirilmeye devam ediyor.<\/p>\n<p><strong>\u00a0<\/strong><\/p>\n<p><strong>&#8220;KENTL\u0130 OLMANIN FARKI SANATLA BULU\u015eMAKTAN GE\u00c7ER&#8221;<\/strong><\/p>\n<p><strong>\u00a0<\/strong><\/p>\n<p>Girne Belediye Ba\u015fkan\u0131 Nidai G\u00fcng\u00f6rd\u00fc, &#8221; \u00dclkemize ve kentimize, kal\u0131c\u0131 eserler b\u0131rakabilmek, se\u00e7ti\u011fimiz temalarla d\u00fcnya bar\u0131\u015f\u0131na katk\u0131da bulunabilmek ad\u0131na ilkini 2016 y\u0131l\u0131nda ger\u00e7ekle\u015ftirdi\u011fimiz Uluslararas\u0131 Girne Ta\u015f Heykel Sempozyumu\u2019nun, 16 Ekim \u2013 6 Kas\u0131m 2018 tarihinde ger\u00e7ekle\u015ftirdi\u011fimiz ikincisinde de, T\u00fcrkiye\u2019den kentimize gelerek eser b\u0131rakan sanat\u00e7\u0131 \u00c7a\u011fda\u015f Er\u00e7elik\u2019in \u201cM\u00fczisyenler\u201d adl\u0131 eserini Girne&#8217;ye yerle\u015ftirdik. \u201cKentli olman\u0131n fark\u0131 sanatla bulu\u015fmaktan ge\u00e7er&#8221; . G\u00fcng\u00f6rd\u00fc, pandemi nedeniyle ara verilen k\u00fclt\u00fcrel ve sanatsal faaliyetlerin en k\u0131sa zamanda yeniden co\u015fkuyla devam etmenin \u00f6zlemi ve iste\u011fi i\u00e7inde oldu\u011funu s\u00f6yledi.<\/p>\n","protected":false},"excerpt":{"rendered":"<p>Heykeller Girne\u2019nin \u00c7e\u015fitli Noktalar\u0131na Yerle\u015ftirilmeye Devam Ediyor \u00a0 Girne Belediyesi [&hellip;]<\/p>\n","protected":false},"author":10,"featured_media":11687,"comment_status":"open","ping_status":"closed","sticky":false,"template":"","format":"standard","meta":{"footnotes":""},"categories":[9],"tags":[],"class_list":["post-11685","post","type-post","status-publish","format-standard","has-post-thumbnail","hentry","category-uyelerimizin-haberleri"],"_links":{"self":[{"href":"https:\/\/ktbb.org\/v1\/wp-json\/wp\/v2\/posts\/11685","targetHints":{"allow":["GET"]}}],"collection":[{"href":"https:\/\/ktbb.org\/v1\/wp-json\/wp\/v2\/posts"}],"about":[{"href":"https:\/\/ktbb.org\/v1\/wp-json\/wp\/v2\/types\/post"}],"author":[{"embeddable":true,"href":"https:\/\/ktbb.org\/v1\/wp-json\/wp\/v2\/users\/10"}],"replies":[{"embeddable":true,"href":"https:\/\/ktbb.org\/v1\/wp-json\/wp\/v2\/comments?post=11685"}],"version-history":[{"count":1,"href":"https:\/\/ktbb.org\/v1\/wp-json\/wp\/v2\/posts\/11685\/revisions"}],"predecessor-version":[{"id":11688,"href":"https:\/\/ktbb.org\/v1\/wp-json\/wp\/v2\/posts\/11685\/revisions\/11688"}],"wp:featuredmedia":[{"embeddable":true,"href":"https:\/\/ktbb.org\/v1\/wp-json\/wp\/v2\/media\/11687"}],"wp:attachment":[{"href":"https:\/\/ktbb.org\/v1\/wp-json\/wp\/v2\/media?parent=11685"}],"wp:term":[{"taxonomy":"category","embeddable":true,"href":"https:\/\/ktbb.org\/v1\/wp-json\/wp\/v2\/categories?post=11685"},{"taxonomy":"post_tag","embeddable":true,"href":"https:\/\/ktbb.org\/v1\/wp-json\/wp\/v2\/tags?post=11685"}],"curies":[{"name":"wp","href":"https:\/\/api.w.org\/{rel}","templated":true}]}}