{"id":11701,"date":"2021-06-16T05:48:16","date_gmt":"2021-06-16T05:48:16","guid":{"rendered":"http:\/\/ktbb.org\/v1\/?p=11701"},"modified":"2021-06-16T05:48:16","modified_gmt":"2021-06-16T05:48:16","slug":"baskanlar-merkez-lefkosada-bulustu","status":"publish","type":"post","link":"https:\/\/ktbb.org\/v1\/baskanlar-merkez-lefkosada-bulustu\/","title":{"rendered":"Ba\u015fkanlar Merkez Lefko\u015fa\u2019da bulu\u015ftu"},"content":{"rendered":"<p>Lefko\u015fa T\u00fcrk Belediyesi (LTB) tarihinin en b\u00fcy\u00fck \u00f6z kaynak yat\u0131r\u0131mlar\u0131n\u0131n ba\u015f\u0131nda gelen, k\u00fclt\u00fcr, sanat, spor ve ekonomi faaliyetlerinin bir arada y\u00fcr\u00fct\u00fclebilece\u011fi Merkez Lefko\u015fa\u2019n\u0131n tan\u0131t\u0131m toplant\u0131lar\u0131 tamamland\u0131.<\/p>\n<p>&nbsp;<\/p>\n<p>Son tan\u0131t\u0131m toplant\u0131s\u0131na Lefko\u015fa T\u00fcrk Belediyesi\u2019nde ge\u00e7mi\u015f d\u00f6nemlerde ba\u015fkanl\u0131k yapm\u0131\u015f 4. Cumhurba\u015fkan\u0131 Mustafa Ak\u0131nc\u0131, Kutlay Erk ile Cemal Buluto\u011flular\u0131, son iki d\u00f6nemde g\u00f6rev yapan baz\u0131 belediye meclis \u00fcyeleri ile \u015fu an g\u00f6rev yapmakta olan meclis \u00fcyeleri yan\u0131nda Mehmet\u00e7ik Belediye Ba\u015fkan\u0131 Cemil Sar\u0131\u00e7izmeli, Akdo\u011fan Belediye Ba\u015fkan\u0131 Ahmet Latif, Yenibo\u011fazi\u00e7i Belediye Ba\u015fkan\u0131 Mustafa Zurnac\u0131lar, Vadili Belediye Ba\u015fkan\u0131 Mehmet Adahan, \u0130n\u00f6n\u00fc Belediye Ba\u015fkan\u0131 Ali \u00d6nc\u00fc, Pa\u015fak\u00f6y Belediye Ba\u015fkan\u0131 Habil T\u00fcl\u00fcc\u00fc ile Girne Belediyesi Asba\u015fkan\u0131 Hakan Onurlu kat\u0131ld\u0131.<\/p>\n<p>&nbsp;<\/p>\n<p>LTB Ba\u015fkan\u0131 Mehmet Harmanc\u0131, tan\u0131t\u0131mda a\u00e7\u0131k pazar, \u00e7ar\u015f\u0131, etkinlik ve organizasyon alan\u0131 gibi \u00e7ok y\u00f6nl\u00fc \u00f6zelliklere sahip merkezin i\u00e7 ve d\u0131\u015f alanlar\u0131n\u0131 gezdirerek i\u015flevleri konusunda bilgiler aktard\u0131. Etkinlikte, Lefko\u015fa Belediye Orkestras\u0131 da m\u00fczik dinletisi sundu.<\/p>\n<p>&nbsp;<\/p>\n<p><strong>Ba\u015fkan <\/strong><strong>Harmanc\u0131: \u201cMerkez Lefko\u015fa\u2019y\u0131 sadece a\u00e7\u0131k pazar olarak de\u011fil \u00e7ok fonksiyonlu aktivite zenginli\u011fi olan bir yap\u0131 olarak planlad\u0131k\u201d<\/strong><br \/>\nLTB Ba\u015fkan\u0131 Mehmet Harmanc\u0131 konu\u015fmas\u0131na \u201cProjenin uygulamas\u0131na 300 kamyon at\u0131k \u00e7\u0131kararak ba\u015flad\u0131k. Bu alan\u0131 haftada bir d\u00fczenlenen A\u00e7\u0131k Pazar yan\u0131nda sanatsal, k\u00fclt\u00fcrel faaliyetler, yerel \u00fcreticileri destekleyecek \u00e7e\u015fitli aktiviteler yan\u0131nda ara\u00e7 pazarlar\u0131ndan sergi, fuar gibi bir\u00e7ok amaca hizmet edebilecek \u00e7ok fonksiyonlu aktivite zenginli\u011fi olan bir yap\u0131 planlad\u0131k. Toplam 9 Milyon TL\u2019lik bu dev yat\u0131r\u0131m\u0131 2021 y\u0131l\u0131nda bitirip faaliyete ge\u00e7irmenin gurur ve mutlulu\u011funu ya\u015f\u0131yoruz.\u201d diye konu\u015ftu.<\/p>\n<p><strong>\u00a0<\/strong><\/p>\n<p><strong>\u201cBu yap\u0131 \u00fclkedeki farkl\u0131 etkinliklerin \u00f6n tan\u0131t\u0131m yeri olabilir\u201d<br \/>\n<\/strong>A\u00e7\u0131l\u0131\u015fa di\u011fer belediye ba\u015fkanlar\u0131n\u0131 da davet etme nedenini a\u00e7\u0131klayan Ba\u015fkan Harmanc\u0131, \u00fclkenin farkl\u0131 yerlerinde bir\u00e7ok etkinlik d\u00fczenlendi\u011fini, Merkez Lefko\u015fa\u2019n\u0131n ba\u015fta yerel y\u00f6netimlerin etkinlikleri olmak \u00fczere t\u00fcm faaliyetlerin duyurusu i\u00e7in bir \u00f6n tan\u0131t\u0131m veya \u00e7al\u0131\u015fma yeri olabilece\u011fini de kaydetti.<br \/>\n<strong><br \/>\n<\/strong>Merkez Lefko\u015fa\u2019n\u0131n tamamen engelsiz bir yap\u0131 olarak tasarland\u0131\u011f\u0131n\u0131 vurgulayan Ba\u015fkan Harmanc\u0131, kapal\u0131 alanda 85 ki\u015filik tiyatro ve amfi salonu, 280 metrekarelik sergi, sportif faaliyet ve etkinlik salonu, restoran-kafe, 2 \u00f6zel toplant\u0131 odas\u0131 ve idari binalar\u0131n oldu\u011funu dile getirdi.<\/p>\n<p><strong><br \/>\n<\/strong>Ba\u015fkan Harmanc\u0131: \u201cBurada sadece bir a\u00e7\u0131k pazar yapmad\u0131\u011f\u0131m\u0131z\u0131n bir kez daha alt\u0131n\u0131 \u00e7izmek isterim. Merkez Lefko\u015fa\u2019n\u0131n sayd\u0131\u011f\u0131m \u00f6zelliklerini yans\u0131tabilmesi i\u00e7in buray\u0131 bir\u00e7ok ad\u0131mla desteklemeyi d\u00fc\u015f\u00fcn\u00fcyoruz. Bizlere \u00e7e\u015fitli etkinlikler i\u00e7in talepler geliyor. Art\u0131k bu beklentide olan insanlar\u0131m\u0131za rahat\u00e7a cevap verebilecek bir yerimiz, merkezimiz var. \u015eimdiden 7 farkl\u0131 etkinlik i\u00e7in buras\u0131 rezerve edilmi\u015ftir.\u201d dedi.<\/p>\n<p><strong>\u00a0<\/strong><\/p>\n<p><strong>\u00a0\u201cBu yat\u0131r\u0131m sadece \u00e7ar\u015f\u0131-pazar de\u011fil, Lefko\u015fa ve \u00fclkede etkinliklerin de kalbi olacak\u201d<br \/>\n<\/strong>Ba\u015fkan Harmanc\u0131 konu\u015fmas\u0131n\u0131, \u201cBu yap\u0131lan b\u00fcy\u00fck yat\u0131r\u0131m sadece \u00e7ar\u015f\u0131 ve A\u00e7\u0131k Pazar i\u00e7in de\u011fil ayn\u0131 zamanda etkinliklerin de kalbi, merkezi olabilecek \u015fekilde dizayn edildi. Ge\u00e7mi\u015ften bug\u00fcne Lefko\u015fa\u2019ya emek veren t\u00fcm eski belediye ba\u015fkanlar\u0131na, iki d\u00f6nemdir benimle \u00e7al\u0131\u015fan se\u00e7ilmi\u015f belediye meclis \u00fcyelerine, t\u00fcm tak\u0131m arkada\u015flar\u0131ma ve buraya gelerek bizleri onurland\u0131ran t\u00fcm belediye ba\u015fkanlar\u0131na \u00e7ok te\u015fekk\u00fcr ederim.\u201d s\u00f6zleriyle noktalad\u0131.<\/p>\n<p>&nbsp;<\/p>\n<p>&nbsp;<\/p>\n","protected":false},"excerpt":{"rendered":"<p>Lefko\u015fa T\u00fcrk Belediyesi (LTB) tarihinin en b\u00fcy\u00fck \u00f6z kaynak yat\u0131r\u0131mlar\u0131n\u0131n [&hellip;]<\/p>\n","protected":false},"author":10,"featured_media":11702,"comment_status":"open","ping_status":"closed","sticky":false,"template":"","format":"standard","meta":{"footnotes":""},"categories":[9],"tags":[],"class_list":["post-11701","post","type-post","status-publish","format-standard","has-post-thumbnail","hentry","category-uyelerimizin-haberleri"],"_links":{"self":[{"href":"https:\/\/ktbb.org\/v1\/wp-json\/wp\/v2\/posts\/11701","targetHints":{"allow":["GET"]}}],"collection":[{"href":"https:\/\/ktbb.org\/v1\/wp-json\/wp\/v2\/posts"}],"about":[{"href":"https:\/\/ktbb.org\/v1\/wp-json\/wp\/v2\/types\/post"}],"author":[{"embeddable":true,"href":"https:\/\/ktbb.org\/v1\/wp-json\/wp\/v2\/users\/10"}],"replies":[{"embeddable":true,"href":"https:\/\/ktbb.org\/v1\/wp-json\/wp\/v2\/comments?post=11701"}],"version-history":[{"count":1,"href":"https:\/\/ktbb.org\/v1\/wp-json\/wp\/v2\/posts\/11701\/revisions"}],"predecessor-version":[{"id":11705,"href":"https:\/\/ktbb.org\/v1\/wp-json\/wp\/v2\/posts\/11701\/revisions\/11705"}],"wp:featuredmedia":[{"embeddable":true,"href":"https:\/\/ktbb.org\/v1\/wp-json\/wp\/v2\/media\/11702"}],"wp:attachment":[{"href":"https:\/\/ktbb.org\/v1\/wp-json\/wp\/v2\/media?parent=11701"}],"wp:term":[{"taxonomy":"category","embeddable":true,"href":"https:\/\/ktbb.org\/v1\/wp-json\/wp\/v2\/categories?post=11701"},{"taxonomy":"post_tag","embeddable":true,"href":"https:\/\/ktbb.org\/v1\/wp-json\/wp\/v2\/tags?post=11701"}],"curies":[{"name":"wp","href":"https:\/\/api.w.org\/{rel}","templated":true}]}}