{"id":11703,"date":"2021-06-16T05:48:49","date_gmt":"2021-06-16T05:48:49","guid":{"rendered":"http:\/\/ktbb.org\/v1\/?p=11703"},"modified":"2021-06-16T05:48:49","modified_gmt":"2021-06-16T05:48:49","slug":"kibris-turk-sanayi-odasindan-ismail-artere-ziyaret","status":"publish","type":"post","link":"https:\/\/ktbb.org\/v1\/kibris-turk-sanayi-odasindan-ismail-artere-ziyaret\/","title":{"rendered":"K\u0131br\u0131s T\u00fcrk Sanayi Odas\u0131&#8217;ndan \u0130smail Arter\u2019e ziyaret"},"content":{"rendered":"<p>K\u0131br\u0131s T\u00fcrk Sanayi Odas\u0131 Ba\u015fkan ve Y\u00f6netim Kurulu \u00dcyeleri bug\u00fcn saat 10:00\u2019da Gazima\u011fusa Belediye Ba\u015fkan\u0131 \u0130smail Arter\u2019i ziyaret etti. \u00a0Ziyarette Organize Sanayi B\u00f6lgelerinin durumu konu\u015fuldu.<\/p>\n<p>Gazima\u011fusa Belediye Ba\u015fkan\u0131 \u0130smail Arter konu\u015fmas\u0131nda, K\u0131br\u0131s T\u00fcrk Sanayi Odas\u0131\u2019n\u0131n yeni Ba\u015fkan ve Yeni Y\u00f6netim Kurulu \u00dcyelerini Belediyede g\u00f6rmekten mutlu oldu\u011funu, yeni y\u00f6netimi y\u0131llardan beridir tan\u0131d\u0131\u011f\u0131n\u0131, \u00e7al\u0131\u015fmalar\u0131n ve isti\u015farelerin ilerleyece\u011fini ifade etti ve yeni y\u00f6netime g\u00f6revlerinin hay\u0131rl\u0131 olmas\u0131n\u0131 diledi. Ba\u015fkan Arter, 2014\u2019ten \u00f6nceki g\u00f6revinin ekonomi bakanl\u0131\u011f\u0131nda oldu\u011fu i\u00e7in sanayi b\u00f6lgeleriyle ilgili derinlemesine \u00e7al\u0131\u015fmas\u0131n\u0131n oldu\u011funu ifade ederek, ge\u00e7en s\u00fcrede baz\u0131lar\u0131n\u0131n \u00e7\u00f6z\u00fcld\u00fc\u011f\u00fcn\u00fc baz\u0131lar\u0131n\u0131n \u00e7\u00f6z\u00fclemedi\u011fini, o g\u00fcnlerde de dikkatleri \u00e7eken acilen yap\u0131lmas\u0131 gereken i\u015flerin oldu\u011funu, o tecr\u00fcbelerle hareket edeceklerini s\u00f6yledi. Ba\u015fkan \u0130smail Arter, sanayi b\u00f6lgelerinde Sanayi Dairesi ile birlikte yap\u0131lmas\u0131 gereken \u00e7al\u0131\u015fmalar oldu\u011funu, \u015fu an isti\u015fare i\u00e7inde i\u015fleri g\u00f6t\u00fcrd\u00fcklerini ancak yeterli olmad\u0131\u011f\u0131n\u0131, sanayicilerin \u00f6zellikle altyap\u0131yla ve alan kullan\u0131m\u0131yla ilgili \u015fikayetlerinin oldu\u011funu ifade etti. Sanayi b\u00f6lgeleri i\u00e7in s\u00fcrekli bir isti\u015fare gerekti\u011fini, belediyenin \u015fu an i\u00e7in sadece temizlik yapt\u0131\u011f\u0131n\u0131 veya gelen talepleri yapt\u0131klar\u0131n\u0131 s\u00f6yleyen Ba\u015fkan \u0130smail Arter, sanayi odas\u0131n\u0131n taleplerini de tahmin etti\u011fini, sanayicilerin herkesin ziyaret ederken mutlu olaca\u011f\u0131 bir sanayi b\u00f6lgesi hayal etti\u011fini bildi\u011fini, Belediye olarak \u00e7al\u0131\u015fmalarda Sanayi Odas\u0131\u2019na yard\u0131mc\u0131 olacaklar\u0131n\u0131 ifade etti.<\/p>\n<p>K\u0131br\u0131s T\u00fcrk Sanayi Odas\u0131 Ba\u015fkan\u0131 Ali Kamac\u0131o\u011flu ise, Ba\u015fkan \u0130smail Arter\u2019e kabul i\u00e7in te\u015fekk\u00fcr ederek, yeni bir vizyonla g\u00f6reve geldiklerini ve b\u00f6lge belediyelerini ziyaretlere ba\u015flad\u0131klar\u0131n\u0131, mevcut sanayi b\u00f6lgelerinin temizli\u011fi, bak\u0131m\u0131 ve onar\u0131m\u0131yla ilgili sorumluluk almak istediklerini, Ba\u015fkan \u0130smail Arter\u2019i de ortak ne yap\u0131labilir konusunda ziyaret ettiklerini s\u00f6yledi.<\/p>\n","protected":false},"excerpt":{"rendered":"<p>K\u0131br\u0131s T\u00fcrk Sanayi Odas\u0131 Ba\u015fkan ve Y\u00f6netim Kurulu \u00dcyeleri bug\u00fcn [&hellip;]<\/p>\n","protected":false},"author":10,"featured_media":11704,"comment_status":"open","ping_status":"closed","sticky":false,"template":"","format":"standard","meta":{"footnotes":""},"categories":[9],"tags":[],"class_list":["post-11703","post","type-post","status-publish","format-standard","has-post-thumbnail","hentry","category-uyelerimizin-haberleri"],"_links":{"self":[{"href":"https:\/\/ktbb.org\/v1\/wp-json\/wp\/v2\/posts\/11703","targetHints":{"allow":["GET"]}}],"collection":[{"href":"https:\/\/ktbb.org\/v1\/wp-json\/wp\/v2\/posts"}],"about":[{"href":"https:\/\/ktbb.org\/v1\/wp-json\/wp\/v2\/types\/post"}],"author":[{"embeddable":true,"href":"https:\/\/ktbb.org\/v1\/wp-json\/wp\/v2\/users\/10"}],"replies":[{"embeddable":true,"href":"https:\/\/ktbb.org\/v1\/wp-json\/wp\/v2\/comments?post=11703"}],"version-history":[{"count":1,"href":"https:\/\/ktbb.org\/v1\/wp-json\/wp\/v2\/posts\/11703\/revisions"}],"predecessor-version":[{"id":11707,"href":"https:\/\/ktbb.org\/v1\/wp-json\/wp\/v2\/posts\/11703\/revisions\/11707"}],"wp:featuredmedia":[{"embeddable":true,"href":"https:\/\/ktbb.org\/v1\/wp-json\/wp\/v2\/media\/11704"}],"wp:attachment":[{"href":"https:\/\/ktbb.org\/v1\/wp-json\/wp\/v2\/media?parent=11703"}],"wp:term":[{"taxonomy":"category","embeddable":true,"href":"https:\/\/ktbb.org\/v1\/wp-json\/wp\/v2\/categories?post=11703"},{"taxonomy":"post_tag","embeddable":true,"href":"https:\/\/ktbb.org\/v1\/wp-json\/wp\/v2\/tags?post=11703"}],"curies":[{"name":"wp","href":"https:\/\/api.w.org\/{rel}","templated":true}]}}