{"id":11706,"date":"2021-06-16T05:51:10","date_gmt":"2021-06-16T05:51:10","guid":{"rendered":"http:\/\/ktbb.org\/v1\/?p=11706"},"modified":"2021-06-16T05:51:10","modified_gmt":"2021-06-16T05:51:10","slug":"girne-belediyesi-cocuk-meclisilefkosada-bale-atolyesine-katildi","status":"publish","type":"post","link":"https:\/\/ktbb.org\/v1\/girne-belediyesi-cocuk-meclisilefkosada-bale-atolyesine-katildi\/","title":{"rendered":"Girne Belediyesi \u00c7ocuk Meclisi,Lefko\u015fa\u2019da Bale At\u00f6lyesi\u2019ne kat\u0131ld\u0131"},"content":{"rendered":"<p>Girne Belediyesi \u00c7ocuk Meclisi, KKTC Ba\u015fbakanl\u0131k Uyu\u015fturucuyla M\u00fccadele Komisyonu, MED\u0130 Ba\u011f\u0131ml\u0131l\u0131klarla M\u00fccadele Derne\u011fi ve sanat\u00e7\u0131lar\u0131n i\u015f birli\u011finde d\u00fczenlenen, \u201cNefese D\u00f6n\u00fc\u015f\u201d Etkinlikleri kapsam\u0131nda, Ay\u00e7a \u0130nal\u2019\u0131n e\u011fitmenli\u011fini yapt\u0131\u011f\u0131 \u00c7ocuklar \u0130\u00e7in Klasik Bale At\u00f6lyesi\u2019ne kat\u0131ld\u0131.<\/p>\n<p>Girne Belediyesi Sosyal \u0130\u015fler \u015eubesi personelinin e\u015flik etti\u011fi \u00e7ocuk meclisi \u00fcyeleri, Lefko\u015fa\u2019da ger\u00e7ekle\u015ftirilen bale tan\u0131t\u0131m dersinde keyifli saatler ge\u00e7irdi.<\/p>\n<p>Girne Belediyesi\u2019nden yap\u0131lan a\u00e7\u0131klamada, pandemi nedeniyle y\u00fcz y\u00fcze toplant\u0131lara ara veren \u00c7ocuk Meclisi\u2019nin yeniden toplant\u0131 ve etkinliklerinin ba\u015flad\u0131\u011f\u0131 belirtilerek, Girne Belediyesi Yaz Tatili \u00c7ocuk At\u00f6lyeleri \u2019nin de \u00f6n\u00fcm\u00fczdeki g\u00fcnlerde a\u00e7\u0131klanacak bir programla ba\u015flayaca\u011f\u0131 kaydedildi. Girne Belediyesi \u00c7ocuk etkinlikleri, at\u00f6lye \u00e7al\u0131\u015fmalar\u0131 ve Sosyal Ya\u015fam Merkezindeki kurslar i\u00e7in mesai saatleri i\u00e7erisinde 0539 112 63 63 numaral\u0131 telefondan bilgi al\u0131nabilecek.<\/p>\n","protected":false},"excerpt":{"rendered":"<p>Girne Belediyesi \u00c7ocuk Meclisi, KKTC Ba\u015fbakanl\u0131k Uyu\u015fturucuyla M\u00fccadele Komisyonu, MED\u0130 [&hellip;]<\/p>\n","protected":false},"author":10,"featured_media":11708,"comment_status":"open","ping_status":"closed","sticky":false,"template":"","format":"standard","meta":{"footnotes":""},"categories":[9],"tags":[],"class_list":["post-11706","post","type-post","status-publish","format-standard","has-post-thumbnail","hentry","category-uyelerimizin-haberleri"],"_links":{"self":[{"href":"https:\/\/ktbb.org\/v1\/wp-json\/wp\/v2\/posts\/11706","targetHints":{"allow":["GET"]}}],"collection":[{"href":"https:\/\/ktbb.org\/v1\/wp-json\/wp\/v2\/posts"}],"about":[{"href":"https:\/\/ktbb.org\/v1\/wp-json\/wp\/v2\/types\/post"}],"author":[{"embeddable":true,"href":"https:\/\/ktbb.org\/v1\/wp-json\/wp\/v2\/users\/10"}],"replies":[{"embeddable":true,"href":"https:\/\/ktbb.org\/v1\/wp-json\/wp\/v2\/comments?post=11706"}],"version-history":[{"count":1,"href":"https:\/\/ktbb.org\/v1\/wp-json\/wp\/v2\/posts\/11706\/revisions"}],"predecessor-version":[{"id":11709,"href":"https:\/\/ktbb.org\/v1\/wp-json\/wp\/v2\/posts\/11706\/revisions\/11709"}],"wp:featuredmedia":[{"embeddable":true,"href":"https:\/\/ktbb.org\/v1\/wp-json\/wp\/v2\/media\/11708"}],"wp:attachment":[{"href":"https:\/\/ktbb.org\/v1\/wp-json\/wp\/v2\/media?parent=11706"}],"wp:term":[{"taxonomy":"category","embeddable":true,"href":"https:\/\/ktbb.org\/v1\/wp-json\/wp\/v2\/categories?post=11706"},{"taxonomy":"post_tag","embeddable":true,"href":"https:\/\/ktbb.org\/v1\/wp-json\/wp\/v2\/tags?post=11706"}],"curies":[{"name":"wp","href":"https:\/\/api.w.org\/{rel}","templated":true}]}}