{"id":11710,"date":"2021-06-16T09:34:56","date_gmt":"2021-06-16T09:34:56","guid":{"rendered":"http:\/\/ktbb.org\/v1\/?p=11710"},"modified":"2021-06-16T09:34:56","modified_gmt":"2021-06-16T09:34:56","slug":"arter-genc-emek-pazari-etkinligine-davet-edildi","status":"publish","type":"post","link":"https:\/\/ktbb.org\/v1\/arter-genc-emek-pazari-etkinligine-davet-edildi\/","title":{"rendered":"Arter, Gen\u00e7 Emek Pazar\u0131 etkinli\u011fine davet edildi"},"content":{"rendered":"<p>Toplumsal Geli\u015fim Hareketi (TOGEH), Ma\u011fusa Gen\u00e7lik Birli\u011fi ve Cumhurba\u015fkanl\u0131\u011f\u0131 Gen\u00e7lik ve K\u00fclt\u00fcr Komitesi Belediye Ba\u015fkan\u0131 \u0130smail Arter\u2019i ziyaret ederek, Gen\u00e7 Emek Pazar\u0131 etkinli\u011fine davet etti. Ziyarette Cumhurba\u015fkanl\u0131\u011f\u0131 Gen\u00e7lik ve K\u00fclt\u00fcr Komitesi Ba\u015fkan\u0131 Vehbi Zeki Serter, TOGEH Ba\u015fkan\u0131 Sibel Din\u00e7y\u00fcrek ve TOGEH Koordinat\u00f6r\u00fc Enes Obuz ile Ma\u011fusa Gen\u00e7lik Birli\u011fi D\u0131\u015f \u0130li\u015fkiler Sekreteri Ali \u00c7etiner yer ald\u0131. Cumhurba\u015fkan\u0131 Ersin Tatar ve e\u015fi Sibel Tatar\u2019\u0131n himayelerinde 26 Haziran\u2019da Bu\u011fday Camii\u2019nin park yerinde yap\u0131lacak Gen\u00e7 Emek Pazar\u0131 etkinli\u011finde gen\u00e7lerin \u00fcretimleri sergilenecek ve sat\u0131\u015fa sunulacak.<\/p>\n<p>Gazima\u011fusa Belediye Ba\u015fkan\u0131 \u0130smail Arter konu\u015fmas\u0131nda, Gen\u00e7 Emek Pazar\u0131 etkinli\u011finin uzun bir haz\u0131rl\u0131k d\u00f6nemi oldu\u011funu, Cumhurba\u015fkan\u0131 Ersin Tatar ve e\u015fi Sibel Tatar\u2019a b\u00f6yle bir etkinli\u011fi himayelerine ald\u0131klar\u0131 i\u00e7in te\u015fekk\u00fcr etti. Toplumsal Geli\u015fim Hareketi olarak Sibel Din\u00e7y\u00fcrek\u2019e de te\u015fekk\u00fcr eden Ba\u015fkan Arter, pandemi d\u00f6neminde b\u00f6ylesi g\u00fczel etkinliklerin yap\u0131lamad\u0131\u011f\u0131n\u0131, tedbir ama\u00e7l\u0131 k\u0131s\u0131tlamalar\u0131n oldu\u011funu, normalle\u015fmenin ba\u015flad\u0131\u011f\u0131 g\u00fcnlerde bu t\u00fcr etkinliklerin ihtiya\u00e7 oldu\u011funun ortada oldu\u011funu belirtti. Ba\u015fkan Arter, t\u00fcm payda\u015flara te\u015fekk\u00fcr ederek, Belediye olarak bu t\u00fcr etkinliklere destek verdiklerini, belirlenen hedefe ula\u015f\u0131laca\u011f\u0131n\u0131, Gen\u00e7 Emek Pazar\u0131\u2019n\u0131 hem \u00fcretimi hem ekonomik hareketlili\u011fi hem de gen\u00e7lerin motivasyonunu art\u0131r\u0131c\u0131 bir etkinlik olarak g\u00f6rd\u00fc\u011f\u00fcn\u00fc, ayr\u0131ca etkinli\u011fin sosyal anlamda da faydas\u0131 olaca\u011f\u0131n\u0131 s\u00f6yledi.<\/p>\n<p>TOGEH Ba\u015fkan\u0131 Prof. Dr. Sibel Din\u00e7y\u00fcrek ise, Ba\u015fkan \u0130smail Arter\u2019i Gen\u00e7 Emek Pazar\u0131\u2019na davet etmek i\u00e7in ziyaret ettiklerini, gen\u00e7 emek pazar\u0131n\u0131n kendilerini \u00e7ok heyecanland\u0131rd\u0131\u011f\u0131n\u0131, etkinli\u011fin gen\u00e7lere sorumluluk verildi\u011fi zaman neler yapabileceklerini g\u00f6sterdi\u011fini ifade etti. Cumhurba\u015fkanl\u0131\u011f\u0131 Sosyal Destek Komitesi Ba\u015fkan\u0131 Recep G\u00fcnay\u2019\u0131n TOGEH\u2019in etkinliklerinden etkilendi\u011fini ve ortak \u00e7al\u0131\u015fma yapmak istedi\u011fini s\u00f6yledi\u011fini aktaran Din\u00e7y\u00fcrek, hem Sosyal Destek Komitesi\u2019nin hem Togeh\u2019in gailelerinin gen\u00e7ler oldu\u011funu, gen\u00e7lerin bu \u00fclkede emek, \u00fcretim ve gelecek nesillere umut olma ad\u0131na neler ba\u015farabileceklerini g\u00f6rd\u00fcklerini ve heyecanland\u0131klar\u0131n\u0131 s\u00f6yledi. Etkinli\u011fin sadece e\u011flence de\u011fil, Dipkarpaz\u2019dan G\u00fczelyurt\u2019a kadar \u00fcretim yapan gen\u00e7lerin \u00fcretimlerinin kar\u015f\u0131l\u0131\u011f\u0131n\u0131 alabilece\u011fi ve \u00fcr\u00fcnlerini sergileyebilecekleri bir pazar oldu\u011funu, ayr\u0131ca etkinlikte \u00fcretim yapanlar\u0131n ya\u015fad\u0131\u011f\u0131 zorluklar\u0131 anlatacaklar\u0131 bir de s\u00f6yle\u015finin olaca\u011f\u0131n\u0131n bilgisini verdi. Din\u00e7y\u00fcrek, Belediyenin kendilerine her t\u00fcrl\u00fc imkan\u0131 sa\u011flad\u0131\u011f\u0131 i\u00e7in te\u015fekk\u00fcr ederek, standlar\u0131n kurulmas\u0131n\u0131n belediye taraf\u0131ndan yap\u0131laca\u011f\u0131n\u0131, etkinli\u011fin Cumhurba\u015fkanl\u0131\u011f\u0131n\u0131n himayesinde yap\u0131laca\u011f\u0131n\u0131, etkinli\u011fe Gen\u00e7lik Ve K\u00fclt\u00fcr Komitesi, Vak\u0131flar \u0130daresi, TC Lefko\u015fa B\u00fcy\u00fckel\u00e7ili\u011fi, Ma\u011fusa Gen\u00e7lik Birli\u011fi ve Togeh\u2019in deste\u011fi oldu\u011funu s\u00f6yledi. Din\u00e7y\u00fcrek, halk\u0131 gen\u00e7lerle kucakla\u015fmaya ve g\u00fczel zaman ge\u00e7irmeye davet etti.<\/p>\n<p>Cumhurba\u015fkanl\u0131\u011f\u0131 Gen\u00e7lik ve K\u00fclt\u00fcr Komitesi Ba\u015fkan\u0131 Vehbi Zeki Serter ise, Cumhurba\u015fkanl\u0131\u011f\u0131 Gen\u00e7lik ve K\u00fclt\u00fcr Komitesi\u2019nin etkinli\u011fin payda\u015f\u0131 oldu\u011funu, etkinli\u011fin esas amac\u0131n\u0131n gen\u00e7lerin motivasyonunu art\u0131rmak oldu\u011funu, pandemi d\u00f6neminde hem bu t\u00fcr etkinliklerden uzak kald\u0131klar\u0131n\u0131 hem de \u00fcretmenin ne kadar \u00f6nemli oldu\u011funun fark\u0131na vard\u0131klar\u0131n\u0131 s\u00f6yledi. Serter, gen\u00e7lerin birbirine katk\u0131 koyarak etkinlik ger\u00e7ekle\u015ftirmesinin yararl\u0131 olaca\u011f\u0131n\u0131 da belirtti.<\/p>\n<p>TOGEH Koordinat\u00f6r\u00fc Enes Obuz ise, Ba\u015fkan \u0130smail Arter\u2019in projelerini tan\u0131tma ve kendisini davet etme f\u0131rsat\u0131 verdi\u011fi i\u00e7in te\u015fekk\u00fcr ederek, hem projenin koordinat\u00f6r\u00fc hem de gen\u00e7 bir \u00fcretici olarak b\u00f6yle bir etkinlikten dolay\u0131 mutlu oldu\u011funu, \u201cgen\u00e7lik \u00fcretmiyor\u201d alg\u0131s\u0131na kar\u015f\u0131 Belediye Ba\u015fkan\u0131n\u0131n kendilerine \u00e7ok g\u00fczel bir f\u0131rsat sundu\u011funu, Ba\u015fkan \u0130smail Arter\u2019 ile birlikte ay\u0131ca etkinli\u011fi himayesine alan Cumhurba\u015fkan\u0131 Ersin Tatar ve E\u015fi Sibel Tatar\u2019a da te\u015fekk\u00fcr etti. Obuz, ayr\u0131ca Ba\u015fkan \u0130smail Arter\u2019i etkinli\u011fe davet etti.<\/p>\n<p>Ma\u011fusa Gen\u00e7lik Birli\u011fi D\u0131\u015f \u0130li\u015fkiler Sekreteri Ali \u00c7etiner ise, toplum olarak zor bir d\u00f6nem ge\u00e7irdiklerini, \u00fcreticinin daha da zor zamanlar ge\u00e7irdi\u011fini ifade ederek, hem sosyalle\u015fme hem de ekonomi anlam\u0131nda moral kayna\u011f\u0131 olaca\u011f\u0131n\u0131 s\u00f6yledi. Projelerine imkan sa\u011flad\u0131\u011f\u0131 i\u00e7in te\u015fekk\u00fcr etti\u011fi Ba\u015fkan \u0130smail Arter\u2019i de aralar\u0131nda g\u00f6rmek istediklerini ifade eden \u00c7etiner, proje kapsam\u0131nda ba\u015fvurular\u0131 al\u0131rken 18-35 ya\u015f ars\u0131ndaki \u00fcreticileri kategorize ettiklerini, etkinli\u011fin gen\u00e7lere ileride daha b\u00fcy\u00fck i\u015fler yapmaya motivasyon kayna\u011f\u0131 olmas\u0131n\u0131 diledi.<\/p>\n<p>&nbsp;<\/p>\n","protected":false},"excerpt":{"rendered":"<p>Toplumsal Geli\u015fim Hareketi (TOGEH), Ma\u011fusa Gen\u00e7lik Birli\u011fi ve Cumhurba\u015fkanl\u0131\u011f\u0131 Gen\u00e7lik [&hellip;]<\/p>\n","protected":false},"author":10,"featured_media":11711,"comment_status":"open","ping_status":"closed","sticky":false,"template":"","format":"standard","meta":{"footnotes":""},"categories":[9],"tags":[],"class_list":["post-11710","post","type-post","status-publish","format-standard","has-post-thumbnail","hentry","category-uyelerimizin-haberleri"],"_links":{"self":[{"href":"https:\/\/ktbb.org\/v1\/wp-json\/wp\/v2\/posts\/11710","targetHints":{"allow":["GET"]}}],"collection":[{"href":"https:\/\/ktbb.org\/v1\/wp-json\/wp\/v2\/posts"}],"about":[{"href":"https:\/\/ktbb.org\/v1\/wp-json\/wp\/v2\/types\/post"}],"author":[{"embeddable":true,"href":"https:\/\/ktbb.org\/v1\/wp-json\/wp\/v2\/users\/10"}],"replies":[{"embeddable":true,"href":"https:\/\/ktbb.org\/v1\/wp-json\/wp\/v2\/comments?post=11710"}],"version-history":[{"count":1,"href":"https:\/\/ktbb.org\/v1\/wp-json\/wp\/v2\/posts\/11710\/revisions"}],"predecessor-version":[{"id":11712,"href":"https:\/\/ktbb.org\/v1\/wp-json\/wp\/v2\/posts\/11710\/revisions\/11712"}],"wp:featuredmedia":[{"embeddable":true,"href":"https:\/\/ktbb.org\/v1\/wp-json\/wp\/v2\/media\/11711"}],"wp:attachment":[{"href":"https:\/\/ktbb.org\/v1\/wp-json\/wp\/v2\/media?parent=11710"}],"wp:term":[{"taxonomy":"category","embeddable":true,"href":"https:\/\/ktbb.org\/v1\/wp-json\/wp\/v2\/categories?post=11710"},{"taxonomy":"post_tag","embeddable":true,"href":"https:\/\/ktbb.org\/v1\/wp-json\/wp\/v2\/tags?post=11710"}],"curies":[{"name":"wp","href":"https:\/\/api.w.org\/{rel}","templated":true}]}}