{"id":11713,"date":"2021-06-17T07:55:08","date_gmt":"2021-06-17T07:55:08","guid":{"rendered":"http:\/\/ktbb.org\/v1\/?p=11713"},"modified":"2021-06-17T07:55:08","modified_gmt":"2021-06-17T07:55:08","slug":"merkez-lefkosa-icin-coskulu-acilis","status":"publish","type":"post","link":"https:\/\/ktbb.org\/v1\/merkez-lefkosa-icin-coskulu-acilis\/","title":{"rendered":"Merkez Lefko\u015fa i\u00e7in co\u015fkulu a\u00e7\u0131l\u0131\u015f"},"content":{"rendered":"<p>Lefko\u015fa T\u00fcrk Belediyesi\u2019nin (LTB) A\u00e7\u0131k Pazar, \u00c7ar\u015f\u0131 ve Etkinlik-Organizasyon alan\u0131 \u015feklinde haftan\u0131n 7 g\u00fcn\u00fc hizmet verecek olan, LTB tarihinin en b\u00fcy\u00fck \u00f6z kaynak yat\u0131r\u0131mlar\u0131n\u0131n ba\u015f\u0131nda gelen Merkez Lefko\u015fa d\u00fcn ger\u00e7ekle\u015ftirilen yo\u011fun kat\u0131l\u0131m ile hizmete a\u00e7\u0131ld\u0131.<\/p>\n<p>K\u00fc\u00e7\u00fck Kaymakl\u0131 B\u00f6lgesi\u2019nde, \u00d6zker \u00d6zg\u00fcr Caddesi \u00fczerinde yer alan, k\u00fclt\u00fcr, sanat, spor ve ekonomi faaliyetlerinin bir arada y\u00fcr\u00fct\u00fclebilece\u011fi merkezin a\u00e7\u0131l\u0131\u015f\u0131na \u00fclkenin d\u00f6rt bir yan\u0131ndan y\u00fczlerce yurtta\u015f kat\u0131ld\u0131.<\/p>\n<p>A\u00e7\u0131l\u0131\u015fa kat\u0131lan yurtta\u015flar, LTB Ba\u015fkan\u0131 Mehmet Harmanc\u0131 ve eme\u011fi ge\u00e7enlere Merkez Lefko\u015fa\u2019n\u0131n hayata ge\u00e7irilmesinden duyduklar\u0131 memnuniyeti ilettiler.<\/p>\n<p>Merkez Lefko\u015fa\u2019n\u0131n \u00fclkenin \u00f6nemli bir ihtiyac\u0131na cevap verecek kapasitede, \u00e7a\u011fda\u015f donan\u0131ma sahip, \u00f6zel gereksinimli bireyler de d\u00fc\u015f\u00fcn\u00fclerek tasarland\u0131\u011f\u0131n\u0131 ve bundan\u00a0 \u00a0b\u00fcy\u00fck mutluluk duyduklar\u0131n\u0131 kaydeden yurtta\u015flar, tiyatro, amfi, sergi, sportif faaliyet ve etkinlik salonu ile d\u00f6rt d\u00f6rtl\u00fck bir merkez oldu\u011funu belirttiler.<\/p>\n<p>&nbsp;<\/p>\n<p><strong>LTB Ba\u015fkan\u0131 Harmanc\u0131: \u201cYa\u015fayan ve Ya\u015fatan bir merkezimiz oldu\u201d<\/strong><br \/>\nLTB Ba\u015fkan\u0131 Mehmet Harmanc\u0131, yurtta\u015flar\u0131n \u00e7a\u011fda\u015f, modern, altyap\u0131s\u0131 d\u00fczg\u00fcn Pazar ve farkl\u0131 etkinliklere hizmet verecek bir mekana kavu\u015ftu\u011funu, merkezin b\u00f6lgeye ciddi bir de\u011fer kataca\u011f\u0131nn\u0131 s\u00f6yleyerek belediye i\u00e7in de gurur vesilesi oldu\u011funu ifade etti.<\/p>\n<p>Uzun zamandan beridir yurtta\u015flar\u0131n\u0131n belediyeden sadece bir a\u00e7\u0131k pazar yeri beklentisi oldu\u011funu, LTB\u2019nin haftada bir g\u00fcn de\u011fil herg\u00fcn ya\u015fayan bir merkez yaratt\u0131\u011f\u0131n\u0131 kaydeden Harmanc\u0131, g\u00fcn\u00fcn sonunda bunu ba\u015farman\u0131n gururunu ya\u015fad\u0131klar\u0131n\u0131 s\u00f6yledi.<\/p>\n<p>Merkezinin yap\u0131m\u0131nda katk\u0131da bulunan TC Lefko\u015fa B\u00fcy\u00fckel\u00e7ili\u011fi Kalk\u0131nma Ve Ekonomik \u0130\u015fbirli\u011fi Ofisine\u2019de te\u015fekk\u00fcr eden Harmanc\u0131, s\u00f6zlerini \u015f\u00f6yle s\u00fcrd\u00fcrd\u00fc:<br \/>\n\u201cMerkezin %85\u2019lik finasmanl\u0131\u011f\u0131n\u0131 sa\u011flayan Lefko\u015fal\u0131lara da elbette b\u00fcy\u00fck bir te\u015fekk\u00fcr bor\u00e7luyuz. Anlay\u0131\u015fla ve sab\u0131rla Merkez Lefko\u015fa\u2019n\u0131n yap\u0131m\u0131n\u0131 beklediler.<\/p>\n<p>G\u00fcn\u00fcn sonunda ba\u015fkente ya\u015f\u0131k\u0131r bir merkez yaratt\u0131k. T\u00fcm ekip arkada\u015flar\u0131ma te\u015fekk\u00fcrler. Ya\u015fayan ve ya\u015fatan bir merkezimiz oldu. Lefko\u015fa\u2019m\u0131za ve \u00fclkemize hay\u0131rl\u0131 olsun.\u201d<\/p>\n<p>&nbsp;<\/p>\n<p><strong>Sat\u0131\u015f standlar\u0131na yo\u011fun ilgi<\/strong><\/p>\n<p>Yurtta\u015flar, etkinlik boyunca yiyecek-i\u00e7ecek standlar\u0131, el i\u015fi ve tasar\u0131m \u00fcr\u00fcnleri standlar\u0131, organik ve do\u011fal \u00fcr\u00fcn standlar\u0131 ile kitap-oyuncak-elektronik e\u015fya standlar\u0131na b\u00fcy\u00fck ilgi g\u00f6stererek, bol bol al\u0131\u015fveri\u015f yapma imkan\u0131 buldu.<\/p>\n<p>&nbsp;<\/p>\n<p><strong>Etkinlikte \u00e7ocuklar i\u00e7in \u00e7e\u015fitli aktiviteler d\u00fczenlendi<\/strong><\/p>\n<p>Pijamaskeliler ile \u0130tfaiyeci Sam \u00e7izgi filmleri ile keyifli dakikalar ge\u00e7iren \u00e7ocuklar, etkinlik boyunca ger\u00e7ekle\u015ftirilen, y\u00fcz boyama, mandala boyama, kutu oyunlar\u0131 ve oyun hamurlar\u0131 ile e\u011flenceye doydu.<\/p>\n<p>&nbsp;<\/p>\n<p><strong>Eril Cambaz, DJ Serdar Eren ile Yuka Blend Dance Team konuklara keyifli saatler ya\u015fatt\u0131 <\/strong><\/p>\n<p>A\u00e7\u0131l\u0131\u015fta sahne alan \u00fclkemizin sevilen sanat\u00e7\u0131lar\u0131ndan Eril Cambaz ile ba\u015far\u0131l\u0131 DJ\u2019lerinden Serdar Eren konuklara keyifli ve ne\u015feli anlar ya\u015fat\u0131rken, Yuka Blend Dance Team de sergiledi\u011fi ba\u015far\u0131l\u0131 performans ile g\u00f6z doldurdu.<\/p>\n<p>&nbsp;<\/p>\n<p><strong>Merkez Lefko\u015fa 12 bin metrekarelik bir alana sahip<br \/>\n<\/strong>7.5 Milyon TL\u2019si \u00f6z kaynak olmak \u00fczere 9 Milyon TL\u2019lik yat\u0131r\u0131m ile 12.000 metrekarelik bir alanda in\u015fa edilen ve 410 ara\u00e7 kapasiteli park alan\u0131na sahip Merkez Lefko\u015fa\u2019da 300\u2019den fazla stand yer alacak.<\/p>\n<p>85 ki\u015filik \u00e7ok ama\u00e7l\u0131 toplant\u0131 salonu ve amfi, farkl\u0131 pazar konseptleri ile haftan\u0131n 7 g\u00fcn\u00fc hizmet verecek merkezde, 105 metrekarelik \u00e7ocuk oyun alan\u0131, terasl\u0131 restoran ve kafe yer al\u0131yor. T\u00fcm alanlarda \u00fccretsiz internetin sa\u011fland\u0131\u011f\u0131 merkez tamamen engelsiz bir yap\u0131 olarak tasarland\u0131.<\/p>\n","protected":false},"excerpt":{"rendered":"<p>Lefko\u015fa T\u00fcrk Belediyesi\u2019nin (LTB) A\u00e7\u0131k Pazar, \u00c7ar\u015f\u0131 ve Etkinlik-Organizasyon alan\u0131 [&hellip;]<\/p>\n","protected":false},"author":10,"featured_media":11714,"comment_status":"open","ping_status":"closed","sticky":false,"template":"","format":"standard","meta":{"footnotes":""},"categories":[9],"tags":[],"class_list":["post-11713","post","type-post","status-publish","format-standard","has-post-thumbnail","hentry","category-uyelerimizin-haberleri"],"_links":{"self":[{"href":"https:\/\/ktbb.org\/v1\/wp-json\/wp\/v2\/posts\/11713","targetHints":{"allow":["GET"]}}],"collection":[{"href":"https:\/\/ktbb.org\/v1\/wp-json\/wp\/v2\/posts"}],"about":[{"href":"https:\/\/ktbb.org\/v1\/wp-json\/wp\/v2\/types\/post"}],"author":[{"embeddable":true,"href":"https:\/\/ktbb.org\/v1\/wp-json\/wp\/v2\/users\/10"}],"replies":[{"embeddable":true,"href":"https:\/\/ktbb.org\/v1\/wp-json\/wp\/v2\/comments?post=11713"}],"version-history":[{"count":1,"href":"https:\/\/ktbb.org\/v1\/wp-json\/wp\/v2\/posts\/11713\/revisions"}],"predecessor-version":[{"id":11715,"href":"https:\/\/ktbb.org\/v1\/wp-json\/wp\/v2\/posts\/11713\/revisions\/11715"}],"wp:featuredmedia":[{"embeddable":true,"href":"https:\/\/ktbb.org\/v1\/wp-json\/wp\/v2\/media\/11714"}],"wp:attachment":[{"href":"https:\/\/ktbb.org\/v1\/wp-json\/wp\/v2\/media?parent=11713"}],"wp:term":[{"taxonomy":"category","embeddable":true,"href":"https:\/\/ktbb.org\/v1\/wp-json\/wp\/v2\/categories?post=11713"},{"taxonomy":"post_tag","embeddable":true,"href":"https:\/\/ktbb.org\/v1\/wp-json\/wp\/v2\/tags?post=11713"}],"curies":[{"name":"wp","href":"https:\/\/api.w.org\/{rel}","templated":true}]}}