{"id":11730,"date":"2021-06-17T12:24:06","date_gmt":"2021-06-17T12:24:06","guid":{"rendered":"http:\/\/ktbb.org\/v1\/?p=11730"},"modified":"2021-06-17T12:24:06","modified_gmt":"2021-06-17T12:24:06","slug":"gonyeli-belediyesinde-toplu-is-sozlesmesi-imzalandi","status":"publish","type":"post","link":"https:\/\/ktbb.org\/v1\/gonyeli-belediyesinde-toplu-is-sozlesmesi-imzalandi\/","title":{"rendered":"G\u00f6nyeli Belediyesi\u2019nde Toplu \u0130\u015f S\u00f6zle\u015fmesi imzaland\u0131"},"content":{"rendered":"<p>G\u00f6nyeli Belediyesi ile belediyede \u00f6rg\u00fctl\u00fc sendika Dev-\u0130\u015f aras\u0131nda 2021-2022 y\u0131llar\u0131n\u0131 kapsayan toplu i\u015f s\u00f6zle\u015fmesi imzaland\u0131.<\/p>\n<p>&nbsp;<\/p>\n<p>G\u00f6nyeli Belediyesi Hizmet Binas\u0131\u2019nda ger\u00e7ekle\u015ftirilen imza t\u00f6reni ile 2021-2022 y\u0131llar\u0131n\u0131 kapsayan Toplu \u0130\u015f S\u00f6zle\u015fmesi\u2019nin her y\u0131l yenilenen sosyal haklar ve parasal k\u0131sm\u0131n\u0131n g\u00f6r\u00fc\u015f\u00fcl\u00fcp sonu\u00e7land\u0131r\u0131ld\u0131\u011f\u0131 ifade edildi.<\/p>\n<p>&nbsp;<\/p>\n<p>G\u00f6nyeli Belediyesi\u2019nden yap\u0131lan a\u00e7\u0131klamada \u201c\u00fclkemiz pandemi ko\u015fullar\u0131nda gerek sendika gerek i\u015fveren olarak G\u00f6nyeli Belediyesi Ba\u015fkanl\u0131\u011f\u0131 ve meclisin bu konuyu de\u011ferlendirilmi\u015f ve mevcut haklar\u0131n korunmas\u0131 \u00fczerinden sendika ile mutabakata var\u0131ld\u0131\u201d denildi.<\/p>\n<p>&nbsp;<\/p>\n<p><strong>\u201cHem \u00e7al\u0131\u015fanlar\u0131 hem de G\u00f6nyeli halk\u0131n\u0131 d\u00fc\u015f\u00fcn\u00fcyoruz\u201d<\/strong><\/p>\n<p>&nbsp;<\/p>\n<p>G\u00f6nyeli Belediye Ba\u015fkan\u0131 Ahmet Yal\u00e7\u0131n Benli imza etkinli\u011finde yapt\u0131\u011f\u0131 a\u00e7\u0131klamada pandemi s\u00fcre\u00e7lerinde h\u00fck\u00fcmet ve baz\u0131 belediyelerin do\u011fal olarak i\u00e7inde bulundu\u011fu s\u0131k\u0131nt\u0131lar nedeniyle maa\u015flar\u0131 \u00f6demede gecikti\u011fini ifade ederek \u00a0bu ko\u015fullarda G\u00f6nyeli Belediyesi\u2019nin g\u00fc\u00e7l\u00fc yap\u0131s\u0131ndan kaynaklanan ve \u00e7al\u0131\u015fanlar\u0131n haklar\u0131na g\u00f6sterdi\u011fi sayg\u0131dan dolay\u0131 t\u00fcm bu s\u00fcre\u00e7lerde hi\u00e7bir \u00f6demeyi aksatmadan bug\u00fcnlere geldi\u011fini belirtti.<\/p>\n<p>&nbsp;<\/p>\n<p>Benli, \u201cBir belediye y\u00f6netiminin iki tane itibar\u0131 olur. \u00a0Bir tanesi halk\u0131na verdi\u011fi hizmetin azami \u015fekilde verilebilmi\u015f olmas\u0131. \u0130kincisi de \u00e7al\u0131\u015fanlar\u0131n\u0131n refah\u0131d\u0131r. Bu ba\u011flamda da her ikisini g\u00f6zeten belediye y\u00f6netimimiz bunu b\u00fct\u00e7e dengeler esas\u0131nda g\u00f6t\u00fcrmektedir. B\u00fct\u00e7e dengeleri genel kabul g\u00f6ren oranlara uygun d\u00fczeye oturtulmu\u015f durumdad\u0131r. Bu refah\u0131 oturtmak i\u00e7in de g\u00fc\u00e7l\u00fc bir belediye b\u00fct\u00e7esine sahip olmak gerek. G\u00f6nyeli Belediyesi bu ko\u015fullarda en g\u00fc\u00e7l\u00fc belediyedir. Sonu\u00e7 olarak da gerek \u00e7al\u0131\u015fan\u0131n\u0131n refah\u0131n\u0131 gerekse G\u00f6nyeli halk\u0131n\u0131n hizmet hakk\u0131n\u0131 m\u00fcmk\u00fcn olan en iyi d\u00fczeyde tutmaktad\u0131r. Bu s\u00fcre\u00e7 eme\u011fi ge\u00e7en belediye meclisimizin \u00fcyelerine ve sendikadaki yetkili arkada\u015flar\u0131ma da te\u015fekk\u00fcr ederim\u201d diye konu\u015ftu.<\/p>\n<p>&nbsp;<\/p>\n<p>A\u015fam:<\/p>\n<p>Dev-\u0130\u015f Genel Sekreteri Koral A\u015fam ise yapt\u0131\u011f\u0131 a\u00e7\u0131klamada bir bu\u00e7uk y\u0131ld\u0131r pandemi s\u00fcrecinde daralan ekonomi i\u00e7erisinde herkes gibi belediyelerin de kendi b\u00fct\u00e7esi i\u00e7erisinde belli \u015feylere dikkat etmek zorunda kald\u0131\u011f\u0131n\u0131 ifade etti. A\u015fam, G\u00f6nyeli Belediyesi\u2019nin bu anlamda kendi mali imk\u00e2nlar\u0131n\u0131 en verimli \u015fekilde kulland\u0131\u011f\u0131n\u0131 belirterek hem \u00e7al\u0131\u015fan\u0131n toplu i\u015f s\u00f6zle\u015fmesindeki haklar\u0131na hem de G\u00f6nyeli halk\u0131n\u0131n bekledi\u011fi hizmetleri aksatmadan verdi\u011fini s\u00f6yledi.<\/p>\n<p>A\u015fam, \u00e7al\u0131\u015fma bar\u0131\u015f\u0131 i\u00e7erisinde toplu i\u015f s\u00f6zle\u015fmesini imzalad\u0131klar\u0131n\u0131 kaydederek bu anla\u015fmaya katk\u0131 koyan belediye meclis \u00fcyelerine ve Ba\u015fkan Benli\u2019ye te\u015fekk\u00fcr etti.<\/p>\n","protected":false},"excerpt":{"rendered":"<p>G\u00f6nyeli Belediyesi ile belediyede \u00f6rg\u00fctl\u00fc sendika Dev-\u0130\u015f aras\u0131nda 2021-2022 y\u0131llar\u0131n\u0131 [&hellip;]<\/p>\n","protected":false},"author":10,"featured_media":11732,"comment_status":"open","ping_status":"closed","sticky":false,"template":"","format":"standard","meta":{"footnotes":""},"categories":[9],"tags":[],"class_list":["post-11730","post","type-post","status-publish","format-standard","has-post-thumbnail","hentry","category-uyelerimizin-haberleri"],"_links":{"self":[{"href":"https:\/\/ktbb.org\/v1\/wp-json\/wp\/v2\/posts\/11730","targetHints":{"allow":["GET"]}}],"collection":[{"href":"https:\/\/ktbb.org\/v1\/wp-json\/wp\/v2\/posts"}],"about":[{"href":"https:\/\/ktbb.org\/v1\/wp-json\/wp\/v2\/types\/post"}],"author":[{"embeddable":true,"href":"https:\/\/ktbb.org\/v1\/wp-json\/wp\/v2\/users\/10"}],"replies":[{"embeddable":true,"href":"https:\/\/ktbb.org\/v1\/wp-json\/wp\/v2\/comments?post=11730"}],"version-history":[{"count":1,"href":"https:\/\/ktbb.org\/v1\/wp-json\/wp\/v2\/posts\/11730\/revisions"}],"predecessor-version":[{"id":11733,"href":"https:\/\/ktbb.org\/v1\/wp-json\/wp\/v2\/posts\/11730\/revisions\/11733"}],"wp:featuredmedia":[{"embeddable":true,"href":"https:\/\/ktbb.org\/v1\/wp-json\/wp\/v2\/media\/11732"}],"wp:attachment":[{"href":"https:\/\/ktbb.org\/v1\/wp-json\/wp\/v2\/media?parent=11730"}],"wp:term":[{"taxonomy":"category","embeddable":true,"href":"https:\/\/ktbb.org\/v1\/wp-json\/wp\/v2\/categories?post=11730"},{"taxonomy":"post_tag","embeddable":true,"href":"https:\/\/ktbb.org\/v1\/wp-json\/wp\/v2\/tags?post=11730"}],"curies":[{"name":"wp","href":"https:\/\/api.w.org\/{rel}","templated":true}]}}