{"id":11737,"date":"2021-06-17T12:37:56","date_gmt":"2021-06-17T12:37:56","guid":{"rendered":"http:\/\/ktbb.org\/v1\/?p=11737"},"modified":"2021-06-17T12:37:56","modified_gmt":"2021-06-17T12:37:56","slug":"girne-belediye-baskani-gungordu-konyada-onemli-gorusmeler-gerceklestirdi","status":"publish","type":"post","link":"https:\/\/ktbb.org\/v1\/girne-belediye-baskani-gungordu-konyada-onemli-gorusmeler-gerceklestirdi\/","title":{"rendered":"Girne Belediye Ba\u015fkan\u0131 G\u00fcng\u00f6rd\u00fc, Konya\u2019da \u00f6nemli g\u00f6r\u00fc\u015fmeler ger\u00e7ekle\u015ftirdi"},"content":{"rendered":"<p><strong>Girne Belediye Ba\u015fkan\u0131 Nidai G\u00fcng\u00f6rd\u00fc, 13-16 Haziran 2021 tarihleri aras\u0131nda K. T. Belediyeler Birli\u011fi Heyeti ile Konya\u2019da temaslarda bulundu.<\/strong><\/p>\n<p>K. T. Belediyeler Birli\u011fi ile T\u00fcrkiye Belediyeler Birli\u011fi aras\u0131nda ekonomik, sosyal ve k\u00fclt\u00fcrel alanda i\u015f birli\u011fini art\u0131rmak amac\u0131yla imzalanan i\u015f birli\u011fi protokol\u00fc kapsam\u0131ndaki ziyaret Konya B\u00fcy\u00fck\u015fehir Belediyesi\u2019nin daveti \u00fczerine ger\u00e7ekle\u015ftirildi.<\/p>\n<p>Girne Belediye Ba\u015fkan\u0131 Nidai G\u00fcng\u00f6rd\u00fc\u2019ye, Girne Belediyesi M\u00fcd\u00fcr Muavini H\u00fcseyin K\u00f6le de e\u015flik etti. G\u00fcng\u00f6rd\u00fc, bir araya geldi\u011fi Konya Valisi Vahdettin \u00d6zkan, Konya B\u00fcy\u00fck\u015fehir Belediye Ba\u015fkan\u0131 U\u011fur \u0130brahim Altay ile \u00f6nemli g\u00f6r\u00fc\u015fmeler ger\u00e7ekle\u015ftirdi. Girne Belediye Ba\u015fkan\u0131 Nidai G\u00fcng\u00f6rd\u00fc, Sel\u00e7uklu Belediye Ba\u015fkan\u0131 Ahmet Pekyat\u0131rmac\u0131, Meram Belediye Ba\u015fkan\u0131 Mustafa Kavu\u015f ve Karatay Belediye Ba\u015fkan\u0131 Hasan K\u0131lca ile de ayr\u0131 ayr\u0131 bir araya geldi.<\/p>\n<p>&nbsp;<\/p>\n<p><strong>\u201cGirne Belediyesi \u00f6zelinde i\u015f birli\u011finin geli\u015ftirilmesi i\u00e7in \u00e7al\u0131\u015faca\u011f\u0131z\u201d<\/strong><\/p>\n<p>Konya temaslar\u0131n\u0131 de\u011ferlendiren Girne Belediye Ba\u015fkan\u0131 Nidai G\u00fcng\u00f6rd\u00fc, \u00e7ok \u00f6nemli temaslar ger\u00e7ekle\u015ftirdiklerini, bir araya geldikleri il\u00e7e belediyeleri ile de Girne Belediyesi \u00f6zelinde i\u015fbirli\u011finin geli\u015ftirilmesi konusunda isti\u015farelerde bulunduklar\u0131n\u0131 s\u00f6yledi.<\/p>\n<p>G\u00fcng\u00f6rd\u00fc ayr\u0131ca, kat\u0131ld\u0131klar\u0131 ve uzmanlar\u0131n \u00c7evre, S\u0131f\u0131r At\u0131k, Tar\u0131msal Hizmet \u00c7al\u0131\u015fmalar\u0131, Sa\u011fl\u0131k ve Sosyal Hizmetler, Gen\u00e7lik Projeleri ve Ula\u015f\u0131m gibi konularda sunumlar\u0131n\u0131n yer ald\u0131\u011f\u0131 \u0130sti\u015fare ve Tecr\u00fcbe Payla\u015f\u0131m\u0131 Program\u0131\u2019n\u0131n da \u00e7ok faydal\u0131 ge\u00e7ti\u011fini ifade etti.<\/p>\n<p>G\u00fcng\u00f6rd\u00fc, K. T. Belediyeler Birli\u011fi ile T\u00fcrkiye Belediyeler Birli\u011fi aras\u0131nda imzalanan protokol neticesinde s\u00fcrd\u00fcr\u00fclen \u00e7al\u0131\u015fmalar\u0131n \u00f6nemli oldu\u011funu, arzular\u0131n\u0131n T\u00fcrkiye ve Kuzey K\u0131br\u0131s T\u00fcrk Cumhuriyeti\u2019ndeki belediyeler aras\u0131ndaki ili\u015fkilerin daha da geli\u015ftirilerek, hem tecr\u00fcbe hem de i\u015fbirli\u011fi noktas\u0131nda daha ileriye g\u00f6t\u00fcr\u00fclmesi oldu\u011funu kaydetti.<\/p>\n","protected":false},"excerpt":{"rendered":"<p>Girne Belediye Ba\u015fkan\u0131 Nidai G\u00fcng\u00f6rd\u00fc, 13-16 Haziran 2021 tarihleri aras\u0131nda [&hellip;]<\/p>\n","protected":false},"author":10,"featured_media":11738,"comment_status":"open","ping_status":"closed","sticky":false,"template":"","format":"standard","meta":{"footnotes":""},"categories":[9],"tags":[],"class_list":["post-11737","post","type-post","status-publish","format-standard","has-post-thumbnail","hentry","category-uyelerimizin-haberleri"],"_links":{"self":[{"href":"https:\/\/ktbb.org\/v1\/wp-json\/wp\/v2\/posts\/11737","targetHints":{"allow":["GET"]}}],"collection":[{"href":"https:\/\/ktbb.org\/v1\/wp-json\/wp\/v2\/posts"}],"about":[{"href":"https:\/\/ktbb.org\/v1\/wp-json\/wp\/v2\/types\/post"}],"author":[{"embeddable":true,"href":"https:\/\/ktbb.org\/v1\/wp-json\/wp\/v2\/users\/10"}],"replies":[{"embeddable":true,"href":"https:\/\/ktbb.org\/v1\/wp-json\/wp\/v2\/comments?post=11737"}],"version-history":[{"count":1,"href":"https:\/\/ktbb.org\/v1\/wp-json\/wp\/v2\/posts\/11737\/revisions"}],"predecessor-version":[{"id":11739,"href":"https:\/\/ktbb.org\/v1\/wp-json\/wp\/v2\/posts\/11737\/revisions\/11739"}],"wp:featuredmedia":[{"embeddable":true,"href":"https:\/\/ktbb.org\/v1\/wp-json\/wp\/v2\/media\/11738"}],"wp:attachment":[{"href":"https:\/\/ktbb.org\/v1\/wp-json\/wp\/v2\/media?parent=11737"}],"wp:term":[{"taxonomy":"category","embeddable":true,"href":"https:\/\/ktbb.org\/v1\/wp-json\/wp\/v2\/categories?post=11737"},{"taxonomy":"post_tag","embeddable":true,"href":"https:\/\/ktbb.org\/v1\/wp-json\/wp\/v2\/tags?post=11737"}],"curies":[{"name":"wp","href":"https:\/\/api.w.org\/{rel}","templated":true}]}}