{"id":11740,"date":"2021-06-18T06:31:28","date_gmt":"2021-06-18T06:31:28","guid":{"rendered":"http:\/\/ktbb.org\/v1\/?p=11740"},"modified":"2021-06-18T06:31:28","modified_gmt":"2021-06-18T06:31:28","slug":"gazimagusa-belediyesinde-toplu-is-sozlesmesi-imzalandi-2","status":"publish","type":"post","link":"https:\/\/ktbb.org\/v1\/gazimagusa-belediyesinde-toplu-is-sozlesmesi-imzalandi-2\/","title":{"rendered":"Gazima\u011fusa Belediyesi&#8217;nde Toplu \u0130\u015f S\u00f6zle\u015fmesi imzaland\u0131"},"content":{"rendered":"<p>Gazima\u011fusa Belediyesi ile Ma\u011fusa T\u00fcrk Genel \u0130\u015f Sendikas\u0131 aras\u0131nda 1 Ocak 2021 ile 31 Aral\u0131k 2022 y\u0131llar\u0131n\u0131 kapsayan Toplu \u0130\u015f S\u00f6zle\u015fmesi bug\u00fcn Belediyede d\u00fczenlenen t\u00f6renle imzaland\u0131. Toplu \u0130\u015f S\u00f6zle\u015fmesi\u2019ne Gazima\u011fusa Belediyesi Ba\u015fkan\u0131 \u0130smail Arter ile Ma\u011fusa T\u00fcrk Genel \u0130\u015f Sendikas\u0131 Ba\u015fkan\u0131 Do\u011fan \u00d6z\u00fc\u015fen imza koyarken, y\u00f6netim kurulu \u00fcyeleri de t\u00f6rende haz\u0131r bulundu. Yeni imzalanan Toplu \u0130\u015f S\u00f6zle\u015fmesi\u2019ne g\u00f6re aile yard\u0131m\u0131, 1 may\u0131s, sa\u011fl\u0131k, evlenme ve do\u011fum yard\u0131mlar\u0131 gibi yan haklara art\u0131\u015f yap\u0131ld\u0131.<\/p>\n<p>Gazima\u011fusa Belediye Ba\u015fkan\u0131 \u0130smail Arter konu\u015fmas\u0131nda, Gazima\u011fusa Belediyesi\u2019nde \u00f6rg\u00fctl\u00fc Ma\u011fusa T\u00fcrk Genel \u0130\u015f Sendikas\u0131 ile Toplu \u0130\u015f S\u00f6zle\u015fmesi\u2019nin imzalanmas\u0131n\u0131n g\u00fcndemlerinde oldu\u011funu, i\u00e7inde bulundu\u011fumuz pandemi s\u00fcrecinin t\u00fcm kurum, kurulu\u015f ve devleti hem sa\u011fl\u0131k hem ekonomik a\u00e7\u0131dan etkilendi\u011fini, Mart 2020\u2019den itibaren hem artan hem \u00e7e\u015fitlenen g\u00f6revleri Belediye olarak lay\u0131k\u0131yla yapt\u0131klar\u0131n\u0131 s\u00f6yleyerek, bu nedenle t\u00fcm \u00e7al\u0131\u015fanlara ve sendika y\u00f6netimine te\u015fekk\u00fcr etti. Ba\u015fkan \u0130smail Arter, her t\u00fcrl\u00fc s\u0131k\u0131nt\u0131ya ra\u011fmen \u00e7al\u0131\u015fan\u0131n al\u0131n terinin kar\u015f\u0131l\u0131\u011f\u0131n\u0131 almas\u0131 gerekti\u011fini ifade ederek, i\u015fverenler ile sendikalar aras\u0131nda zaman zaman s\u00fcrt\u00fc\u015fmeler ya\u015fand\u0131\u011f\u0131n\u0131 duyduklar\u0131n\u0131, Belediyede de gergin zamanlar\u0131n oldu\u011funu ancak \u00e7al\u0131\u015fan\u0131n eme\u011finin ve al\u0131n terinin kar\u015f\u0131l\u0131\u011f\u0131n\u0131n verilmesi gerekti\u011fini yeniden kaydetti. 1 Ocak 2021 ile 31 Aral\u0131k 2022 tarihleri aras\u0131nda ge\u00e7erli olacak Toplu \u0130\u015f S\u00f6zle\u015fmesi\u2019nde haklar\u0131n geli\u015ftirildi\u011fini ve baz\u0131 art\u0131\u015flar yap\u0131ld\u0131\u011f\u0131n\u0131 ifade eden Ba\u015fkan Arter, \u2018al\u0131n terinin kar\u015f\u0131l\u0131\u011f\u0131 olmas\u0131 gerekir\u2019 d\u00fc\u015f\u00fcncesiyle bunu tart\u0131\u015ft\u0131rmad\u0131\u011f\u0131n\u0131, Sendikan\u0131n da a\u015f\u0131r\u0131 talebi olmad\u0131\u011f\u0131 i\u00e7in te\u015fekk\u00fcr etti. Ba\u015fkan Arter, \u201cSendika ve \u00e7al\u0131\u015fanlar\u0131m\u0131z memnun, biz de memnun bir \u015fekilde bu imzay\u0131 bug\u00fcn koyuyoruz.\u201d diyerek, toplu i\u015f s\u00f6zle\u015fmesinin hay\u0131rl\u0131 olmas\u0131n\u0131 diledi.<\/p>\n<p>Ma\u011fusa T\u00fcrk Genel \u0130\u015f Sendikas\u0131 Ba\u015fkan\u0131 Do\u011fan \u00d6z\u00fc\u015fen ise, \u00fclkenin i\u00e7inde bulundu\u011fu ekonomik ko\u015fullar g\u00f6z \u00f6n\u00fcnde bulunduruldu\u011funda \u00e7al\u0131\u015fanlar\u0131n haklar\u0131n\u0131 daha iyi bir noktaya ta\u015f\u0131yan bir Toplu \u0130\u015f S\u00f6zle\u015fmesi\u2019ni hayata ge\u00e7irdikleri i\u00e7in memnun olduklar\u0131n\u0131, \u00e7al\u0131\u015fanlardan yana tav\u0131r koyarak kendilerine destek olan Ba\u015fkan \u0130smail Arter\u2019e te\u015fekk\u00fcr etti.<\/p>\n<p>&nbsp;<\/p>\n<p>&nbsp;<\/p>\n","protected":false},"excerpt":{"rendered":"<p>Gazima\u011fusa Belediyesi ile Ma\u011fusa T\u00fcrk Genel \u0130\u015f Sendikas\u0131 aras\u0131nda 1 [&hellip;]<\/p>\n","protected":false},"author":10,"featured_media":11741,"comment_status":"open","ping_status":"closed","sticky":false,"template":"","format":"standard","meta":{"footnotes":""},"categories":[9],"tags":[],"class_list":["post-11740","post","type-post","status-publish","format-standard","has-post-thumbnail","hentry","category-uyelerimizin-haberleri"],"_links":{"self":[{"href":"https:\/\/ktbb.org\/v1\/wp-json\/wp\/v2\/posts\/11740","targetHints":{"allow":["GET"]}}],"collection":[{"href":"https:\/\/ktbb.org\/v1\/wp-json\/wp\/v2\/posts"}],"about":[{"href":"https:\/\/ktbb.org\/v1\/wp-json\/wp\/v2\/types\/post"}],"author":[{"embeddable":true,"href":"https:\/\/ktbb.org\/v1\/wp-json\/wp\/v2\/users\/10"}],"replies":[{"embeddable":true,"href":"https:\/\/ktbb.org\/v1\/wp-json\/wp\/v2\/comments?post=11740"}],"version-history":[{"count":1,"href":"https:\/\/ktbb.org\/v1\/wp-json\/wp\/v2\/posts\/11740\/revisions"}],"predecessor-version":[{"id":11742,"href":"https:\/\/ktbb.org\/v1\/wp-json\/wp\/v2\/posts\/11740\/revisions\/11742"}],"wp:featuredmedia":[{"embeddable":true,"href":"https:\/\/ktbb.org\/v1\/wp-json\/wp\/v2\/media\/11741"}],"wp:attachment":[{"href":"https:\/\/ktbb.org\/v1\/wp-json\/wp\/v2\/media?parent=11740"}],"wp:term":[{"taxonomy":"category","embeddable":true,"href":"https:\/\/ktbb.org\/v1\/wp-json\/wp\/v2\/categories?post=11740"},{"taxonomy":"post_tag","embeddable":true,"href":"https:\/\/ktbb.org\/v1\/wp-json\/wp\/v2\/tags?post=11740"}],"curies":[{"name":"wp","href":"https:\/\/api.w.org\/{rel}","templated":true}]}}