{"id":11744,"date":"2021-06-18T10:33:55","date_gmt":"2021-06-18T10:33:55","guid":{"rendered":"http:\/\/ktbb.org\/v1\/?p=11744"},"modified":"2021-06-18T10:33:55","modified_gmt":"2021-06-18T10:33:55","slug":"tmt-mucahitler-dernegi-gazimagusa-subesinden-artere-ziyaret","status":"publish","type":"post","link":"https:\/\/ktbb.org\/v1\/tmt-mucahitler-dernegi-gazimagusa-subesinden-artere-ziyaret\/","title":{"rendered":"TMT M\u00fccahitler Derne\u011fi Gazima\u011fusa \u015eubesi&#8217;nden Arter&#8217;e ziyaret"},"content":{"rendered":"<p>TMT M\u00fccahitler Derne\u011fi Gazima\u011fusa \u015eubesi Ba\u015fkan\u0131 Ahmet Sevin\u00e7 ve Y\u00f6netim Kurulu \u00dcyeleri Cevdet Yena\u011fral\u0131 ve Olgun \u00d6z\u00e7\u00fcr\u00fcmez Belediye Ba\u015fkan\u0131 \u0130smail Arter\u2019e bir nezaket ziyaretinde bulundu.<\/p>\n<p>Gazima\u011fusa Belediye Ba\u015fkan\u0131 \u0130smail Arter konu\u015fmas\u0131nda, TMT M\u00fccahitler Derne\u011fi Gazima\u011fusa \u015eubesi Ba\u015fkan ve Y\u00f6netim Kurulu \u00dcyelerini Belediyede g\u00f6rmekten mutlu oldu\u011funu ifade ederek, hem siyasi konular hem pandemi \u00e7al\u0131\u015fmalar\u0131 hem de Mara\u015f a\u00e7\u0131l\u0131m\u0131 ve di\u011fer projelerle ilgili hem bilgi verece\u011fini hem de derne\u011fin g\u00f6r\u00fc\u015flerini alaca\u011f\u0131n\u0131, bu isti\u015fareleri her zaman yapt\u0131klar\u0131n\u0131, kar\u015f\u0131l\u0131kl\u0131 yard\u0131mla\u015fmaya devam ettiklerini belirtti.<\/p>\n<p>TMT M\u00fccahitler Derne\u011fi Gazima\u011fusa \u015eubesi Ba\u015fkan\u0131 Ahmet Sevin\u00e7 ise, derne\u011fin varolu\u015f m\u00fccadelesinin mihenk ta\u015f\u0131 olan m\u00fccahit ve mukavemet\u00e7i bir dernek oldu\u011funu, Ba\u015fkan \u0130smail Arter\u2019i ziyaretinde ise toplumsal sorunlar\u0131 konu\u015facaklar\u0131n\u0131 ifade etti. Sevin\u00e7, Ba\u015fkan \u0130smail Arter\u2019e her zaman yanlar\u0131nda oldu\u011fu i\u00e7in te\u015fekk\u00fcr etti.<\/p>\n","protected":false},"excerpt":{"rendered":"<p>TMT M\u00fccahitler Derne\u011fi Gazima\u011fusa \u015eubesi Ba\u015fkan\u0131 Ahmet Sevin\u00e7 ve Y\u00f6netim [&hellip;]<\/p>\n","protected":false},"author":10,"featured_media":11745,"comment_status":"open","ping_status":"closed","sticky":false,"template":"","format":"standard","meta":{"footnotes":""},"categories":[9],"tags":[],"class_list":["post-11744","post","type-post","status-publish","format-standard","has-post-thumbnail","hentry","category-uyelerimizin-haberleri"],"_links":{"self":[{"href":"https:\/\/ktbb.org\/v1\/wp-json\/wp\/v2\/posts\/11744","targetHints":{"allow":["GET"]}}],"collection":[{"href":"https:\/\/ktbb.org\/v1\/wp-json\/wp\/v2\/posts"}],"about":[{"href":"https:\/\/ktbb.org\/v1\/wp-json\/wp\/v2\/types\/post"}],"author":[{"embeddable":true,"href":"https:\/\/ktbb.org\/v1\/wp-json\/wp\/v2\/users\/10"}],"replies":[{"embeddable":true,"href":"https:\/\/ktbb.org\/v1\/wp-json\/wp\/v2\/comments?post=11744"}],"version-history":[{"count":1,"href":"https:\/\/ktbb.org\/v1\/wp-json\/wp\/v2\/posts\/11744\/revisions"}],"predecessor-version":[{"id":11747,"href":"https:\/\/ktbb.org\/v1\/wp-json\/wp\/v2\/posts\/11744\/revisions\/11747"}],"wp:featuredmedia":[{"embeddable":true,"href":"https:\/\/ktbb.org\/v1\/wp-json\/wp\/v2\/media\/11745"}],"wp:attachment":[{"href":"https:\/\/ktbb.org\/v1\/wp-json\/wp\/v2\/media?parent=11744"}],"wp:term":[{"taxonomy":"category","embeddable":true,"href":"https:\/\/ktbb.org\/v1\/wp-json\/wp\/v2\/categories?post=11744"},{"taxonomy":"post_tag","embeddable":true,"href":"https:\/\/ktbb.org\/v1\/wp-json\/wp\/v2\/tags?post=11744"}],"curies":[{"name":"wp","href":"https:\/\/api.w.org\/{rel}","templated":true}]}}