{"id":11754,"date":"2021-06-19T12:20:48","date_gmt":"2021-06-19T12:20:48","guid":{"rendered":"http:\/\/ktbb.org\/v1\/?p=11754"},"modified":"2021-06-19T12:20:48","modified_gmt":"2021-06-19T12:20:48","slug":"ozcinar-babalar-gunu-bu-ayin-en-ozel-ve-anlamli-gunlerinden-biridir","status":"publish","type":"post","link":"https:\/\/ktbb.org\/v1\/ozcinar-babalar-gunu-bu-ayin-en-ozel-ve-anlamli-gunlerinden-biridir\/","title":{"rendered":"\u00d6z\u00e7\u0131nar: &#8220;Babalar G\u00fcn\u00fc, bu ay\u0131n en \u00f6zel ve anlaml\u0131 g\u00fcnlerinden biridir&#8221;"},"content":{"rendered":"<p>K. T. Belediyeler Birli\u011fi ve G\u00fczelyurt Belediye Ba\u015fkan\u0131 Mahmut \u00d6z\u00e7\u0131nar, &#8220;Babalar G\u00fcn\u00fc&#8221;n\u00fc kutlad\u0131.<\/p>\n<p>\u00d6z\u00e7\u0131nar&#8217;\u0131n mesaj\u0131 \u015f\u00f6yle:<\/p>\n<p>&#8220;Her y\u0131l Haziran ay\u0131n\u0131n \u00fc\u00e7\u00fcnc\u00fc pazar\u0131 olarak kutlanan Babalar G\u00fcn\u00fc, bu ay\u0131n en \u00f6zel ve anlaml\u0131 g\u00fcnlerinden biridir.<\/p>\n<p>Bu \u00f6zel g\u00fcn, hayatlar\u0131m\u0131z\u0131n her an\u0131nda emekleri olan, desteklerini hi\u00e7 bir zaman esirgemeyen babalar\u0131m\u0131za, sevgimizi hissettirmemize vesile olacakt\u0131r.<\/p>\n<p>Fedakarl\u0131k ve kar\u015f\u0131l\u0131ks\u0131z sevgi ile evlatlar\u0131na daha iyi bir hayat sunmak i\u00e7in \u00e7aba harcayan babalar\u0131m\u0131z\u0131n ilgi ve nasihatlerine her zaman ihtiya\u00e7 duyar\u0131z.<\/p>\n<p>Varl\u0131klar\u0131yla evlatlar\u0131n\u0131n y\u00fcre\u011fini \u0131s\u0131tan, mutluluk ve g\u00fcven veren babalar\u0131m\u0131z\u0131n \u201cBabalar G\u00fcn\u00fc\u201dn\u00fc kutlar, kendilerine sa\u011fl\u0131kl\u0131, uzun \u00f6m\u00fcrler dilerim.&#8221;<\/p>\n","protected":false},"excerpt":{"rendered":"<p>K. T. Belediyeler Birli\u011fi ve G\u00fczelyurt Belediye Ba\u015fkan\u0131 Mahmut \u00d6z\u00e7\u0131nar, [&hellip;]<\/p>\n","protected":false},"author":10,"featured_media":4479,"comment_status":"open","ping_status":"closed","sticky":false,"template":"","format":"standard","meta":{"footnotes":""},"categories":[1],"tags":[],"class_list":["post-11754","post","type-post","status-publish","format-standard","has-post-thumbnail","hentry","category-birlikten-haberler"],"_links":{"self":[{"href":"https:\/\/ktbb.org\/v1\/wp-json\/wp\/v2\/posts\/11754","targetHints":{"allow":["GET"]}}],"collection":[{"href":"https:\/\/ktbb.org\/v1\/wp-json\/wp\/v2\/posts"}],"about":[{"href":"https:\/\/ktbb.org\/v1\/wp-json\/wp\/v2\/types\/post"}],"author":[{"embeddable":true,"href":"https:\/\/ktbb.org\/v1\/wp-json\/wp\/v2\/users\/10"}],"replies":[{"embeddable":true,"href":"https:\/\/ktbb.org\/v1\/wp-json\/wp\/v2\/comments?post=11754"}],"version-history":[{"count":1,"href":"https:\/\/ktbb.org\/v1\/wp-json\/wp\/v2\/posts\/11754\/revisions"}],"predecessor-version":[{"id":11755,"href":"https:\/\/ktbb.org\/v1\/wp-json\/wp\/v2\/posts\/11754\/revisions\/11755"}],"wp:featuredmedia":[{"embeddable":true,"href":"https:\/\/ktbb.org\/v1\/wp-json\/wp\/v2\/media\/4479"}],"wp:attachment":[{"href":"https:\/\/ktbb.org\/v1\/wp-json\/wp\/v2\/media?parent=11754"}],"wp:term":[{"taxonomy":"category","embeddable":true,"href":"https:\/\/ktbb.org\/v1\/wp-json\/wp\/v2\/categories?post=11754"},{"taxonomy":"post_tag","embeddable":true,"href":"https:\/\/ktbb.org\/v1\/wp-json\/wp\/v2\/tags?post=11754"}],"curies":[{"name":"wp","href":"https:\/\/api.w.org\/{rel}","templated":true}]}}