{"id":11756,"date":"2021-06-21T06:34:26","date_gmt":"2021-06-21T06:34:26","guid":{"rendered":"http:\/\/ktbb.org\/v1\/?p=11756"},"modified":"2021-06-21T06:34:26","modified_gmt":"2021-06-21T06:34:26","slug":"adanalilar-iskelede-biraraya-geldi","status":"publish","type":"post","link":"https:\/\/ktbb.org\/v1\/adanalilar-iskelede-biraraya-geldi\/","title":{"rendered":"Adanal\u0131lar \u0130skele&#8217;de biraraya geldi"},"content":{"rendered":"<p>&nbsp;<\/p>\n<p><strong>ADAK-DER\u2019\u0130N \u0130SKELE\u2019DEK\u0130 BULU\u015eMASINA \u0130SKELE BELED\u0130YE BA\u015eKANI HASAN SADIKO\u011eLU DA E\u015eL\u0130K ETT\u0130<\/strong><\/p>\n<p><strong>TOKLU: \u201cAMACIMIZ AYRI\u015eTIRMA OLMADAN FAAL\u0130YETLER\u0130M\u0130Z\u0130 S\u00dcRD\u00dcRMEK\u201d<\/strong><\/p>\n<p><strong>SADIKO\u011eLU: \u201cHEP\u0130M\u0130Z \u015eANLI BAYRA\u011eIMIZIN ALTINDA KARDE\u015e\u00c7E YA\u015eIYORUZ\u201d<\/strong><\/p>\n<p>Kuzey K\u0131br\u0131s T\u00fcrk Cumhuriyeti\u2019nde ya\u015fayan Adanal\u0131lar\u0131 ayn\u0131 \u00e7at\u0131 alt\u0131nda bulu\u015fturmay\u0131 hedefleyen ve kuruldu\u011fu g\u00fcnden bu yana ada genelinde \u00e7ok say\u0131da \u00fcye say\u0131s\u0131na eri\u015fen Adanal\u0131lar Dayan\u0131\u015fma, Aktivite ve K\u00fclt\u00fcr Derne\u011fi(ADAK-DER) kitle toplant\u0131lar\u0131n\u0131 s\u00fcrd\u00fcr\u00fcyor. Derne\u011fin son dura\u011f\u0131 \u0130skele oldu. \u00c7ok say\u0131da Adanal\u0131\u2019n\u0131n ya\u015fam s\u00fcrd\u00fc\u011f\u00fc \u0130skele\u2019de kahvalt\u0131da bir araya gelen ADAK-DER\u2019in toplant\u0131s\u0131na \u0130skele Belediye Ba\u015fkan\u0131 Hasan Sad\u0131ko\u011flu da e\u015flik etti.\u00a0 ADAK-DER Ba\u015fkan\u0131 Ramazan Toklu, \u0130skele\u2019de kendilerine ev sahipli\u011fi yapan ve her zaman deste\u011fini \u00fczerlerinde hissettikleri \u0130skele Belediye Ba\u015fkan\u0131 Hasan Sad\u0131ko\u011flu\u2019na te\u015fekk\u00fcr etti.<\/p>\n<p>&nbsp;<\/p>\n<p><strong>TOKLU: \u201cAMACIMIZ AYRI\u015eTIRMA OLMADAN FAAL\u0130YETLER\u0130M\u0130Z\u0130 S\u00dcRD\u00dcRMEK\u201d<\/strong><\/p>\n<p>\u0130skele\u2019deki kahvalt\u0131l\u0131 toplant\u0131da \u00fcyeleri ile bir araya gelen Adanal\u0131lar Dayan\u0131\u015fma, Aktivite ve K\u00fclt\u00fcr Derne\u011fi(ADAK-DER) Ba\u015fkan\u0131 Ramazan Toklu, bir de konu\u015fma yapt\u0131. Toklu, derne\u011fin i\u00e7erisinde olan;\u00a0 dayan\u0131\u015fmay\u0131, aktiviteleri ve ayn\u0131 zamanda k\u00fclt\u00fcrlerini bar\u0131nd\u0131ran bu kelimelerden yola \u00e7\u0131kt\u0131klar\u0131n\u0131 ve bug\u00fcnlere geldiklerini ifade etti. Ellerinden geldi\u011fince ya\u015fad\u0131klar\u0131 bu co\u011frafyada k\u00fclt\u00fcrlerini ya\u015fatmay\u0131 hedeflediklerini ifade eden Ramazan Toklu, unutulan ve unutulmaya y\u00fcz tutmu\u015f \u015feyleri de gelecek nesile aktarmak i\u00e7in bu derne\u011fin kuruldu\u011funu s\u00f6yledi. Ama\u00e7lar\u0131n\u0131n birlik, beraberlik ve hi\u00e7bir zaman ayr\u0131\u015ft\u0131rma olmadan faaliyetlerini s\u00fcrd\u00fcrmek oldu\u011funu da vurgulayan ADAK-DER Ba\u015fkan\u0131, kendisi ba\u015fkan oldu\u011fu s\u00fcrece de asla derne\u011fe siyaseti bula\u015ft\u0131rmayacaklar\u0131n\u0131 da s\u00f6zlerine ekledi. Ramazan Toklu, kendilerine ev sahipli\u011fi yapan \u0130skele Belediye Ba\u015fkan\u0131 Hasan Sad\u0131ko\u011flu\u2019na da te\u015fekk\u00fcr etti.<\/p>\n<p>&nbsp;<\/p>\n<p><strong>SADIKO\u011eLU: \u201cHEP\u0130M\u0130Z \u015eANLI BAYRA\u011eIMIZIN ALTINDA KARDE\u015e\u00c7E YA\u015eIYORUZ\u201d<\/strong><\/p>\n<p>\u0130skele Belediye Ba\u015fkan\u0131 Hasan Sad\u0131ko\u011flu, \u0130skele sabah\u0131n\u0131n ADAK-DER\u2019in bulu\u015fmas\u0131 ile bug\u00fcn bir ba\u015fka g\u00fczel oldu\u011funu ifade ederek ba\u015flad\u0131\u011f\u0131 konu\u015fmas\u0131nda, Adanal\u0131lar\u0131 ayn\u0131 \u00e7at\u0131 alt\u0131nda bulu\u015fturmay\u0131 ba\u015faran ADAK-DER\u2019i \u0130skele\u2019de a\u011f\u0131rlamaktan duydu\u011fu mutlulu\u011fu dile getirdi. Kuzey K\u0131br\u0131s T\u00fcrk Cumhuriyeti\u2019nde \u015fanl\u0131 bayra\u011f\u0131n alt\u0131nda karde\u015f\u00e7e ya\u015fad\u0131klar\u0131n\u0131 belirten Ba\u015fkan Sad\u0131ko\u011flu, herkesin kendi k\u00fclt\u00fcr\u00fcn\u00fc ya\u015fatmaya devam etti\u011fini, ya\u015fatmas\u0131n\u0131n da \u00e7ok \u00f6nemli oldu\u011funu s\u00f6yledi. \u0130skele Belediyesi olarak \u0130skele\u2019de var olan kurum, kurulu\u015f ve derneklerle her zaman i\u015fbirli\u011fi i\u00e7erisinde olduklar\u0131n\u0131n da alt\u0131n\u0131 \u00e7izen Ba\u015fkan Sad\u0131ko\u011flu, \u0130skele Belediyesi olarak yine ADAK-DER\u2019in de t\u00fcm faaliyetlerinde ellerinden geldi\u011fi kadar yanlar\u0131nda olacaklar\u0131n\u0131 vurgulad\u0131<\/p>\n<p>ADAK-DER\u2019in \u0130skele\u2019deki bulu\u015fmas\u0131nda UBP \u0130skele Milletvekili Yasemin \u00d6zt\u00fcrk ile \u0130skele Belediyesi Meclis \u00dcyesi Sefa Kurukafa da yer ald\u0131.<\/p>\n<p>&nbsp;<\/p>\n<p>&nbsp;<\/p>\n","protected":false},"excerpt":{"rendered":"<p>&nbsp; ADAK-DER\u2019\u0130N \u0130SKELE\u2019DEK\u0130 BULU\u015eMASINA \u0130SKELE BELED\u0130YE BA\u015eKANI HASAN SADIKO\u011eLU DA [&hellip;]<\/p>\n","protected":false},"author":10,"featured_media":11757,"comment_status":"open","ping_status":"closed","sticky":false,"template":"","format":"standard","meta":{"footnotes":""},"categories":[9],"tags":[],"class_list":["post-11756","post","type-post","status-publish","format-standard","has-post-thumbnail","hentry","category-uyelerimizin-haberleri"],"_links":{"self":[{"href":"https:\/\/ktbb.org\/v1\/wp-json\/wp\/v2\/posts\/11756","targetHints":{"allow":["GET"]}}],"collection":[{"href":"https:\/\/ktbb.org\/v1\/wp-json\/wp\/v2\/posts"}],"about":[{"href":"https:\/\/ktbb.org\/v1\/wp-json\/wp\/v2\/types\/post"}],"author":[{"embeddable":true,"href":"https:\/\/ktbb.org\/v1\/wp-json\/wp\/v2\/users\/10"}],"replies":[{"embeddable":true,"href":"https:\/\/ktbb.org\/v1\/wp-json\/wp\/v2\/comments?post=11756"}],"version-history":[{"count":1,"href":"https:\/\/ktbb.org\/v1\/wp-json\/wp\/v2\/posts\/11756\/revisions"}],"predecessor-version":[{"id":11758,"href":"https:\/\/ktbb.org\/v1\/wp-json\/wp\/v2\/posts\/11756\/revisions\/11758"}],"wp:featuredmedia":[{"embeddable":true,"href":"https:\/\/ktbb.org\/v1\/wp-json\/wp\/v2\/media\/11757"}],"wp:attachment":[{"href":"https:\/\/ktbb.org\/v1\/wp-json\/wp\/v2\/media?parent=11756"}],"wp:term":[{"taxonomy":"category","embeddable":true,"href":"https:\/\/ktbb.org\/v1\/wp-json\/wp\/v2\/categories?post=11756"},{"taxonomy":"post_tag","embeddable":true,"href":"https:\/\/ktbb.org\/v1\/wp-json\/wp\/v2\/tags?post=11756"}],"curies":[{"name":"wp","href":"https:\/\/api.w.org\/{rel}","templated":true}]}}